{"id":84919,"date":"2020-05-09T16:18:03","date_gmt":"2020-05-09T20:18:03","guid":{"rendered":"https:\/\/linitiative.ca\/International\/cote-divoire-covid-19-entre-15-et-20-000-familles-visees-par-une-caravane-de-solidarite\/"},"modified":"2020-05-09T16:18:03","modified_gmt":"2020-05-09T20:18:03","slug":"cote-divoire-covid-19-entre-15-et-20-000-familles-visees-par-une-caravane-de-solidarite","status":"publish","type":"post","link":"https:\/\/linitiative.ca\/International\/cote-divoire-covid-19-entre-15-et-20-000-familles-visees-par-une-caravane-de-solidarite\/","title":{"rendered":"C\u00f4te d\u2019Ivoire\/Covid-19: entre 15 et 20 000 familles vis\u00e9es par une caravane de solidarit\u00e9"},"content":{"rendered":"<div readability=\"32\">\n<p>Publi\u00e9 le 09.05.2020 \u00e0 21h18 par APA News<\/p>\n<\/div>\n<div readability=\"141\">\n<p>Entre 15 et 20 000 familles sont vis\u00e9es par une caravane de solidarit\u00e9 en C\u00f4te d\u2019Ivoire, dans le cadre de la lutte contre le Covid-19, impliquant les Fondations Magic System et Didier Drogba avec l\u2019appui de l\u2019Union Europ\u00e9enne (UE) et d\u2019autres partenaires.Cette caravane de solidarit\u00e9 Covid-19, ciblant les quartiers pr\u00e9caires d\u2019Abidjan et de l\u2019int\u00e9rieur du pays, a fait des heureux samedi \u00e0 Al\u00e9p\u00e9, dans le Sud ivoirien. Le pr\u00e9fet du d\u00e9partement, Benjamin Nanou, s\u2019est r\u00e9joui de cette cha\u00eene de solidarit\u00e9, tout en remerciant les donateurs.<\/p>\n<p>Al\u00e9p\u00e9, \u00e0 l\u2019instar de plusieurs villes du pays, a \u00e9t\u00e9 touch\u00e9e par les mesures sanitaires visant \u00e0 freiner l\u2019impact de la pand\u00e9mie. Au cours de cette caravane, l\u2019on a enregistr\u00e9 la pr\u00e9sence de l\u2019ambassadeur de l\u2019Allemagne en C\u00f4te d\u2019Ivoire Micha\u00ebl Grau, celui de l\u2019UE, A\u2019Salfo pour la Fondation Magic System, \u00a0Mariam Breka de la Fondation Didier Drogba et IHS, un partenaire.<\/p>\n<p>L\u2019ambassadeur de l\u2019UE en C\u00f4te d\u2019Ivoire, Jobst Von Kirchmann, a fait savoir que cette c\u00e9r\u00e9monie de remise de vivres et de non-vivres \u00e0 Al\u00e9p\u00e9 co\u00efncide avec la Journ\u00e9e de l\u2019Europe qui repose sur les fondements de l\u2019UE, entre autres, la paix, le d\u00e9veloppement, la protection de l\u2019environnement, \u00a0l\u2019\u00e9ducation et la solidarit\u00e9.<\/p>\n<p>L\u2019UE, dira-t-il, veut \u00eatre solidaire avec la C\u00f4te d\u2019Ivoire dans cette situation de crise et ces moments tr\u00e8s difficiles pour le pays. Il a relev\u00e9 que le soutien aux populations les plus d\u00e9munies, traduit la volont\u00e9 de l\u2019Union \u00e0 \u00eatre aux c\u00f4t\u00e9s de ceux qui ont le plus besoin d\u2019aide et de solidarit\u00e9.\u00a0<\/p>\n<p>M. Micha\u00ebl Grau, ambassadeur de l\u2019Allemagne, a relat\u00e9 la longue tradition de solidarit\u00e9 avec la C\u00f4te d\u2019Ivoire. Une coop\u00e9ration qui a commenc\u00e9 en 1962, et qui actuellement vise \u00e0 mettre cette coop\u00e9ration au profit de la r\u00e9ponse du gouvernement contre la crise du Covid-19.<\/p>\n<p>\u00a0\u00ab On travaille au r\u00e9tablissement du tissu \u00e9conomique du pays \u00bb, a-t-il rassur\u00e9, avant d\u2019ajouter \u00ab nous sommes en train de pr\u00e9parer avec le minist\u00e8re des Finances des projets pour r\u00e9tablir ce tissu \u00e9conomique, ensemble avec l\u2019UE \u00bb.<\/p>\n<p>Pour sa part A\u2019Salfo s\u2019est dit \u00ab content \u00bb d\u2019\u00eatre \u00e0 la troisi\u00e8me phase de cette caravane qui commence par Al\u00e9p\u00e9 et qui va s\u2019\u00e9tendre sur d\u2019autres communes, notamment dans les quartiers d\u00e9munis, parce que la sp\u00e9cificit\u00e9 de cette phase est d\u2019\u00eatre dans la proximit\u00e9 avec les populations.<\/p>\n<p>\u00ab Nous allons parcourir des quartiers avec des ONG et des personnes qui viendront nous aider \u00e0 toucher des familles vuln\u00e9rables \u00bb, a-t-il indiqu\u00e9, \u00a0expliquant que le t\u00e9l\u00e9thon qui avait \u00e9t\u00e9 annonc\u00e9 pour venir en aide aux gens d\u00e9munis, allait \u00eatre fait apr\u00e8s cette caravane.<\/p>\n<p>\u00ab Aujourd\u2019hui, on voit que la priorit\u00e9 est de pouvoir aller au bout de nos actions avec ce que nous avons entrepris avant de mettre en place ce t\u00e9l\u00e9thon \u00bb, a pr\u00e9cis\u00e9 A\u2019Salfo, soulignant que cela sera \u00ablanc\u00e9 \u00e0 une date ult\u00e9rieure \u00bb.<\/p>\n<p>C\u2019est \u00ab entre 15 et 20 000 familles qui sont dans des quartiers pr\u00e9caires \u00e0 Abidjan et \u00e0 l\u2019int\u00e9rieur du pays \u00bb qui seront touch\u00e9es par ces dons, a-t-il poursuivi. La priorit\u00e9 reste aux populations du Grand Abidjan, encore isol\u00e9, toutefois, les villes de l\u2019int\u00e9rieur programm\u00e9es seront toutefois visit\u00e9es.<\/p>\n<p>Mme Mariam Breka, directrice ex\u00e9cutive de la Fondation Didier Drogba, dont l\u2019organisation a int\u00e9gr\u00e9 cette cha\u00eene de solidarit\u00e9 depuis avril aux c\u00f4t\u00e9s de la Fondation Magic System, de l\u2019UE et de l\u2019ambassade de l\u2019Allemagne, s\u2019est f\u00e9licit\u00e9e de cette initiative visant \u00e0 soutenir les gens d\u00e9munis. \u00a0<\/p>\n<p>\u00ab D\u00e8s que nous avons int\u00e9gr\u00e9 la cha\u00eene, nous avons fait un apport de 5 000 kits en vivres et non vivres qui ont \u00e9t\u00e9 ajout\u00e9s aux 5 000 que Magic System et l\u2019UE avaient d\u00e9j\u00e0 en stock et les autres partenaires se sont joints \u00e0 nous \u00bb, a-t-elle dit.\u00a0<\/p>\n<p>Ces kits offerts aux populations vuln\u00e9rables en C\u00f4te d\u2019Ivoire comprennent entre autres du sucre, du riz, du savon, de l\u2019huile et des gels hydro-alcooliques. L\u2019objectif \u00e9tant de soutenir le maximum de familles impact\u00e9es par la crise li\u00e9e \u00e0 la pand\u00e9mie du Covid-19. \u00a0<\/p>\n<\/div>\n<p>Auteur: APA News<br \/>\n<a href=\"https:\/\/www.journalducameroun.com\/cote-divoire-covid-19-entre-15-et-20-000-familles-visees-par-une-caravane-de-solidarite\/\">Cliquez ici pour lire l&rsquo;article depuis sa source.<\/a><\/p>\n","protected":false},"excerpt":{"rendered":"<p>Publi\u00e9 le 09.05.2020 \u00e0 21h18 par APA News Entre 15 et 20 000 familles sont vis\u00e9es par une caravane de solidarit\u00e9 en C\u00f4te d\u2019Ivoire, dans le cadre de la lutte contre le Covid-19, impliquant les Fondations Magic System et Didier Drogba avec l\u2019appui de l\u2019Union Europ\u00e9enne (UE) et d\u2019autres partenaires.Cette caravane de solidarit\u00e9 Covid-19, ciblant [&hellip;]<\/p>\n","protected":false},"author":1965,"featured_media":0,"comment_status":"closed","ping_status":"closed","sticky":false,"template":"","format":"standard","meta":{"fifu_image_url":"","fifu_image_alt":"","footnotes":""},"categories":[73,82],"tags":[],"class_list":["post-84919","post","type-post","status-publish","format-standard","hentry","category-actualite","category-cameroun"],"_links":{"self":[{"href":"https:\/\/linitiative.ca\/International\/wp-json\/wp\/v2\/posts\/84919","targetHints":{"allow":["GET"]}}],"collection":[{"href":"https:\/\/linitiative.ca\/International\/wp-json\/wp\/v2\/posts"}],"about":[{"href":"https:\/\/linitiative.ca\/International\/wp-json\/wp\/v2\/types\/post"}],"author":[{"embeddable":true,"href":"https:\/\/linitiative.ca\/International\/wp-json\/wp\/v2\/users\/1965"}],"replies":[{"embeddable":true,"href":"https:\/\/linitiative.ca\/International\/wp-json\/wp\/v2\/comments?post=84919"}],"version-history":[{"count":0,"href":"https:\/\/linitiative.ca\/International\/wp-json\/wp\/v2\/posts\/84919\/revisions"}],"wp:attachment":[{"href":"https:\/\/linitiative.ca\/International\/wp-json\/wp\/v2\/media?parent=84919"}],"wp:term":[{"taxonomy":"category","embeddable":true,"href":"https:\/\/linitiative.ca\/International\/wp-json\/wp\/v2\/categories?post=84919"},{"taxonomy":"post_tag","embeddable":true,"href":"https:\/\/linitiative.ca\/International\/wp-json\/wp\/v2\/tags?post=84919"}],"curies":[{"name":"wp","href":"https:\/\/api.w.org\/{rel}","templated":true}]}}