{"id":84921,"date":"2020-05-09T17:18:03","date_gmt":"2020-05-09T21:18:03","guid":{"rendered":"https:\/\/linitiative.ca\/International\/covid-19-la-cote-divoire-enregistre-1667-cas-confirmes-769-gueris-et-21-deces-officiel\/"},"modified":"2020-05-09T17:18:03","modified_gmt":"2020-05-09T21:18:03","slug":"covid-19-la-cote-divoire-enregistre-1667-cas-confirmes-769-gueris-et-21-deces-officiel","status":"publish","type":"post","link":"https:\/\/linitiative.ca\/International\/covid-19-la-cote-divoire-enregistre-1667-cas-confirmes-769-gueris-et-21-deces-officiel\/","title":{"rendered":"Covid-19: la C\u00f4te d\u2019Ivoire enregistre 1667 cas confirm\u00e9s, 769 gu\u00e9ris et 21 d\u00e9c\u00e8s (officiel)"},"content":{"rendered":"<div readability=\"32\">\n<p>Publi\u00e9 le 09.05.2020 \u00e0 22h18 par APA News<\/p>\n<\/div>\n<div readability=\"78\">\n<p>La pand\u00e9mie de Covid-19 en C\u00f4te d\u2019Ivoire, qui \u00e9volue \u00e0 un rythme soutenu, a enregistr\u00e9 samedi 65 nouveaux cas, portant le nombre de cas confirm\u00e9s \u00e0 1 667 dont 769 personnes gu\u00e9ries et 21 d\u00e9c\u00e8s, selon un bilan du minist\u00e8re de la Sant\u00e9 et de l\u2019hygi\u00e8ne publique.\u00ab Le minist\u00e8re de la Sant\u00e9 et de l\u2019hygi\u00e8ne publique a enregistr\u00e9 ce jour samedi 9 mai 2020, 65 nouveaux cas de Covid-19 sur 573 \u00e9chantillons pr\u00e9lev\u00e9s soit 11,3 de cas positifs, 15 gu\u00e9ris et 1 d\u00e9c\u00e8s \u00bb, indique une note officielle.\u00a0<\/p>\n<p>La C\u00f4te d\u2019Ivoire compte, \u00e0 ce jour, 1 667 cas confirm\u00e9s dont 769 personnes gu\u00e9ries, 21 d\u00e9c\u00e8s et 877 cas actifs, pr\u00e9cise le document qui rel\u00e8ve que \u00ab le nombre total d\u2019\u00e9chantillons \u00e0 la date du 9 mai 2020 est 13 341 \u00bb. Le Grand Abidjan constitue aujourd\u2019hui le foyer de la pand\u00e9mie dans le pays.<\/p>\n<p>Depuis le 21 avril 2020, aucun cas de Covid 19 n\u2019a \u00e9t\u00e9 notifi\u00e9 \u00e0 l\u2019int\u00e9rieur de la C\u00f4te d\u2019Ivoire. Selon les statistiques, tous les nouveaux cas positifs le sont dans le Grand Abidjan, qui circonscrit la capitale \u00e9conomique et ses banlieues.\u00a0<\/p>\n<p>De ce fait, l\u2019Etat de C\u00f4te d\u2019Ivoire a d\u00e9cid\u00e9 de lever le couvre-feu \u00e0 l\u2019int\u00e9rieur du pays et autoris\u00e9 la r\u00e9ouverture des \u00e9coles dans cette partie du pays. Cette mesure vient all\u00e9ger les mesures de restrictions sanitaires impos\u00e9es pour casser la cha\u00eene de propagation du Covid-19. \u00a0<\/p>\n<p>Cependant, les mesures barri\u00e8res \u00e9dict\u00e9es par le gouvernement restent en vigueur dans le Grand Abidjan, o\u00f9 les \u00e9coles pourraient rouvrir d\u00e8s le 15 mai selon l\u2019\u00e9volution de la pand\u00e9mie. En outre, toute sortie ou entr\u00e9e d\u2019Abidjan est soumise \u00e0 la d\u00e9livrance d\u2019une attestation de non infection au Covid-19.\u00a0<\/p>\n<p>Dans le Grand Abidjan, le minist\u00e8re de la Sant\u00e9 et de l\u2019hygi\u00e8ne publique juge indispensable pour les populations d\u2019int\u00e9grer dans leurs habitudes quotidiennes les mesures barri\u00e8res et de porter un masque lors des d\u00e9placements, pour se prot\u00e9ger et prot\u00e9ger les autres.<\/p>\n<\/div>\n<p>Auteur: APA News<br \/>\n<a href=\"https:\/\/www.journalducameroun.com\/covid-19-la-cote-divoire-enregistre-1667-cas-confirmes-769-gueris-et-21-deces-officiel\/\">Cliquez ici pour lire l&rsquo;article depuis sa source.<\/a><\/p>\n","protected":false},"excerpt":{"rendered":"<p>Publi\u00e9 le 09.05.2020 \u00e0 22h18 par APA News La pand\u00e9mie de Covid-19 en C\u00f4te d\u2019Ivoire, qui \u00e9volue \u00e0 un rythme soutenu, a enregistr\u00e9 samedi 65 nouveaux cas, portant le nombre de cas confirm\u00e9s \u00e0 1 667 dont 769 personnes gu\u00e9ries et 21 d\u00e9c\u00e8s, selon un bilan du minist\u00e8re de la Sant\u00e9 et de l\u2019hygi\u00e8ne publique.\u00ab [&hellip;]<\/p>\n","protected":false},"author":1965,"featured_media":0,"comment_status":"closed","ping_status":"closed","sticky":false,"template":"","format":"standard","meta":{"fifu_image_url":"","fifu_image_alt":"","footnotes":""},"categories":[73,82],"tags":[],"class_list":["post-84921","post","type-post","status-publish","format-standard","hentry","category-actualite","category-cameroun"],"_links":{"self":[{"href":"https:\/\/linitiative.ca\/International\/wp-json\/wp\/v2\/posts\/84921","targetHints":{"allow":["GET"]}}],"collection":[{"href":"https:\/\/linitiative.ca\/International\/wp-json\/wp\/v2\/posts"}],"about":[{"href":"https:\/\/linitiative.ca\/International\/wp-json\/wp\/v2\/types\/post"}],"author":[{"embeddable":true,"href":"https:\/\/linitiative.ca\/International\/wp-json\/wp\/v2\/users\/1965"}],"replies":[{"embeddable":true,"href":"https:\/\/linitiative.ca\/International\/wp-json\/wp\/v2\/comments?post=84921"}],"version-history":[{"count":0,"href":"https:\/\/linitiative.ca\/International\/wp-json\/wp\/v2\/posts\/84921\/revisions"}],"wp:attachment":[{"href":"https:\/\/linitiative.ca\/International\/wp-json\/wp\/v2\/media?parent=84921"}],"wp:term":[{"taxonomy":"category","embeddable":true,"href":"https:\/\/linitiative.ca\/International\/wp-json\/wp\/v2\/categories?post=84921"},{"taxonomy":"post_tag","embeddable":true,"href":"https:\/\/linitiative.ca\/International\/wp-json\/wp\/v2\/tags?post=84921"}],"curies":[{"name":"wp","href":"https:\/\/api.w.org\/{rel}","templated":true}]}}