{"id":84922,"date":"2020-05-09T12:36:57","date_gmt":"2020-05-09T16:36:57","guid":{"rendered":"https:\/\/linitiative.ca\/International\/covid-19-199-nouveaux-cas-zero-deces-2-989-cas-exclus-ce-samedi-a-16h\/"},"modified":"2020-05-09T12:36:57","modified_gmt":"2020-05-09T16:36:57","slug":"covid-19-199-nouveaux-cas-zero-deces-2-989-cas-exclus-ce-samedi-a-16h","status":"publish","type":"post","link":"https:\/\/linitiative.ca\/International\/covid-19-199-nouveaux-cas-zero-deces-2-989-cas-exclus-ce-samedi-a-16h\/","title":{"rendered":"Covid-19 : 199 nouveaux cas, Z\u00e9ro d\u00e9c\u00e8s, 2.989 cas exclus, ce samedi \u00e0 16h"},"content":{"rendered":"<header>\n<\/header>\n<div class=\"entry-content clearfix\" readability=\"58\"><img decoding=\"async\" class=\"post_layout_5_img\" src=\"https:\/\/aujourdhui.ma\/wp-content\/uploads\/2020\/03\/Coronavirus-covid-19.jpg\" alt=\"Covid-19 : 199 nouveaux cas, Z&#xE9;ro d&#xE9;c&#xE8;s, 2.989 cas exclus, ce samedi &#xE0; 16h\"\/><\/p>\n<p><span class=\"c7\"><strong>Cent quatre-vingt dix neuf (199) nouveaux cas d\u2019infection au coronavirus (Covid-19) ont \u00e9t\u00e9 confirm\u00e9s au Maroc pendant les derni\u00e8res 24 heures, portant \u00e0 5.910 le nombre total des cas de contamination, a annonc\u00e9 samedi le minist\u00e8re de la Sant\u00e9.<\/strong><\/span><\/p>\n<p><span id=\"more-344559\"\/><br \/>Le nombre de personnes d\u00e9clar\u00e9es gu\u00e9ries s\u2019est \u00e9lev\u00e9, jusqu\u2019\u00e0 samedi \u00e0 16H00, \u00e0 2.461 avec 137 nouvelles r\u00e9missions, a indiqu\u00e9 le directeur de l\u2019\u00e9pid\u00e9miologie et de lutte contre les maladies au minist\u00e8re de la Sant\u00e9, Mohamed El Youbi.<\/p>\n<p>Aucun nouveau d\u00e9c\u00e8s n\u2019a \u00e9t\u00e9 enregistr\u00e9 durant ces derni\u00e8res 24 heures, ce qui maintient \u00e0 186 le nombre total de d\u00e9c\u00e8s, a ajout\u00e9 le responsable, notant que 2.989 nouveaux cas ont \u00e9t\u00e9 exclus apr\u00e8s des r\u00e9sultats n\u00e9gatifs d\u2019analyses au laboratoire, portant le nombre des cas exclus \u00e0 57.149 depuis le d\u00e9but de l\u2019\u00e9pid\u00e9mie.<\/p>\n<p>Le minist\u00e8re de la sant\u00e9 invite les citoyens \u00e0 respecter les r\u00e8gles d\u2019hygi\u00e8ne et de s\u00e9curit\u00e9 sanitaire, ainsi que les mesures pr\u00e9ventives prises par les autorit\u00e9s marocaines en faisant preuve de responsabilit\u00e9 et de patriotisme.<\/p>\n<p><a href=\"https:\/\/aujourdhui.ma\/wp-content\/uploads\/2020\/05\/bilan-coronavirus-Maroc-09052020-16h00.jpg\"><img loading=\"lazy\" decoding=\"async\" class=\"alignnone size-full wp-image-344561\" src=\"https:\/\/aujourdhui.ma\/wp-content\/uploads\/2020\/05\/bilan-coronavirus-Maroc-09052020-16h00.jpg\" alt=\"\" width=\"801\" height=\"751\" srcset=\"https:\/\/aujourdhui.ma\/wp-content\/uploads\/2020\/05\/bilan-coronavirus-Maroc-09052020-16h00.jpg 801w, https:\/\/aujourdhui.ma\/wp-content\/uploads\/2020\/05\/bilan-coronavirus-Maroc-09052020-16h00-300x281.jpg 300w, https:\/\/aujourdhui.ma\/wp-content\/uploads\/2020\/05\/bilan-coronavirus-Maroc-09052020-16h00-768x720.jpg 768w\" sizes=\"auto, (max-width: 801px) 100vw, 801px\"\/><\/a> <a href=\"https:\/\/aujourdhui.ma\/wp-content\/uploads\/2020\/05\/bilan-coronavirus-Maroc-09052020-16h00-regions.jpg\"><img loading=\"lazy\" decoding=\"async\" class=\"alignnone size-full wp-image-344560\" src=\"https:\/\/aujourdhui.ma\/wp-content\/uploads\/2020\/05\/bilan-coronavirus-Maroc-09052020-16h00-regions.jpg\" alt=\"\" width=\"1151\" height=\"695\" srcset=\"https:\/\/aujourdhui.ma\/wp-content\/uploads\/2020\/05\/bilan-coronavirus-Maroc-09052020-16h00-regions.jpg 1151w, https:\/\/aujourdhui.ma\/wp-content\/uploads\/2020\/05\/bilan-coronavirus-Maroc-09052020-16h00-regions-300x181.jpg 300w, https:\/\/aujourdhui.ma\/wp-content\/uploads\/2020\/05\/bilan-coronavirus-Maroc-09052020-16h00-regions-1024x618.jpg 1024w, https:\/\/aujourdhui.ma\/wp-content\/uploads\/2020\/05\/bilan-coronavirus-Maroc-09052020-16h00-regions-768x464.jpg 768w\" sizes=\"auto, (max-width: 1151px) 100vw, 1151px\"\/><\/a><\/p>\n<\/div>\n<p>Auteur: ALM<br \/>\n<a href=\"https:\/\/aujourdhui.ma\/societe\/covid-19-199-nouveaux-cas-zero-deces-2-989-cas-exclus-ce-samedi-a-16h\">Cliquez ici pour lire l&rsquo;article depuis sa source.<\/a><\/p>\n","protected":false},"excerpt":{"rendered":"<p>Cent quatre-vingt dix neuf (199) nouveaux cas d\u2019infection au coronavirus (Covid-19) ont \u00e9t\u00e9 confirm\u00e9s au Maroc pendant les derni\u00e8res 24 heures, portant \u00e0 5.910 le nombre total des cas de contamination, a annonc\u00e9 samedi le minist\u00e8re de la Sant\u00e9. Le nombre de personnes d\u00e9clar\u00e9es gu\u00e9ries s\u2019est \u00e9lev\u00e9, jusqu\u2019\u00e0 samedi \u00e0 16H00, \u00e0 2.461 avec 137 [&hellip;]<\/p>\n","protected":false},"author":1759,"featured_media":84923,"comment_status":"closed","ping_status":"closed","sticky":false,"template":"","format":"standard","meta":{"fifu_image_url":"","fifu_image_alt":"","footnotes":""},"categories":[73,54],"tags":[],"class_list":["post-84922","post","type-post","status-publish","format-standard","has-post-thumbnail","hentry","category-actualite","category-maroc"],"_links":{"self":[{"href":"https:\/\/linitiative.ca\/International\/wp-json\/wp\/v2\/posts\/84922","targetHints":{"allow":["GET"]}}],"collection":[{"href":"https:\/\/linitiative.ca\/International\/wp-json\/wp\/v2\/posts"}],"about":[{"href":"https:\/\/linitiative.ca\/International\/wp-json\/wp\/v2\/types\/post"}],"author":[{"embeddable":true,"href":"https:\/\/linitiative.ca\/International\/wp-json\/wp\/v2\/users\/1759"}],"replies":[{"embeddable":true,"href":"https:\/\/linitiative.ca\/International\/wp-json\/wp\/v2\/comments?post=84922"}],"version-history":[{"count":0,"href":"https:\/\/linitiative.ca\/International\/wp-json\/wp\/v2\/posts\/84922\/revisions"}],"wp:featuredmedia":[{"embeddable":true,"href":"https:\/\/linitiative.ca\/International\/wp-json\/"}],"wp:attachment":[{"href":"https:\/\/linitiative.ca\/International\/wp-json\/wp\/v2\/media?parent=84922"}],"wp:term":[{"taxonomy":"category","embeddable":true,"href":"https:\/\/linitiative.ca\/International\/wp-json\/wp\/v2\/categories?post=84922"},{"taxonomy":"post_tag","embeddable":true,"href":"https:\/\/linitiative.ca\/International\/wp-json\/wp\/v2\/tags?post=84922"}],"curies":[{"name":"wp","href":"https:\/\/api.w.org\/{rel}","templated":true}]}}