{"id":84925,"date":"2020-05-10T06:26:54","date_gmt":"2020-05-10T10:26:54","guid":{"rendered":"https:\/\/linitiative.ca\/International\/coronavirus-128-nouveaux-cas-confirmes-au-maroc-6-038-au-total\/"},"modified":"2020-05-10T06:26:54","modified_gmt":"2020-05-10T10:26:54","slug":"coronavirus-128-nouveaux-cas-confirmes-au-maroc-6-038-au-total","status":"publish","type":"post","link":"https:\/\/linitiative.ca\/International\/coronavirus-128-nouveaux-cas-confirmes-au-maroc-6-038-au-total\/","title":{"rendered":"Coronavirus : 128 nouveaux cas confirm\u00e9s au Maroc, 6.038 au total"},"content":{"rendered":"<header>\n<\/header>\n<div class=\"entry-content clearfix\" readability=\"51\"><img decoding=\"async\" class=\"post_layout_5_img\" src=\"https:\/\/aujourdhui.ma\/wp-content\/uploads\/2020\/05\/Enfant-coronavirus-Maroc.jpg\" alt=\"Coronavirus : 128 nouveaux cas confirm&#xE9;s au Maroc, 6.038 au total\"\/><\/p>\n<p><span class=\"c7\"><strong>Cent-vingt-huit cas suppl\u00e9mentaires d\u2019infection au nouveau coronavirus (Covid-19) ont \u00e9t\u00e9 confirm\u00e9s au Maroc jusqu\u2019\u00e0 dimanche \u00e0 10h00, portant \u00e0 6.038 le nombre total des cas de contamination, annonce le minist\u00e8re de la Sant\u00e9.<\/strong><\/span><span id=\"more-344566\"\/><\/p>\n<p>Le nombre de cas gu\u00e9ris s\u2019\u00e9l\u00e8ve \u00e0 2.545 avec 84 nouvelles gu\u00e9risons, alors que le nombre de d\u00e9c\u00e8s s\u2019\u00e9tablit \u00e0 188 cas, pr\u00e9cise le minist\u00e8re sur le portail \u00ab\u00a0<span class=\"c8\"><strong>www.covidmaroc.ma<\/strong><\/span>\u00ab\u00a0.<\/p>\n<p>Par ailleurs, le nombre des cas exclus apr\u00e8s des r\u00e9sultats n\u00e9gatifs d\u2019analyses effectu\u00e9es au laboratoire est de 58.798, selon la m\u00eame source.<\/p>\n<p>Le minist\u00e8re invite les citoyens \u00e0 respecter les r\u00e8gles d\u2019hygi\u00e8ne et de s\u00e9curit\u00e9 sanitaire, ainsi que les mesures pr\u00e9ventives prises par les autorit\u00e9s marocaines en faisant preuve de responsabilit\u00e9 et de patriotisme.<\/p>\n<p><a href=\"https:\/\/aujourdhui.ma\/wp-content\/uploads\/2020\/05\/bilan-coronavirus-Maroc-10052020-10h00.jpg\"><img loading=\"lazy\" decoding=\"async\" class=\"alignnone size-full wp-image-344568\" src=\"https:\/\/aujourdhui.ma\/wp-content\/uploads\/2020\/05\/bilan-coronavirus-Maroc-10052020-10h00.jpg\" alt=\"\" width=\"798\" height=\"752\" srcset=\"https:\/\/aujourdhui.ma\/wp-content\/uploads\/2020\/05\/bilan-coronavirus-Maroc-10052020-10h00.jpg 798w, https:\/\/aujourdhui.ma\/wp-content\/uploads\/2020\/05\/bilan-coronavirus-Maroc-10052020-10h00-300x283.jpg 300w, https:\/\/aujourdhui.ma\/wp-content\/uploads\/2020\/05\/bilan-coronavirus-Maroc-10052020-10h00-768x724.jpg 768w\" sizes=\"auto, (max-width: 798px) 100vw, 798px\"\/><\/a> <a href=\"https:\/\/aujourdhui.ma\/wp-content\/uploads\/2020\/05\/bilan-coronavirus-Maroc-10052020-10h00-regions.jpg\"><img loading=\"lazy\" decoding=\"async\" class=\"alignnone size-full wp-image-344567\" src=\"https:\/\/aujourdhui.ma\/wp-content\/uploads\/2020\/05\/bilan-coronavirus-Maroc-10052020-10h00-regions.jpg\" alt=\"\" width=\"1136\" height=\"695\" srcset=\"https:\/\/aujourdhui.ma\/wp-content\/uploads\/2020\/05\/bilan-coronavirus-Maroc-10052020-10h00-regions.jpg 1136w, https:\/\/aujourdhui.ma\/wp-content\/uploads\/2020\/05\/bilan-coronavirus-Maroc-10052020-10h00-regions-300x184.jpg 300w, https:\/\/aujourdhui.ma\/wp-content\/uploads\/2020\/05\/bilan-coronavirus-Maroc-10052020-10h00-regions-1024x626.jpg 1024w, https:\/\/aujourdhui.ma\/wp-content\/uploads\/2020\/05\/bilan-coronavirus-Maroc-10052020-10h00-regions-768x470.jpg 768w\" sizes=\"auto, (max-width: 1136px) 100vw, 1136px\"\/><\/a><\/p>\n<\/div>\n<p>Auteur: ALM<br \/>\n<a href=\"https:\/\/aujourdhui.ma\/societe\/coronavirus-128-nouveaux-cas-confirmes-au-maroc-6-038-au-total\">Cliquez ici pour lire l&rsquo;article depuis sa source.<\/a><\/p>\n","protected":false},"excerpt":{"rendered":"<p>Cent-vingt-huit cas suppl\u00e9mentaires d\u2019infection au nouveau coronavirus (Covid-19) ont \u00e9t\u00e9 confirm\u00e9s au Maroc jusqu\u2019\u00e0 dimanche \u00e0 10h00, portant \u00e0 6.038 le nombre total des cas de contamination, annonce le minist\u00e8re de la Sant\u00e9. Le nombre de cas gu\u00e9ris s\u2019\u00e9l\u00e8ve \u00e0 2.545 avec 84 nouvelles gu\u00e9risons, alors que le nombre de d\u00e9c\u00e8s s\u2019\u00e9tablit \u00e0 188 cas, [&hellip;]<\/p>\n","protected":false},"author":1759,"featured_media":84926,"comment_status":"closed","ping_status":"closed","sticky":false,"template":"","format":"standard","meta":{"fifu_image_url":"","fifu_image_alt":"","footnotes":""},"categories":[73,54],"tags":[],"class_list":["post-84925","post","type-post","status-publish","format-standard","has-post-thumbnail","hentry","category-actualite","category-maroc"],"_links":{"self":[{"href":"https:\/\/linitiative.ca\/International\/wp-json\/wp\/v2\/posts\/84925","targetHints":{"allow":["GET"]}}],"collection":[{"href":"https:\/\/linitiative.ca\/International\/wp-json\/wp\/v2\/posts"}],"about":[{"href":"https:\/\/linitiative.ca\/International\/wp-json\/wp\/v2\/types\/post"}],"author":[{"embeddable":true,"href":"https:\/\/linitiative.ca\/International\/wp-json\/wp\/v2\/users\/1759"}],"replies":[{"embeddable":true,"href":"https:\/\/linitiative.ca\/International\/wp-json\/wp\/v2\/comments?post=84925"}],"version-history":[{"count":0,"href":"https:\/\/linitiative.ca\/International\/wp-json\/wp\/v2\/posts\/84925\/revisions"}],"wp:featuredmedia":[{"embeddable":true,"href":"https:\/\/linitiative.ca\/International\/wp-json\/"}],"wp:attachment":[{"href":"https:\/\/linitiative.ca\/International\/wp-json\/wp\/v2\/media?parent=84925"}],"wp:term":[{"taxonomy":"category","embeddable":true,"href":"https:\/\/linitiative.ca\/International\/wp-json\/wp\/v2\/categories?post=84925"},{"taxonomy":"post_tag","embeddable":true,"href":"https:\/\/linitiative.ca\/International\/wp-json\/wp\/v2\/tags?post=84925"}],"curies":[{"name":"wp","href":"https:\/\/api.w.org\/{rel}","templated":true}]}}