{"id":84929,"date":"2020-05-10T10:22:35","date_gmt":"2020-05-10T14:22:35","guid":{"rendered":"https:\/\/linitiative.ca\/International\/un-lot-darmes-a-feu-en-possession-dun-marocain-consul-honoraire-dun-pays-etranger\/"},"modified":"2020-05-10T10:22:35","modified_gmt":"2020-05-10T14:22:35","slug":"un-lot-darmes-a-feu-en-possession-dun-marocain-consul-honoraire-dun-pays-etranger","status":"publish","type":"post","link":"https:\/\/linitiative.ca\/International\/un-lot-darmes-a-feu-en-possession-dun-marocain-consul-honoraire-dun-pays-etranger\/","title":{"rendered":"Un lot d\u2019armes \u00e0 feu en possession d\u2019un Marocain consul honoraire d\u2019un pays \u00e9tranger"},"content":{"rendered":"<header>\n<\/header>\n<div class=\"entry-content clearfix\" readability=\"52\"><img decoding=\"async\" class=\"post_layout_5_img\" src=\"https:\/\/aujourdhui.ma\/wp-content\/uploads\/2020\/05\/armes-\u00e0-feu-pistolets-et-des-pi\u00e8ces-dun-fusil-de-chasse.jpg\" alt=\"Un lot d&#x2019;armes &#xE0; feu en possession d&#x2019;un Marocain consul honoraire d&#x2019;un pays &#xE9;tranger\"\/><\/p>\n<p><span class=\"c7\"><strong>La Brigade nationale de la police judiciaire (BNPJ) a ouvert une enqu\u00eate judiciaire sous la supervision du parquet comp\u00e9tent, afin de d\u00e9terminer les circonstances de la possession par un citoyen marocain \u00e2g\u00e9 de 52 ans et occupant le poste de consul honoraire d\u2019un pays \u00e9tranger, d\u2019un lot d\u2019armes \u00e0 feu (trois pistolets et des pi\u00e8ces d\u2019un fusil de chasse).<\/strong><\/span><\/p>\n<p><span id=\"more-344571\"\/><br \/>Les services de la pr\u00e9fecture de police de Casablanca avaient \u00e9t\u00e9 inform\u00e9s de la possession par la personne concern\u00e9e d\u2019un lot d\u2019armes \u00e0 feu, indique la Direction g\u00e9n\u00e9rale de la S\u00fbret\u00e9 nationale (DGSN) dans un communiqu\u00e9, pr\u00e9cisant que suite \u00e0 ces informations une op\u00e9ration de perquisition a \u00e9t\u00e9 men\u00e9e \u00e0 son domicile et permis la saisie de trois pistolets et d\u2019une poign\u00e9e de fusils de chasse ainsi que de plusieurs cartouches de chasse.<\/p>\n<p>Selon les premiers \u00e9l\u00e9ments de l\u2019enqu\u00eate, les armes \u00e0 feu saisies sont suppos\u00e9es appartenir au p\u00e8re de la personne concern\u00e9e qui avait auparavant servi dans les rangs de l\u2019arm\u00e9e, ajoute la m\u00eame source, pr\u00e9cisant qu\u2019il disposait des autorisations n\u00e9cessaires pour la possession du fusil de chasse dont les pi\u00e8ces avaient \u00e9t\u00e9 trouv\u00e9es en sa possession.<\/p>\n<\/div>\n<p>Auteur: ALM<br \/>\n<a href=\"https:\/\/aujourdhui.ma\/faits-divers\/un-lot-darmes-a-feu-en-possession-dun-marocain-consul-honoraire-dun-pays-etranger\">Cliquez ici pour lire l&rsquo;article depuis sa source.<\/a><\/p>\n","protected":false},"excerpt":{"rendered":"<p>La Brigade nationale de la police judiciaire (BNPJ) a ouvert une enqu\u00eate judiciaire sous la supervision du parquet comp\u00e9tent, afin de d\u00e9terminer les circonstances de la possession par un citoyen marocain \u00e2g\u00e9 de 52 ans et occupant le poste de consul honoraire d\u2019un pays \u00e9tranger, d\u2019un lot d\u2019armes \u00e0 feu (trois pistolets et des pi\u00e8ces [&hellip;]<\/p>\n","protected":false},"author":1759,"featured_media":84930,"comment_status":"closed","ping_status":"closed","sticky":false,"template":"","format":"standard","meta":{"fifu_image_url":"","fifu_image_alt":"","footnotes":""},"categories":[73,54],"tags":[],"class_list":["post-84929","post","type-post","status-publish","format-standard","has-post-thumbnail","hentry","category-actualite","category-maroc"],"_links":{"self":[{"href":"https:\/\/linitiative.ca\/International\/wp-json\/wp\/v2\/posts\/84929","targetHints":{"allow":["GET"]}}],"collection":[{"href":"https:\/\/linitiative.ca\/International\/wp-json\/wp\/v2\/posts"}],"about":[{"href":"https:\/\/linitiative.ca\/International\/wp-json\/wp\/v2\/types\/post"}],"author":[{"embeddable":true,"href":"https:\/\/linitiative.ca\/International\/wp-json\/wp\/v2\/users\/1759"}],"replies":[{"embeddable":true,"href":"https:\/\/linitiative.ca\/International\/wp-json\/wp\/v2\/comments?post=84929"}],"version-history":[{"count":0,"href":"https:\/\/linitiative.ca\/International\/wp-json\/wp\/v2\/posts\/84929\/revisions"}],"wp:featuredmedia":[{"embeddable":true,"href":"https:\/\/linitiative.ca\/International\/wp-json\/"}],"wp:attachment":[{"href":"https:\/\/linitiative.ca\/International\/wp-json\/wp\/v2\/media?parent=84929"}],"wp:term":[{"taxonomy":"category","embeddable":true,"href":"https:\/\/linitiative.ca\/International\/wp-json\/wp\/v2\/categories?post=84929"},{"taxonomy":"post_tag","embeddable":true,"href":"https:\/\/linitiative.ca\/International\/wp-json\/wp\/v2\/tags?post=84929"}],"curies":[{"name":"wp","href":"https:\/\/api.w.org\/{rel}","templated":true}]}}