{"id":84931,"date":"2020-05-10T10:27:16","date_gmt":"2020-05-10T14:27:16","guid":{"rendered":"https:\/\/linitiative.ca\/International\/dernier-jour-de-confinement-4-millions-de-contamines\/"},"modified":"2020-05-10T10:27:16","modified_gmt":"2020-05-10T14:27:16","slug":"dernier-jour-de-confinement-4-millions-de-contamines","status":"publish","type":"post","link":"https:\/\/linitiative.ca\/International\/dernier-jour-de-confinement-4-millions-de-contamines\/","title":{"rendered":"Dernier jour de confinement, 4 millions de contamin\u00e9s"},"content":{"rendered":"<p class=\"has-text-color has-vivid-cyan-blue-color\"><strong>Plusieurs pays europ\u00e9ens vivent dimanche leur dernier jour de confinement tout en redoutant une seconde vague de la pand\u00e9mie de coronavirus, qui a infect\u00e9 4 millions de personnes et progresse inexorablement dans certaines parties du monde.<\/strong><\/p>\n<p>Quatre millions de contamin\u00e9s en quatre mois, et surtout plus de 277.000 d\u00e9c\u00e8s: c\u2019est le lourd bilan de la maladie du Covid-19 depuis son apparition fin d\u00e9cembre en Chine centrale, selon le comptage mondial r\u00e9alis\u00e9 par l\u2019AFP \u00e0 partir de sources officielles samedi soir. Et ces chiffres sans doute bien inf\u00e9rieurs \u00e0 la r\u00e9alit\u00e9.<br \/>Parfois des r\u00e9surgences inattendues conduisent \u00e0 des mesures pr\u00e9ventives fortes, comme le montre la fermeture jusqu\u2019\u00e0 nouvel ordre de tous les \u00e9tablissements nocturnes d\u00e9cr\u00e9t\u00e9e samedi soir par les autorit\u00e9s de S\u00e9oul.<br \/>Un jeune homme a contamin\u00e9 des dizaines de personnes en fr\u00e9quentant le week-end dernier des \u00e9tablissements d\u2019un quartier branch\u00e9 de la capitale de la Cor\u00e9e du Sud, pays souvent cit\u00e9 en mod\u00e8le pour sa gestion de la crise sanitaire.<br \/>Cet exemple sera sans doute m\u00e9dit\u00e9 par certains pays europ\u00e9ens parmi les plus touch\u00e9s sur la plan\u00e8te. Le reflux continu de l\u2019\u00e9pid\u00e9mie depuis plusieurs semaines permet d\u2019y enclencher lundi la fin d\u2019un confinement au co\u00fbt \u00e9conomique astronomique: c\u2019est le cas de l\u2019Italie, l\u2019Espagne et la France.<br \/>L\u2019all\u00e8gement des mesures en vigueur est tr\u00e8s progressif, et diff\u00e9renci\u00e9. En France, les restrictions seront davantage lev\u00e9es dans les d\u00e9partements \u00abverts\u00bb que dans les \u00abrouges\u00bb. En Espagne, les deux principales villes, Madrid et Barcelone, resteront \u00e0 l\u2019\u00e9cart de la nouvelle phase de d\u00e9confinement.<br \/>Ailleurs sur le Vieux Continent, on desserre certaines restrictions lundi en Belgique, Gr\u00e8ce, R\u00e9publique tch\u00e8que, Croatie, Ukraine, Albanie, au Danemark et aux Pays-Bas, apr\u00e8s la Turquie d\u00e8s dimanche.<br \/>A l\u2019oppos\u00e9, la Russie r\u00e9pertorie officiellement quelque 10.000 nouveaux cas de Covid-19 chaque jour, et a d\u00fb renforcer son dispositif.<br \/>Le pays europ\u00e9en le plus endeuill\u00e9, et le deuxi\u00e8me au monde, reste le Royaume-Uni (au moins 31.000 morts). Son Premier ministre Boris Johnson, lui-m\u00eame rescap\u00e9 du Covid-19, doit s\u2019exprimer dimanche.<br \/>Mais seuls de l\u00e9gers assouplissements sont attendus, comme la r\u00e9ouverture des magasins de jardinage, ce hobby so british. Dans cette p\u00e9riode angoissante, \u00ables gens commencent \u00e0 r\u00e9aliser les avantages pour le bien-\u00eatre mental\u00bb de ce loisir, note Jo Thompson, qui a remport\u00e9 plusieurs prix horticoles.<\/p>\n<p>Il est en revanche question d\u2019introduire une quarantaine obligatoire de quatorze jours pour les voyageurs entrant au Royaume-Uni, ce qui suscite l\u2019inqui\u00e9tude d\u2019un secteur a\u00e9rien d\u00e9j\u00e0 fortement d\u00e9stabilis\u00e9 par la pand\u00e9mie.<br \/>\u00abNous ne pouvons pas risquer un second pic\u00bb de contaminations, a pr\u00e9venu M. Johnson samedi sur Twitter, appelant ses compatriotes \u00e0 \u00abcontinuer\u00bb leurs efforts.<br \/>\u00abSecond pic\u00bb, ou deuxi\u00e8me vague: du fait de la grande contagiosit\u00e9 du coronavirus et en l\u2019absence de tout traitement et vaccin, c\u2019est la hantise de tous les pays qui se d\u00e9verrouillent, m\u00eame pr\u00e9cautionneusement.<br \/>Par exemple en Allemagne, pays relativement \u00e9pargn\u00e9 par l\u2019\u00e9pid\u00e9mie et d\u00e9cadenass\u00e9 avant les autres, mais o\u00f9 trois cantons d\u00e9passent actuellement le plafond fix\u00e9 de 50 nouvelles contaminations pour 100.000 habitants. La chanceli\u00e8re Angela Merkel et les r\u00e9gions sont convenus d\u2019un m\u00e9canisme de reconfinement au niveau local si le nombre des cas repartait \u00e0 la hausse.<br \/>La reprise normale des activit\u00e9s reste ainsi tr\u00e8s fragile. L\u2019Allemagne fut le premier pays europ\u00e9en \u00e0 donner le feu vert pour rejouer au football, mais le Dynamo Dresde, \u00e9quipe de 2e division, vient de se placer en quarantaine apr\u00e8s la d\u00e9tection de deux cas de Covid-19\u2026<br \/>\u00abIl faut absolument\u00bb que les gens \u00abappliquent les gestes barri\u00e8re, c\u2019est-\u00e0-dire qu\u2019ils passent d\u2019un confinement chez soi \u00e0 un confinement sur soi, penser que soi-m\u00eame on doit se prot\u00e9ger, on doit prot\u00e9ger les autres\u00bb, pr\u00e9vient la virologue et ex-sous-directrice g\u00e9n\u00e9rale de l\u2019OMS Marie-Paule Kieny, membre d\u2019un comit\u00e9 d\u2019expertise qui conseille le gouvernement fran\u00e7ais.<br \/>Au Canada, le Premier ministre Justin Trudeau a appel\u00e9 \u00e0 la prudence dans le d\u00e9confinement pour \u00e9viter un \u00e9ventuel retour en arri\u00e8re. Il s\u2019est dit inquiet de la situation \u00e0 Montr\u00e9al, important foyer de la maladie au Canada.<br \/>Aux Etats-Unis, pays le plus touch\u00e9 au monde (pr\u00e8s de 79.000 morts et 1,3 million de cas), le bilan quotidien s\u2019est \u00e9tabli samedi autour de la barre de 1.600 d\u00e9c\u00e8s pour la deuxi\u00e8me journ\u00e9e de suite, ce qui repr\u00e9sente un certain fl\u00e9chissement apr\u00e8s plusieurs jours \u00e0 plus de 2.000 morts.<br \/>La gestion de la crise par le pr\u00e9sident Donald Trump a \u00e9t\u00e9 \u00e9reint\u00e9e par son pr\u00e9d\u00e9cesseur Barack Obama. Il a d\u00e9plor\u00e9 un \u00abd\u00e9sastre chaotique absolu\u00bb lors d\u2019une conversation t\u00e9l\u00e9phonique avec d\u2019anciens collaborateurs de son gouvernement, dont Yahoo News s\u2019est procur\u00e9 un enregistrement.<br \/>En Am\u00e9rique du Sud, le Br\u00e9sil a franchi le seuil des 10.000 morts, avec 155.939 cas de contamination confirm\u00e9s, selon le minist\u00e8re de la Sant\u00e9. La communaut\u00e9 scientifique estime que les chiffres pourraient en r\u00e9alit\u00e9 \u00eatre 15 \u00e0 20 fois plus \u00e9lev\u00e9s.<br \/>Au rythme \u00e9lev\u00e9 auquel progresse le Covid-19 dans ce pays de 210 millions d\u2019habitants, le Br\u00e9sil pourrait devenir en juin le nouvel \u00e9picentre de la pand\u00e9mie. D\u2019o\u00f9 le confinement prolong\u00e9 jusqu\u2019\u00e0 fin mai d\u00e9cid\u00e9 par l\u2019Etat de Sao Paulo, qu\u2019imitera lundi celui de Rio de Janeiro.<br \/>Ce cap des 10.000 morts a pouss\u00e9 le Congr\u00e8s et la Cour supr\u00eame \u00e0 d\u00e9cr\u00e9ter trois jours de deuil officiel. Pendant ce temps, selon le m\u00e9dia en ligne Metropoles, le pr\u00e9sident Jair Bolsonaro faisait du jet-ski sur un lac de Brasilia.<\/p>\n<p>Auteur: M&rsquo;hammed rahal<br \/>\n<a href=\"http:\/\/albayane.press.ma\/dernier-jour-de-confinement-4-millions-de-contamines.html\">Cliquez ici pour lire l&rsquo;article depuis sa source.<\/a><\/p>\n","protected":false},"excerpt":{"rendered":"<p>Plusieurs pays europ\u00e9ens vivent dimanche leur dernier jour de confinement tout en redoutant une seconde vague de la pand\u00e9mie de coronavirus, qui a infect\u00e9 4 millions de personnes et progresse inexorablement dans certaines parties du monde. Quatre millions de contamin\u00e9s en quatre mois, et surtout plus de 277.000 d\u00e9c\u00e8s: c\u2019est le lourd bilan de la [&hellip;]<\/p>\n","protected":false},"author":1760,"featured_media":0,"comment_status":"closed","ping_status":"closed","sticky":false,"template":"","format":"standard","meta":{"fifu_image_url":"","fifu_image_alt":"","footnotes":""},"categories":[73,54],"tags":[],"class_list":["post-84931","post","type-post","status-publish","format-standard","hentry","category-actualite","category-maroc"],"_links":{"self":[{"href":"https:\/\/linitiative.ca\/International\/wp-json\/wp\/v2\/posts\/84931","targetHints":{"allow":["GET"]}}],"collection":[{"href":"https:\/\/linitiative.ca\/International\/wp-json\/wp\/v2\/posts"}],"about":[{"href":"https:\/\/linitiative.ca\/International\/wp-json\/wp\/v2\/types\/post"}],"author":[{"embeddable":true,"href":"https:\/\/linitiative.ca\/International\/wp-json\/wp\/v2\/users\/1760"}],"replies":[{"embeddable":true,"href":"https:\/\/linitiative.ca\/International\/wp-json\/wp\/v2\/comments?post=84931"}],"version-history":[{"count":0,"href":"https:\/\/linitiative.ca\/International\/wp-json\/wp\/v2\/posts\/84931\/revisions"}],"wp:attachment":[{"href":"https:\/\/linitiative.ca\/International\/wp-json\/wp\/v2\/media?parent=84931"}],"wp:term":[{"taxonomy":"category","embeddable":true,"href":"https:\/\/linitiative.ca\/International\/wp-json\/wp\/v2\/categories?post=84931"},{"taxonomy":"post_tag","embeddable":true,"href":"https:\/\/linitiative.ca\/International\/wp-json\/wp\/v2\/tags?post=84931"}],"curies":[{"name":"wp","href":"https:\/\/api.w.org\/{rel}","templated":true}]}}