{"id":84932,"date":"2020-05-10T10:35:58","date_gmt":"2020-05-10T14:35:58","guid":{"rendered":"https:\/\/linitiative.ca\/International\/venezuela-le-nouveau-revers-des-mercenaires-americains\/"},"modified":"2020-05-10T10:35:58","modified_gmt":"2020-05-10T14:35:58","slug":"venezuela-le-nouveau-revers-des-mercenaires-americains","status":"publish","type":"post","link":"https:\/\/linitiative.ca\/International\/venezuela-le-nouveau-revers-des-mercenaires-americains\/","title":{"rendered":"Venezuela: Le nouveau revers des mercenaires am\u00e9ricains\u2026"},"content":{"rendered":"<p class=\"has-text-color has-vivid-cyan-blue-color\"><strong>Apr\u00e8s l\u2019\u00e9chec, en avril 2019, de la premi\u00e8re tentative de coup d\u2019Etat contre Nicolas Maduro lorsque John Bolton, le conseiller \u00e0 la s\u00e9curit\u00e9 nationale de Donald Trump, avait pouss\u00e9 une bonne partie de la classe politique du Venezuela \u2013 et notamment le jeune chef de l\u2019Assembl\u00e9e nationale Juan Guaido \u2013 \u00e0 se soulever contre leur pr\u00e9sident, l\u2019administration am\u00e9ricaine est revenue \u00e0 la charge cette semaine avec l\u2019espoir de parvenir, cette fois-ci, \u00e0 d\u00e9loger l\u2019h\u00e9ritier d\u2019Hugo Chavez.\u00a0\u00a0<\/strong><\/p>\n<p>Mais, ce qui reste \u00abcurieux\u00bb c\u2019est que, d\u00e8s le 1<sup>er<\/sup>\u00a0mai, Joshua Goodman, journaliste \u00e0 l\u2019Associated Press avait annonc\u00e9 qu\u2019une tentative d\u2019incursion au Venezuela, par la mer, \u00e9tait en cours et qu\u2019elle allait se d\u00e9rouler sous la conduite de Jordan Goudreau, un ancien Marines qui a mis sur pied une petite milice capable de d\u00e9barquer sur les c\u00f4tes v\u00e9n\u00e9zu\u00e9liennes et de d\u00e9clencher un soul\u00e8vement g\u00e9n\u00e9ral.\u00a0\u00a0\u00a0<\/p>\n<p>Or, l\u2019op\u00e9ration foment\u00e9e, deux jours plus tard, par un commando compos\u00e9 d\u2019une vingtaine de personnes \u00e0 bord de deux embarcations et plac\u00e9es sous les ordres de deux anciens Marines qui s\u2019\u00e9taient illustr\u00e9s dans les guerres\u00a0\u00a0d\u2019Irak et d\u2019Afghanistan \u2013 dont Jordan Goudreau \u2013\u00a0\u00a0fut un d\u00e9sastre.<\/p>\n<p>S\u2019\u00e9tant sold\u00e9e par la mort de huit insurg\u00e9s et par la capture des autres \u2013 y compris les deux ressortissants am\u00e9ricains \u2013 cette malheureuse exp\u00e9dition partie de Colombie avec la complicit\u00e9 des autorit\u00e9s de Bogota et qui avait pour objectif de tuer le pr\u00e9sident Nicolas Maduro puis de renverser tout le r\u00e9gime v\u00e9n\u00e9zu\u00e9lien ramena, au bon souvenir du pr\u00e9sident am\u00e9ricain, la triste d\u00e9b\u00e2cle anticastriste de la Baie des Cochons entreprise par Washington pr\u00e8s de soixante ans auparavant lorsque le 17 Avril 1961, les Etats-Unis avaient lamentablement \u00e9chou\u00e9 dans leur tentative de d\u00e9barquer, dans la baie des Cochons \u00e0 Cuba, des exil\u00e9s cubains apr\u00e8s les avoir arm\u00e9s. Ce camouflet qui, \u00e0 l\u2019\u00e9poque, \u00e9tait entr\u00e9 dans le cadre des \u00abbarbouzeries latino-am\u00e9ricaines\u00bb avait consid\u00e9rablement renforc\u00e9 le r\u00e9gime de Fidel Castro.\u00a0<\/p>\n<p>Aussi, n\u2019en fallait-il pas plus pour faire sortir de ses gonds un Donald Trump qui r\u00eave d\u2019\u00e9vincer Maduro avant de quitter la Maison Blanche. C\u2019est alors, avec la rage au ventre, qu\u2019il fustigera les responsables de cette op\u00e9ration manqu\u00e9e en d\u00e9clarant qu\u2019elle \u00ab\u00a0n\u2019\u00e9tait manifestement pas dirig\u00e9e par le g\u00e9n\u00e9ral George Washington (\u2026) Ce n\u2019\u00e9tait pas une bonne attaque. Je pense qu\u2019ils ont \u00e9t\u00e9 pris avant m\u00eame qu\u2019ils soient \u00e0 terre. Si nous devions faire quelque chose avec le Venezuela, on ne s\u2019y prendrait pas comme \u00e7\u00e0\u00a0!\u00bb.<\/p>\n<p>Evoquant cette malencontreuse aventure, le \u00abFinancial Times\u00bb \u00e9crira, le lendemain, que huit hommes pr\u00e9sent\u00e9s, par le r\u00e9gime de Maduro, comme \u00e9tant des \u00abterroristes et des mercenaires\u00bb \u00e0 la solde de Washington et du leader de l\u2019opposition v\u00e9n\u00e9zu\u00e9lienne ont \u00e9t\u00e9 tu\u00e9s au moment o\u00f9 ils tentaient de d\u00e9barquer pr\u00e8s du port de Caracas.<\/p>\n<p>Cit\u00e9 par le journal d\u2019opposition \u00abEl Nacional\u00bb, Jorge Rodriguez, le vice-pr\u00e9sident en charge de la communication du r\u00e9gime de Maduro, le pr\u00e9sident de l\u2019Assembl\u00e9e nationale, Juan Guaido, serait directement impliqu\u00e9 dans cette tentative d\u2019invasion et il aurait m\u00eame sign\u00e9 un contrat, \u00e0 cet effet, avec\u00a0\u00a0la Soci\u00e9t\u00e9 \u00abSilvercorp. USA\u00bb appartenant \u00e0 Jordan Goudreau. La copie dudit contrat telle que pr\u00e9sent\u00e9e aux m\u00e9dias par le r\u00e9gime de Caracas confirmant l\u2019implication de Juan Guaido dans cette tentative de d\u00e9barquement, il reste \u00e0 savoir si le parquet va \u00e9mettre un mandat d\u2019arr\u00eat \u00e0 l\u2019encontre de ce dernier ou non. Alors, attendons pour voir\u2026<\/p>\n<p class=\"c2\"><strong>Nabil El Bousaadi<\/strong><\/p>\n<p>Auteur: M&rsquo;hammed rahal<br \/>\n<a href=\"http:\/\/albayane.press.ma\/venezuela-le-nouveau-revers-des-mercenaires-americains.html\">Cliquez ici pour lire l&rsquo;article depuis sa source.<\/a><\/p>\n","protected":false},"excerpt":{"rendered":"<p>Apr\u00e8s l\u2019\u00e9chec, en avril 2019, de la premi\u00e8re tentative de coup d\u2019Etat contre Nicolas Maduro lorsque John Bolton, le conseiller \u00e0 la s\u00e9curit\u00e9 nationale de Donald Trump, avait pouss\u00e9 une bonne partie de la classe politique du Venezuela \u2013 et notamment le jeune chef de l\u2019Assembl\u00e9e nationale Juan Guaido \u2013 \u00e0 se soulever contre leur [&hellip;]<\/p>\n","protected":false},"author":1760,"featured_media":0,"comment_status":"closed","ping_status":"closed","sticky":false,"template":"","format":"standard","meta":{"fifu_image_url":"","fifu_image_alt":"","footnotes":""},"categories":[73,54],"tags":[],"class_list":["post-84932","post","type-post","status-publish","format-standard","hentry","category-actualite","category-maroc"],"_links":{"self":[{"href":"https:\/\/linitiative.ca\/International\/wp-json\/wp\/v2\/posts\/84932","targetHints":{"allow":["GET"]}}],"collection":[{"href":"https:\/\/linitiative.ca\/International\/wp-json\/wp\/v2\/posts"}],"about":[{"href":"https:\/\/linitiative.ca\/International\/wp-json\/wp\/v2\/types\/post"}],"author":[{"embeddable":true,"href":"https:\/\/linitiative.ca\/International\/wp-json\/wp\/v2\/users\/1760"}],"replies":[{"embeddable":true,"href":"https:\/\/linitiative.ca\/International\/wp-json\/wp\/v2\/comments?post=84932"}],"version-history":[{"count":0,"href":"https:\/\/linitiative.ca\/International\/wp-json\/wp\/v2\/posts\/84932\/revisions"}],"wp:attachment":[{"href":"https:\/\/linitiative.ca\/International\/wp-json\/wp\/v2\/media?parent=84932"}],"wp:term":[{"taxonomy":"category","embeddable":true,"href":"https:\/\/linitiative.ca\/International\/wp-json\/wp\/v2\/categories?post=84932"},{"taxonomy":"post_tag","embeddable":true,"href":"https:\/\/linitiative.ca\/International\/wp-json\/wp\/v2\/tags?post=84932"}],"curies":[{"name":"wp","href":"https:\/\/api.w.org\/{rel}","templated":true}]}}