{"id":84936,"date":"2020-05-10T11:09:48","date_gmt":"2020-05-10T15:09:48","guid":{"rendered":"https:\/\/linitiative.ca\/International\/sortir-des-ornieres\/"},"modified":"2020-05-10T11:09:48","modified_gmt":"2020-05-10T15:09:48","slug":"sortir-des-ornieres","status":"publish","type":"post","link":"https:\/\/linitiative.ca\/International\/sortir-des-ornieres\/","title":{"rendered":"Sortir des orni\u00e8res!"},"content":{"rendered":"<p class=\"has-text-color c2\"><strong>\u00abIl faut savoir mettre fin \u00e0 la guerre\u00bb, dit-on fr\u00e9quemment, dans le jargon martial. L\u2019humanit\u00e9 est bel et bien en guerre, sans arme ni feu, mais ce sont des milliers qui succombent, chaque jour.<\/strong><\/p>\n<p>Une guerre o\u00f9 l\u2019ennemi est commun et invisible, tandis que, l\u2019autre camp, est pluriel et indivisible. Enfin, une guerre homicide dont le triomphe de l\u2019humanit\u00e9 tarde \u00e0 venir, alors que celle-ci c\u00e9l\u00e8bre, sans \u00e9clat, en ces temps-ci, le 75<sup>\u00e8me<\/sup> anniversaire de sa victoire contre le nazisme.<\/p>\n<p>En fait, c\u2019est encore la science qui pourra vaincre l\u2019ennemi, par le vaccin, comme ce fut le cas des grandes \u00e9pid\u00e9mies. En attendant, le monde fait usage des mesures pr\u00e9ventives et restrictives pour cerner la propagation du virus et att\u00e9nuer son d\u00e9sastre. Aujourd\u2019hui, apr\u00e8s plus de cinq longs mois de son apparition, la pand\u00e9mie continue \u00e0 causer des ravages, un peu partout sur la plan\u00e8te.<\/p>\n<p>Certes, la nature ravive et se ressource, profitant de l\u2019arr\u00eat des \u00e9missions polluantes et respirant \u00e0 pleins poumons, l\u2019air pur et la ros\u00e9e \u00a0limpide de l\u2019aube. L\u2019\u00e9cologie refait sa mue, au grand bonheur de l\u2019homme qui se bat pour sa survie. Mais, le salut de l\u2019humanit\u00e9 au sein de son refuge qu\u2019est la terre, t\u00e2tonne encore sous l\u2019\u00e9p\u00e9e de Damocl\u00e8s.<\/p>\n<p>A l\u2019instar de ses homologues, le Maroc se d\u00e9bat, non sans peine, pour sauver sa population. Il y va par ses propres moyens qui, jusqu\u2019ici, sont efficients, quoique l\u2019end\u00e9mie soit toujours dans les parages. Il y a mis du c\u0153ur et du m\u00e9tier, sans r\u00e9pit, tout en proc\u00e9dant par dext\u00e9rit\u00e9 durant les phases de la lutte contre la crise virale.<\/p>\n<p>A pr\u00e9sent, il s\u2019ing\u00e9nie \u00e0 y mettre un terme, car il n\u2019est pas sans savoir qu\u2019une farouche \u00a0crise l\u2019attend au tournant. Celle de la refonte de son \u00e9conomie, cruellement amoindrie\u00a0! La seconde \u00e9tape de son combat qu\u2019on appelle commun\u00e9ment le d\u00e9confinement, s\u2019av\u00e8re \u00e0 la fois ardue et stressante. Il est bien vrai que notre pays a su g\u00e9rer, tant bien que mal, la premi\u00e8re manche et s\u2019en est sorti avec des r\u00e9missions de plus en plus, \u00e9videntes et des d\u00e9c\u00e8s presque insignifiants.<\/p>\n<p>Cependant, le taux de contamination a du mal \u00e0 chuter et la profusion des foyers \u00e9clate, \u00e0 tout moment. Faut-il pr\u00e9tendre que le mal est totalement ma\u00eetris\u00e9, \u00e0 la lumi\u00e8re de ses donnes au quotidien\u00a0? Nul n\u2019ose affirmer qu\u2019on est r\u00e9ellement certain de pouvoir lever l\u2019\u00e9tat d\u2019urgence!<\/p>\n<p>La date pr\u00e9vue pour cette lev\u00e9e est imminente, mais il semble bien qu\u2019on est loin d\u2019\u00eatre pr\u00eat \u00e0 s\u2019y soumettre. Il est bien clair que l\u2019effort titanesque que notre pays a d\u00e9ploy\u00e9, sans rel\u00e2che pendant plus de deux mois, finira par s\u2019user et tendra \u00e0 s\u2019\u00e9mousser, \u00e0 la longue.<\/p>\n<p>Il n\u2019en demeure pas moins clair que tous les citoyens, jusqu\u2019ici, plus au moins, respectueux des directives des pouvoirs publics, ont l\u2019impression d\u2019avoir le tournis et finalement, de se montrer plus r\u00e9calcitrants vis-\u00e0-vis des instructions jug\u00e9es drastiques. Le Maroc devrait donc prendre une sage et franche d\u00e9cision, sans atermoyer, car tout attentisme ne serait que pr\u00e9judiciable.<\/p>\n<p>Un plan minutieusement \u00e9tudi\u00e9 et \u00e9labor\u00e9 en vue de fausser compagnie au confinement dans la progressivit\u00e9, serait de nature \u00e0 maintenir la confiance et la stabilit\u00e9. Il ne s\u2019agirait jamais de se pr\u00e9cipiter ni de prendre des risques, mais de finir la guerre avec doigt\u00e9 et m\u00e9thode.<\/p>\n<p>Auteur: M&rsquo;hammed rahal<br \/>\n<a href=\"http:\/\/albayane.press.ma\/sortir-des-ornieres.html\">Cliquez ici pour lire l&rsquo;article depuis sa source.<\/a><\/p>\n","protected":false},"excerpt":{"rendered":"<p>\u00abIl faut savoir mettre fin \u00e0 la guerre\u00bb, dit-on fr\u00e9quemment, dans le jargon martial. L\u2019humanit\u00e9 est bel et bien en guerre, sans arme ni feu, mais ce sont des milliers qui succombent, chaque jour. Une guerre o\u00f9 l\u2019ennemi est commun et invisible, tandis que, l\u2019autre camp, est pluriel et indivisible. Enfin, une guerre homicide dont [&hellip;]<\/p>\n","protected":false},"author":1760,"featured_media":0,"comment_status":"closed","ping_status":"closed","sticky":false,"template":"","format":"standard","meta":{"fifu_image_url":"","fifu_image_alt":"","footnotes":""},"categories":[73,54],"tags":[],"class_list":["post-84936","post","type-post","status-publish","format-standard","hentry","category-actualite","category-maroc"],"_links":{"self":[{"href":"https:\/\/linitiative.ca\/International\/wp-json\/wp\/v2\/posts\/84936","targetHints":{"allow":["GET"]}}],"collection":[{"href":"https:\/\/linitiative.ca\/International\/wp-json\/wp\/v2\/posts"}],"about":[{"href":"https:\/\/linitiative.ca\/International\/wp-json\/wp\/v2\/types\/post"}],"author":[{"embeddable":true,"href":"https:\/\/linitiative.ca\/International\/wp-json\/wp\/v2\/users\/1760"}],"replies":[{"embeddable":true,"href":"https:\/\/linitiative.ca\/International\/wp-json\/wp\/v2\/comments?post=84936"}],"version-history":[{"count":0,"href":"https:\/\/linitiative.ca\/International\/wp-json\/wp\/v2\/posts\/84936\/revisions"}],"wp:attachment":[{"href":"https:\/\/linitiative.ca\/International\/wp-json\/wp\/v2\/media?parent=84936"}],"wp:term":[{"taxonomy":"category","embeddable":true,"href":"https:\/\/linitiative.ca\/International\/wp-json\/wp\/v2\/categories?post=84936"},{"taxonomy":"post_tag","embeddable":true,"href":"https:\/\/linitiative.ca\/International\/wp-json\/wp\/v2\/tags?post=84936"}],"curies":[{"name":"wp","href":"https:\/\/api.w.org\/{rel}","templated":true}]}}