{"id":84937,"date":"2020-05-10T13:03:11","date_gmt":"2020-05-10T17:03:11","guid":{"rendered":"https:\/\/linitiative.ca\/International\/le-film-abou-leila-de-amine-sidi-boumediene-prime-en-espagne\/"},"modified":"2020-05-10T13:03:11","modified_gmt":"2020-05-10T17:03:11","slug":"le-film-abou-leila-de-amine-sidi-boumediene-prime-en-espagne","status":"publish","type":"post","link":"https:\/\/linitiative.ca\/International\/le-film-abou-leila-de-amine-sidi-boumediene-prime-en-espagne\/","title":{"rendered":"Le film \u00ab\u00a0Abou Leila\u00a0\u00bb de Amine Sidi Boumediene prim\u00e9 en Espagne"},"content":{"rendered":"<p><span class=\"sp-nh-title\">Alger: restauration prochaine de l&rsquo;immeuble partiellement effondr\u00e9 \u00e0 Hussein Dey<\/span> &#8211; <span class=\"sp-nh-date\">dimanche 10 mai 2020 17:24<\/span><\/p>\n<p><span class=\"sp-nh-title\">Accidents de la route en zones urbaines: 5 morts et 84 bless\u00e9s le week end dernier<\/span> &#8211; <span class=\"sp-nh-date\">dimanche 10 mai 2020 17:22<\/span><\/p>\n<p><span class=\"sp-nh-title\">Le Moudjahed Omar Boudaoud n&rsquo;est plus<\/span> &#8211; <span class=\"sp-nh-date\">dimanche 10 mai 2020 17:21<\/span><\/p>\n<p><span class=\"sp-nh-title\">Oran: 13 personnes gu\u00e9ries du Covid-19 quittent le CHU d\u2019Oran<\/span> &#8211; <span class=\"sp-nh-date\">dimanche 10 mai 2020 17:19<\/span><\/p>\n<p><span class=\"sp-nh-title\">AADL de Khemis el khechna: reprise des travaux d\u2019am\u00e9nagement ext\u00e9rieur<\/span> &#8211; <span class=\"sp-nh-date\">dimanche 10 mai 2020 17:09<\/span><\/p>\n<p><span class=\"sp-nh-title\">Tizi-Ouzou: signature d\u2019une convention entre l\u2019ITMAS et l\u2019ANSEJ pour d\u00e9velopper l\u2019entrepreneuriat agricole<\/span> &#8211; <span class=\"sp-nh-date\">dimanche 10 mai 2020 17:02<\/span><\/p>\n<p><span class=\"sp-nh-title\">Guelma: 65% de taux de remplissage du barrage de Bouhamdane<\/span> &#8211; <span class=\"sp-nh-date\">dimanche 10 mai 2020 16:54<\/span><\/p>\n<p><span class=\"sp-nh-title\">Mascara: d\u00e9c\u00e8s du journaliste Abdelkader Ghomchi<\/span> &#8211; <span class=\"sp-nh-date\">dimanche 10 mai 2020 16:43<\/span><\/p>\n<p><span class=\"sp-nh-title\">Foot-reprise du championnat: tout sera tir\u00e9 au clair apr\u00e8s le d\u00e9confinement<\/span> &#8211; <span class=\"sp-nh-date\">dimanche 10 mai 2020 16:35<\/span><\/p>\n<p><span class=\"sp-nh-title\">Coronavirus : 165 nouveaux cas confirm\u00e9s et 8 d\u00e9c\u00e8s en Alg\u00e9rie durant les derni\u00e8res 24h<\/span> &#8211; <span class=\"sp-nh-date\">dimanche 10 mai 2020 16:26<\/span><\/p>\n<p><span class=\"sp-nh-title\">B\u00e2timent: 24.000 entreprises mises \u00e0 l\u2019arr\u00eat \u00e0 cause du confinement sanitaire<\/span> &#8211; <span class=\"sp-nh-date\">dimanche 10 mai 2020 16:26<\/span><\/p>\n<p><span class=\"sp-nh-title\">BAD-Covid19: une s\u00e9rie de visioconf\u00e9rences sur l&rsquo;impact de la pand\u00e9mie sur les \u00e9conomies africaine<\/span> &#8211; <span class=\"sp-nh-date\">dimanche 10 mai 2020 16:19<\/span><\/p>\n<p><span class=\"sp-nh-title\">Les Sahraouis c\u00e9l\u00e8brent l&rsquo;anniversaire de la cr\u00e9ation du Front Polisario<\/span> &#8211; <span class=\"sp-nh-date\">dimanche 10 mai 2020 15:59<\/span><\/p>\n<p><span class=\"sp-nh-title\">Covid19: des mesures exceptionnelles d&rsquo;approvisionnement en produits pharmaceutiques et dispositifs m\u00e9dicaux<\/span> &#8211; <span class=\"sp-nh-date\">dimanche 10 mai 2020 15:42<\/span><\/p>\n<p><span class=\"sp-nh-title\">Covid-19: l\u2019ETUSA perd 30% de son chiffre d\u2019affaires<\/span> &#8211; <span class=\"sp-nh-date\">dimanche 10 mai 2020 15:39<\/span><\/p>\n<p><span class=\"sp-nh-title\">Mascara: 9 personnes gu\u00e9ries du Covid-19 quittent l\u2019h\u00f4pital<\/span> &#8211; <span class=\"sp-nh-date\">dimanche 10 mai 2020 15:33<\/span><\/p>\n<p><span class=\"sp-nh-title\">Le d\u00e9cret ex\u00e9cutif sur la poursuite de l&rsquo;activit\u00e9 apr\u00e8s l&rsquo;\u00e2ge l\u00e9gal de la retraite publi\u00e9 au JO<\/span> &#8211; <span class=\"sp-nh-date\">dimanche 10 mai 2020 15:07<\/span><\/p>\n<p><span class=\"sp-nh-title\">Foot-DTN: la FAF retenue par la Fifa dans plusieurs projets<\/span> &#8211; <span class=\"sp-nh-date\">dimanche 10 mai 2020 14:44<\/span><\/p>\n<p><span class=\"sp-nh-title\">Ghali visite l\u2019h\u00f4pital de campagne mis par l\u2019Alg\u00e9rie \u00e0 la disposition du peuple sahraoui<\/span> &#8211; <span class=\"sp-nh-date\">dimanche 10 mai 2020 14:23<\/span><\/p>\n<p><span class=\"sp-nh-title\">Infrastructures: baptisation de centres de presse au nom de journalistes sportifs d\u00e9c\u00e9d\u00e9s<\/span> &#8211; <span class=\"sp-nh-date\">dimanche 10 mai 2020 13:53<\/span><\/p>\n<p>Auteur:<br \/>\n<a href=\"http:\/\/www.aps.dz\/culture\/104866-le-film-abou-leila-de-amine-sidi-boumediene-prime-en-espagne\">Cliquez ici pour lire l&rsquo;article depuis sa source.<\/a><\/p>\n","protected":false},"excerpt":{"rendered":"<p>Alger: restauration prochaine de l&rsquo;immeuble partiellement effondr\u00e9 \u00e0 Hussein Dey &#8211; dimanche 10 mai 2020 17:24 Accidents de la route en zones urbaines: 5 morts et 84 bless\u00e9s le week end dernier &#8211; dimanche 10 mai 2020 17:22 Le Moudjahed Omar Boudaoud n&rsquo;est plus &#8211; dimanche 10 mai 2020 17:21 Oran: 13 personnes gu\u00e9ries du [&hellip;]<\/p>\n","protected":false},"author":1790,"featured_media":0,"comment_status":"closed","ping_status":"closed","sticky":false,"template":"","format":"standard","meta":{"fifu_image_url":"","fifu_image_alt":"","footnotes":""},"categories":[53,79],"tags":[],"class_list":["post-84937","post","type-post","status-publish","format-standard","hentry","category-algerie","category-culture"],"_links":{"self":[{"href":"https:\/\/linitiative.ca\/International\/wp-json\/wp\/v2\/posts\/84937","targetHints":{"allow":["GET"]}}],"collection":[{"href":"https:\/\/linitiative.ca\/International\/wp-json\/wp\/v2\/posts"}],"about":[{"href":"https:\/\/linitiative.ca\/International\/wp-json\/wp\/v2\/types\/post"}],"author":[{"embeddable":true,"href":"https:\/\/linitiative.ca\/International\/wp-json\/wp\/v2\/users\/1790"}],"replies":[{"embeddable":true,"href":"https:\/\/linitiative.ca\/International\/wp-json\/wp\/v2\/comments?post=84937"}],"version-history":[{"count":0,"href":"https:\/\/linitiative.ca\/International\/wp-json\/wp\/v2\/posts\/84937\/revisions"}],"wp:attachment":[{"href":"https:\/\/linitiative.ca\/International\/wp-json\/wp\/v2\/media?parent=84937"}],"wp:term":[{"taxonomy":"category","embeddable":true,"href":"https:\/\/linitiative.ca\/International\/wp-json\/wp\/v2\/categories?post=84937"},{"taxonomy":"post_tag","embeddable":true,"href":"https:\/\/linitiative.ca\/International\/wp-json\/wp\/v2\/tags?post=84937"}],"curies":[{"name":"wp","href":"https:\/\/api.w.org\/{rel}","templated":true}]}}