{"id":84938,"date":"2020-05-10T13:03:13","date_gmt":"2020-05-10T17:03:13","guid":{"rendered":"https:\/\/linitiative.ca\/International\/lecrivain-algerien-youcef-baaloudj-laureat-du-bouclier-dargent-de-la-creativite-en-irak\/"},"modified":"2020-05-10T13:03:13","modified_gmt":"2020-05-10T17:03:13","slug":"lecrivain-algerien-youcef-baaloudj-laureat-du-bouclier-dargent-de-la-creativite-en-irak","status":"publish","type":"post","link":"https:\/\/linitiative.ca\/International\/lecrivain-algerien-youcef-baaloudj-laureat-du-bouclier-dargent-de-la-creativite-en-irak\/","title":{"rendered":"L\u2019\u00e9crivain alg\u00e9rien Youcef Ba\u00e2loudj laur\u00e9at du Bouclier d\u2019argent de la cr\u00e9ativit\u00e9 en Irak"},"content":{"rendered":"<div readability=\"40\">\n<p><strong>ALGER- L\u2019\u00e9crivain alg\u00e9rien Youcef Ba\u00e2loudj a remport\u00e9 le prix de \u00ab\u00a0Kounbor pour la litt\u00e9rature d\u2019enfance\u00a0\u00bb dans la cat\u00e9gorie de la Nouvelle, un concours organis\u00e9 par le Centre Al-Mohcine de la culture pour enfant en Irak, o\u00f9 ont \u00e9t\u00e9 proclam\u00e9s les noms des laur\u00e9ats en direct sur la t\u00e9l\u00e9vision \u00e0 cause de l\u2019annulation de la c\u00e9r\u00e9monie de remise des prix en raison du confinement, a indiqu\u00e9 le laur\u00e9at, samedi, \u00e0 l\u2019APS.<\/strong><\/p>\n<\/div>\n<div readability=\"62\">\n<p>Sur plus de 500 participants dans les cat\u00e9gories po\u00e8me, nouvelle et bande dessin\u00e9e, M. Ba\u00e2loudj a remport\u00e9 le bouclier d\u2019argent dans la cat\u00e9gorie Nouvelle, parmi un groupe de laur\u00e9ats d\u2019origine d\u2019Irak, de Syrie et d\u2019Egypte.<\/p>\n<p>Les travaux seront publi\u00e9s chez les \u00e9ditions El-Ataba El-Alaouia, avant de les distribuer \u00e0 une grande \u00e9chelle dans le cadre d\u2019un projet pour encourager la lecture chez les enfants.<\/p>\n<blockquote readability=\"13\">\n<p><em><strong>Se disant joyeux de recevoir un tel prix d\u2019un pays de Lettres, le laur\u00e9at alg\u00e9rien a d\u00e9clar\u00e9 \u00ab\u00a0autant je suis content d\u2019\u00eatre distingu\u00e9, autant je suis m\u00e9content en apprenant l\u2019annulation de la c\u00e9r\u00e9monie de remise des prix en raison du confinement\u00a0\u00bb. Les organisateurs ont d\u00fb, donc, \u00ab\u00a0se contenter d\u2019exp\u00e9dier le bouclier par voie postale\u00a0\u00bb, a-t-il protest<\/strong><\/em>\u00e9.<\/p>\n<\/blockquote>\n<p>Honor\u00e9 maintes fois en Alg\u00e9rie et \u00e0 l\u2019\u00e9tranger dans diverses cat\u00e9gories, Youcef Ba\u00e2loudj a re\u00e7u entre autres le Prix Sharjah de la cr\u00e9ativit\u00e9 arabe en 2012, le Prix du pr\u00e9sident de la R\u00e9publique en 2014 et Prix de l&rsquo;Instance arabe du th\u00e9\u00e2tre 2018.<\/p>\n<p>A noter que l\u2019auteur compte \u00e0 son actif plusieurs publications, \u00e0 l\u2019instar du texte th\u00e9\u00e2tral \u00ab\u00a0El midhala\u00a0\u00bb, paru en Egypte en 2017, le recueil de po\u00e8mes intitul\u00e9 \u00ab\u00a0Dynamite. Lettres d\u2019apr\u00e8s la temp\u00eate\u00a0\u00bb\u00a0 ou encore \u00ab\u00a0Je volerai un de ces jours\u00a0\u00bb,\u00a0 parus en Alg\u00e9rie respectivement en 2013 et 2016.<\/p>\n<\/div>\n<p>Auteur:<br \/>\n<a href=\"http:\/\/www.aps.dz\/culture\/104875-l-ecrivain-algerien-youcef-baaloudj-laureat-du-bouclier-d-argent-de-la-creativite-en-irak\">Cliquez ici pour lire l&rsquo;article depuis sa source.<\/a><\/p>\n","protected":false},"excerpt":{"rendered":"<p>ALGER- L\u2019\u00e9crivain alg\u00e9rien Youcef Ba\u00e2loudj a remport\u00e9 le prix de \u00ab\u00a0Kounbor pour la litt\u00e9rature d\u2019enfance\u00a0\u00bb dans la cat\u00e9gorie de la Nouvelle, un concours organis\u00e9 par le Centre Al-Mohcine de la culture pour enfant en Irak, o\u00f9 ont \u00e9t\u00e9 proclam\u00e9s les noms des laur\u00e9ats en direct sur la t\u00e9l\u00e9vision \u00e0 cause de l\u2019annulation de la c\u00e9r\u00e9monie [&hellip;]<\/p>\n","protected":false},"author":1790,"featured_media":0,"comment_status":"closed","ping_status":"closed","sticky":false,"template":"","format":"standard","meta":{"fifu_image_url":"","fifu_image_alt":"","footnotes":""},"categories":[53,79],"tags":[],"class_list":["post-84938","post","type-post","status-publish","format-standard","hentry","category-algerie","category-culture"],"_links":{"self":[{"href":"https:\/\/linitiative.ca\/International\/wp-json\/wp\/v2\/posts\/84938","targetHints":{"allow":["GET"]}}],"collection":[{"href":"https:\/\/linitiative.ca\/International\/wp-json\/wp\/v2\/posts"}],"about":[{"href":"https:\/\/linitiative.ca\/International\/wp-json\/wp\/v2\/types\/post"}],"author":[{"embeddable":true,"href":"https:\/\/linitiative.ca\/International\/wp-json\/wp\/v2\/users\/1790"}],"replies":[{"embeddable":true,"href":"https:\/\/linitiative.ca\/International\/wp-json\/wp\/v2\/comments?post=84938"}],"version-history":[{"count":0,"href":"https:\/\/linitiative.ca\/International\/wp-json\/wp\/v2\/posts\/84938\/revisions"}],"wp:attachment":[{"href":"https:\/\/linitiative.ca\/International\/wp-json\/wp\/v2\/media?parent=84938"}],"wp:term":[{"taxonomy":"category","embeddable":true,"href":"https:\/\/linitiative.ca\/International\/wp-json\/wp\/v2\/categories?post=84938"},{"taxonomy":"post_tag","embeddable":true,"href":"https:\/\/linitiative.ca\/International\/wp-json\/wp\/v2\/tags?post=84938"}],"curies":[{"name":"wp","href":"https:\/\/api.w.org\/{rel}","templated":true}]}}