{"id":84939,"date":"2020-05-10T11:30:00","date_gmt":"2020-05-10T15:30:00","guid":{"rendered":"https:\/\/linitiative.ca\/International\/air-france-opere-un-vol-quotidien-au-depart-dalger\/"},"modified":"2020-05-10T11:30:00","modified_gmt":"2020-05-10T15:30:00","slug":"air-france-opere-un-vol-quotidien-au-depart-dalger","status":"publish","type":"post","link":"https:\/\/linitiative.ca\/International\/air-france-opere-un-vol-quotidien-au-depart-dalger\/","title":{"rendered":"Air France op\u00e8re un vol quotidien au d\u00e9part d&rsquo;Alger"},"content":{"rendered":"<div id=\"originalText\" readability=\"50\">\n<p>Le Consulat g\u00e9n\u00e9ral de France \u00e0 Alger a annonc\u00e9, ce dimanche, sur sa page facebook, qu\u2019\u00a0\u00ab\u00e0 compter du lundi 11 mai, Air France op\u00e8re un vol quotidien au d\u00e9part d&rsquo;Alger\u00bb.<\/p>\n<p>\u00abEn raison du tr\u00e8s grand nombre de demandes de r\u00e9servation re\u00e7ues et en cours de gestion, le service d\u2019inscription par SMS est momentan\u00e9ment suspendu par Air France, dans l\u2019attente du r\u00e9tablissement prochain d\u2019un syst\u00e8me de r\u00e9servation en ligne\u00bb, pr\u00e9cise la m\u00eame source.<\/p>\n<p>Le Consulat g\u00e9n\u00e9ral de France \u00e0 Alger ne pr\u00e9cise pas cependant si ce vol quotidien sera ouvert \u00e0 tous les passagers ou uniquement pour rapatrier des ressortissants fran\u00e7ais bloqu\u00e9s en Alg\u00e9rie, \u00e9tant donn\u00e9 que le gouvernement alg\u00e9rien n\u2019a pas annonc\u00e9 la r\u00e9ouverture de l\u2019espace a\u00e9rien.<\/p>\n<p class=\"c6\"><strong>R\u00e9daction Web<\/strong><\/p>\n<\/div>\n<div id=\"text_core\" readability=\"50\">\n<p>Le Consulat g\u00e9n\u00e9ral de France \u00e0 Alger a annonc\u00e9, ce dimanche, sur sa page facebook, qu\u2019\u00a0\u00ab\u00e0 compter du lundi 11 mai, Air France op\u00e8re un vol quotidien au d\u00e9part d&rsquo;Alger\u00bb.<\/p>\n<p>\u00abEn raison du tr\u00e8s grand nombre de demandes de r\u00e9servation re\u00e7ues et en cours de gestion, le service d\u2019inscription par SMS est momentan\u00e9ment suspendu par Air France, dans l\u2019attente du r\u00e9tablissement prochain d\u2019un syst\u00e8me de r\u00e9servation en ligne\u00bb, pr\u00e9cise la m\u00eame source.<\/p>\n<p>Le Consulat g\u00e9n\u00e9ral de France \u00e0 Alger ne pr\u00e9cise pas cependant si ce vol quotidien sera ouvert \u00e0 tous les passagers ou uniquement pour rapatrier des ressortissants fran\u00e7ais bloqu\u00e9s en Alg\u00e9rie, \u00e9tant donn\u00e9 que le gouvernement alg\u00e9rien n\u2019a pas annonc\u00e9 la r\u00e9ouverture de l\u2019espace a\u00e9rien.<\/p>\n<p class=\"c6\"><strong>R\u00e9daction Web<\/strong><\/p>\n<\/div>\n<p>Auteur:<br \/>\n<a href=\"https:\/\/www.liberte-algerie.com\/actualite\/air-france-opere-un-vol-quotidien-au-depart-dalger-338469\">Cliquez ici pour lire l&rsquo;article depuis sa source.<\/a><\/p>\n","protected":false},"excerpt":{"rendered":"<p>Le Consulat g\u00e9n\u00e9ral de France \u00e0 Alger a annonc\u00e9, ce dimanche, sur sa page facebook, qu\u2019\u00a0\u00ab\u00e0 compter du lundi 11 mai, Air France op\u00e8re un vol quotidien au d\u00e9part d&rsquo;Alger\u00bb. \u00abEn raison du tr\u00e8s grand nombre de demandes de r\u00e9servation re\u00e7ues et en cours de gestion, le service d\u2019inscription par SMS est momentan\u00e9ment suspendu par [&hellip;]<\/p>\n","protected":false},"author":1742,"featured_media":0,"comment_status":"closed","ping_status":"closed","sticky":false,"template":"","format":"standard","meta":{"fifu_image_url":"","fifu_image_alt":"","footnotes":""},"categories":[73,53],"tags":[],"class_list":["post-84939","post","type-post","status-publish","format-standard","hentry","category-actualite","category-algerie"],"_links":{"self":[{"href":"https:\/\/linitiative.ca\/International\/wp-json\/wp\/v2\/posts\/84939","targetHints":{"allow":["GET"]}}],"collection":[{"href":"https:\/\/linitiative.ca\/International\/wp-json\/wp\/v2\/posts"}],"about":[{"href":"https:\/\/linitiative.ca\/International\/wp-json\/wp\/v2\/types\/post"}],"author":[{"embeddable":true,"href":"https:\/\/linitiative.ca\/International\/wp-json\/wp\/v2\/users\/1742"}],"replies":[{"embeddable":true,"href":"https:\/\/linitiative.ca\/International\/wp-json\/wp\/v2\/comments?post=84939"}],"version-history":[{"count":0,"href":"https:\/\/linitiative.ca\/International\/wp-json\/wp\/v2\/posts\/84939\/revisions"}],"wp:attachment":[{"href":"https:\/\/linitiative.ca\/International\/wp-json\/wp\/v2\/media?parent=84939"}],"wp:term":[{"taxonomy":"category","embeddable":true,"href":"https:\/\/linitiative.ca\/International\/wp-json\/wp\/v2\/categories?post=84939"},{"taxonomy":"post_tag","embeddable":true,"href":"https:\/\/linitiative.ca\/International\/wp-json\/wp\/v2\/tags?post=84939"}],"curies":[{"name":"wp","href":"https:\/\/api.w.org\/{rel}","templated":true}]}}