{"id":84942,"date":"2020-05-10T12:44:00","date_gmt":"2020-05-10T16:44:00","guid":{"rendered":"https:\/\/linitiative.ca\/International\/le-moudjahed-omar-boudaoud-nest-plus\/"},"modified":"2020-05-10T12:44:00","modified_gmt":"2020-05-10T16:44:00","slug":"le-moudjahed-omar-boudaoud-nest-plus","status":"publish","type":"post","link":"https:\/\/linitiative.ca\/International\/le-moudjahed-omar-boudaoud-nest-plus\/","title":{"rendered":"Le Moudjahed Omar Boudaoud n&rsquo;est plus"},"content":{"rendered":"<div id=\"originalText\" readability=\"70\">\n<p>Le Moudjahed et ancien chef de la f\u00e9d\u00e9ration de France du Front de Lib\u00e9ration National, Omar Boudaoud, est d\u00e9c\u00e9d\u00e9 hier samedi dans la soir\u00e9e \u00e0 Aix-la-Chapelle en Allemagne \u00e0 l&rsquo;\u00e2ge de 95 ans, a-t-on appris aupr\u00e8s de sa famille.<\/p>\n<p>Omar Boudaoud, qui \u00e9tait le dernier chef de la f\u00e9d\u00e9ration FLN de France (de 1957 \u00e0 1962) est n\u00e9 en 1924 dans le village d&rsquo;Azoubar, dans la wilaya de Tizi-Ouzou, un village proche de Tigzirt.<\/p>\n<p>Ses parents se sont d\u00e9plac\u00e9s au village de Tawerga o\u00f9 il a fait l&rsquo;essentiel de son cursus scolaire pour terminer dipl\u00f4m\u00e9 en agronomie.<\/p>\n<p>Il a adh\u00e9r\u00e9 jeune au Parti du Peuple Alg\u00e9rien (PPA) pour activer sous la responsabilit\u00e9 du militant nationaliste Zerouali.<\/p>\n<p>Il a \u00e9t\u00e9 arr\u00eat\u00e9 et emprisonn\u00e9 en 1945 pour avoir pris part aux activit\u00e9s insurrectionnelles en Kabylie. Lib\u00e9r\u00e9, il a \u00e9t\u00e9 vite incarc\u00e9r\u00e9 en 1947 pour ses activit\u00e9s au sein de l&rsquo;Organisation Sp\u00e9ciale (OS).<\/p>\n<p>Apr\u00e8s le d\u00e9clenchement de la guerre de lib\u00e9ration nationale, il a particip\u00e9 aux c\u00f4t\u00e9s de son fr\u00e8re, Mansour Boudaoud, \u00e0 la collecte des armes au Maroc, avant qu&rsquo;il ne soit d\u00e9sign\u00e9 \u00e0 la t\u00eate de la F\u00e9d\u00e9ration de France du FLN en 1957 par Abbane Ramdane.<\/p>\n<p>Gr\u00e2ce \u00e0 son sens de l&rsquo;organisation, il a pu maintenir l&rsquo;activit\u00e9 du FLN en France pendant cinq ann\u00e9es, en ouvrant ce qui est appel\u00e9 le deuxi\u00e8me front qui a permis \u00e0 l&rsquo;Arm\u00e9e de Lib\u00e9ration Nationale (ALN) d&rsquo;organiser des actes r\u00e9volutionnaires sur les territoires m\u00eame du colonisateur.<\/p>\n<p>Il a \u00e9t\u00e9 le principal architecte des manifestations du 17 octobre 1961.<\/p>\n<p class=\"c6\"><strong>APS<\/strong><\/p>\n<\/div>\n<div id=\"text_core\" readability=\"70\">\n<p>Le Moudjahed et ancien chef de la f\u00e9d\u00e9ration de France du Front de Lib\u00e9ration National, Omar Boudaoud, est d\u00e9c\u00e9d\u00e9 hier samedi dans la soir\u00e9e \u00e0 Aix-la-Chapelle en Allemagne \u00e0 l&rsquo;\u00e2ge de 95 ans, a-t-on appris aupr\u00e8s de sa famille.<\/p>\n<p>Omar Boudaoud, qui \u00e9tait le dernier chef de la f\u00e9d\u00e9ration FLN de France (de 1957 \u00e0 1962) est n\u00e9 en 1924 dans le village d&rsquo;Azoubar, dans la wilaya de Tizi-Ouzou, un village proche de Tigzirt.<\/p>\n<p>Ses parents se sont d\u00e9plac\u00e9s au village de Tawerga o\u00f9 il a fait l&rsquo;essentiel de son cursus scolaire pour terminer dipl\u00f4m\u00e9 en agronomie.<\/p>\n<p>Il a adh\u00e9r\u00e9 jeune au Parti du Peuple Alg\u00e9rien (PPA) pour activer sous la responsabilit\u00e9 du militant nationaliste Zerouali.<\/p>\n<p>Il a \u00e9t\u00e9 arr\u00eat\u00e9 et emprisonn\u00e9 en 1945 pour avoir pris part aux activit\u00e9s insurrectionnelles en Kabylie. Lib\u00e9r\u00e9, il a \u00e9t\u00e9 vite incarc\u00e9r\u00e9 en 1947 pour ses activit\u00e9s au sein de l&rsquo;Organisation Sp\u00e9ciale (OS).<\/p>\n<p>Apr\u00e8s le d\u00e9clenchement de la guerre de lib\u00e9ration nationale, il a particip\u00e9 aux c\u00f4t\u00e9s de son fr\u00e8re, Mansour Boudaoud, \u00e0 la collecte des armes au Maroc, avant qu&rsquo;il ne soit d\u00e9sign\u00e9 \u00e0 la t\u00eate de la F\u00e9d\u00e9ration de France du FLN en 1957 par Abbane Ramdane.<\/p>\n<p>Gr\u00e2ce \u00e0 son sens de l&rsquo;organisation, il a pu maintenir l&rsquo;activit\u00e9 du FLN en France pendant cinq ann\u00e9es, en ouvrant ce qui est appel\u00e9 le deuxi\u00e8me front qui a permis \u00e0 l&rsquo;Arm\u00e9e de Lib\u00e9ration Nationale (ALN) d&rsquo;organiser des actes r\u00e9volutionnaires sur les territoires m\u00eame du colonisateur.<\/p>\n<p>Il a \u00e9t\u00e9 le principal architecte des manifestations du 17 octobre 1961.<\/p>\n<p class=\"c6\"><strong>APS<\/strong><\/p>\n<\/div>\n<p>Auteur:<br \/>\n<a href=\"https:\/\/www.liberte-algerie.com\/actualite\/le-moudjahed-omar-boudaoud-nest-plus-338471\">Cliquez ici pour lire l&rsquo;article depuis sa source.<\/a><\/p>\n","protected":false},"excerpt":{"rendered":"<p>Le Moudjahed et ancien chef de la f\u00e9d\u00e9ration de France du Front de Lib\u00e9ration National, Omar Boudaoud, est d\u00e9c\u00e9d\u00e9 hier samedi dans la soir\u00e9e \u00e0 Aix-la-Chapelle en Allemagne \u00e0 l&rsquo;\u00e2ge de 95 ans, a-t-on appris aupr\u00e8s de sa famille. Omar Boudaoud, qui \u00e9tait le dernier chef de la f\u00e9d\u00e9ration FLN de France (de 1957 \u00e0 [&hellip;]<\/p>\n","protected":false},"author":1742,"featured_media":0,"comment_status":"closed","ping_status":"closed","sticky":false,"template":"","format":"standard","meta":{"fifu_image_url":"","fifu_image_alt":"","footnotes":""},"categories":[73,53],"tags":[],"class_list":["post-84942","post","type-post","status-publish","format-standard","hentry","category-actualite","category-algerie"],"_links":{"self":[{"href":"https:\/\/linitiative.ca\/International\/wp-json\/wp\/v2\/posts\/84942","targetHints":{"allow":["GET"]}}],"collection":[{"href":"https:\/\/linitiative.ca\/International\/wp-json\/wp\/v2\/posts"}],"about":[{"href":"https:\/\/linitiative.ca\/International\/wp-json\/wp\/v2\/types\/post"}],"author":[{"embeddable":true,"href":"https:\/\/linitiative.ca\/International\/wp-json\/wp\/v2\/users\/1742"}],"replies":[{"embeddable":true,"href":"https:\/\/linitiative.ca\/International\/wp-json\/wp\/v2\/comments?post=84942"}],"version-history":[{"count":0,"href":"https:\/\/linitiative.ca\/International\/wp-json\/wp\/v2\/posts\/84942\/revisions"}],"wp:attachment":[{"href":"https:\/\/linitiative.ca\/International\/wp-json\/wp\/v2\/media?parent=84942"}],"wp:term":[{"taxonomy":"category","embeddable":true,"href":"https:\/\/linitiative.ca\/International\/wp-json\/wp\/v2\/categories?post=84942"},{"taxonomy":"post_tag","embeddable":true,"href":"https:\/\/linitiative.ca\/International\/wp-json\/wp\/v2\/tags?post=84942"}],"curies":[{"name":"wp","href":"https:\/\/api.w.org\/{rel}","templated":true}]}}