{"id":84944,"date":"2020-05-09T20:24:54","date_gmt":"2020-05-10T00:24:54","guid":{"rendered":"https:\/\/linitiative.ca\/International\/549-cas-exclus-apres-des-tests-negatifs-au-covid-19-dps\/"},"modified":"2020-05-09T20:24:54","modified_gmt":"2020-05-10T00:24:54","slug":"549-cas-exclus-apres-des-tests-negatifs-au-covid-19-dps","status":"publish","type":"post","link":"https:\/\/linitiative.ca\/International\/549-cas-exclus-apres-des-tests-negatifs-au-covid-19-dps\/","title":{"rendered":"549 cas exclus apr\u00e8s des tests n\u00e9gatifs au Covid-19 (DPS)"},"content":{"rendered":"<div class=\"single-featured\"><img alt=\"\" data-src=\"http:\/\/www.mapmarrakech.ma\/map\/uploads\/2020\/05\/bilan-safi-copier-8.jpg\"\/><\/div>\n<div class=\"single-post-excerpt post-excerpt-bc\" readability=\"38\">\n<p>Safi \u2013 Le nombre de cas exclus apr\u00e8s les r\u00e9sultats n\u00e9gatifs des analyses effectu\u00e9es au laboratoire pour diagnostiquer une \u00e9ventuelle contamination au nouveau coronavirus s\u2019\u00e9l\u00e8ve, samedi \u00e0 22H00, \u00e0 549 au niveau de la province de Safi, selon les donn\u00e9es de la D\u00e9l\u00e9gation Provinciale de la Sant\u00e9 (DPS).<\/p>\n<\/div>\n<div class=\"entry-content clearfix single-post-content\" readability=\"67\">\n<p>Un nouveau cas d\u2019infection au nouveau coronavirus (Covid-19) a \u00e9t\u00e9 confirm\u00e9, vendredi soir, au niveau de la province de Safi, portant \u00e0 deux le nombre total des cas positifs, a indiqu\u00e9 la D\u00e9l\u00e9gation Provinciale de la Sant\u00e9 (DPS), rappelant que le premier cas positif au Covid-19 enregistr\u00e9 au niveau de la province de Safi avait quitt\u00e9, dimanche dernier, l\u2019h\u00f4pital Mohammed V de la cit\u00e9 de l\u2019Oc\u00e9an apr\u00e8s son r\u00e9tablissement d\u00e9finitif.<\/p>\n<p>La DPS a relev\u00e9 que sur les 1.593 personnes-contacts, seules 369 sont toujours plac\u00e9es sous surveillance m\u00e9dicale, alors que 09 cas sont en attente des r\u00e9sultats des analyses au laboratoire.<\/p>\n<p>La d\u00e9l\u00e9gation provinciale de la sant\u00e9 tient \u00e0 pr\u00e9ciser que la situation \u00e9pid\u00e9miologique au niveau de la province de Safi demeure \u00ab\u00a0rassurante\u00a0\u00bb et \u00ab\u00a0sous contr\u00f4le\u00a0\u00bb.<\/p>\n<p>La d\u00e9l\u00e9gation provinciale de la Sant\u00e9 de Safi, en collaboration avec les autorit\u00e9s provinciales et les autres parties concern\u00e9es, a, en outre, adopt\u00e9 une panoplie de mesures pr\u00e9ventives et proactives afin d\u2019enrayer la propagation du coronavirus (Covid-19) au niveau de cette province.<\/p>\n<p>Ainsi, la d\u00e9l\u00e9gation de la Sant\u00e9 a proc\u00e9d\u00e9 \u00e0 la r\u00e9alisation d\u2019une s\u00e9rie de d\u00e9pistage et d\u2019analyses m\u00e9dicales au profit des employ\u00e9s au sein des unit\u00e9s industrielles et des grandes surfaces commerciales de la ville, \u00e0 une cadence soutenue de 3 unit\u00e9s par jour.<\/p>\n<p>Cette op\u00e9ration a \u00e9t\u00e9 achev\u00e9e apr\u00e8s le d\u00e9pistage des employ\u00e9s d\u2019une vingtaine d\u2019unit\u00e9s industrielles en plus de 03 grandes surfaces et 08 surfaces de proximit\u00e9.<\/p>\n<\/div>\n<p>Auteur: Meriem IGASS<br \/>\n<a href=\"http:\/\/www.mapmarrakech.ma\/fr\/549-cas-exclus-apres-des-tests-negatifs-au-covid-19-dps\/\">Cliquez ici pour lire l&rsquo;article depuis sa source.<\/a><\/p>\n","protected":false},"excerpt":{"rendered":"<p>Safi \u2013 Le nombre de cas exclus apr\u00e8s les r\u00e9sultats n\u00e9gatifs des analyses effectu\u00e9es au laboratoire pour diagnostiquer une \u00e9ventuelle contamination au nouveau coronavirus s\u2019\u00e9l\u00e8ve, samedi \u00e0 22H00, \u00e0 549 au niveau de la province de Safi, selon les donn\u00e9es de la D\u00e9l\u00e9gation Provinciale de la Sant\u00e9 (DPS). Un nouveau cas d\u2019infection au nouveau coronavirus [&hellip;]<\/p>\n","protected":false},"author":1788,"featured_media":84945,"comment_status":"closed","ping_status":"closed","sticky":false,"template":"","format":"standard","meta":{"fifu_image_url":"","fifu_image_alt":"","footnotes":""},"categories":[54,76],"tags":[],"class_list":["post-84944","post","type-post","status-publish","format-standard","has-post-thumbnail","hentry","category-maroc","category-regions"],"_links":{"self":[{"href":"https:\/\/linitiative.ca\/International\/wp-json\/wp\/v2\/posts\/84944","targetHints":{"allow":["GET"]}}],"collection":[{"href":"https:\/\/linitiative.ca\/International\/wp-json\/wp\/v2\/posts"}],"about":[{"href":"https:\/\/linitiative.ca\/International\/wp-json\/wp\/v2\/types\/post"}],"author":[{"embeddable":true,"href":"https:\/\/linitiative.ca\/International\/wp-json\/wp\/v2\/users\/1788"}],"replies":[{"embeddable":true,"href":"https:\/\/linitiative.ca\/International\/wp-json\/wp\/v2\/comments?post=84944"}],"version-history":[{"count":0,"href":"https:\/\/linitiative.ca\/International\/wp-json\/wp\/v2\/posts\/84944\/revisions"}],"wp:featuredmedia":[{"embeddable":true,"href":"https:\/\/linitiative.ca\/International\/wp-json\/"}],"wp:attachment":[{"href":"https:\/\/linitiative.ca\/International\/wp-json\/wp\/v2\/media?parent=84944"}],"wp:term":[{"taxonomy":"category","embeddable":true,"href":"https:\/\/linitiative.ca\/International\/wp-json\/wp\/v2\/categories?post=84944"},{"taxonomy":"post_tag","embeddable":true,"href":"https:\/\/linitiative.ca\/International\/wp-json\/wp\/v2\/tags?post=84944"}],"curies":[{"name":"wp","href":"https:\/\/api.w.org\/{rel}","templated":true}]}}