{"id":84948,"date":"2020-05-10T11:24:37","date_gmt":"2020-05-10T15:24:37","guid":{"rendered":"https:\/\/linitiative.ca\/International\/marrakech-safi-25-nouvelles-remissions-du-covid-19-drs\/"},"modified":"2020-05-10T11:24:37","modified_gmt":"2020-05-10T15:24:37","slug":"marrakech-safi-25-nouvelles-remissions-du-covid-19-drs","status":"publish","type":"post","link":"https:\/\/linitiative.ca\/International\/marrakech-safi-25-nouvelles-remissions-du-covid-19-drs\/","title":{"rendered":"Marrakech-Safi: 25 nouvelles r\u00e9missions du Covid-19 (DRS)"},"content":{"rendered":"<div readability=\"35\">\n<p>Marrakech \u2013 Un total de 25 nouvelles r\u00e9missions du Covid-19 ont \u00e9t\u00e9 enregistr\u00e9es au niveau de la r\u00e9gion Marrakech-Safi, portant \u00e0 766 le nombre total des personnes d\u00e9clar\u00e9es totalement gu\u00e9ries dans la r\u00e9gion jusqu\u2019\u00e0 dimanche \u00e0 10H00.<\/p>\n<\/div>\n<div readability=\"68\">\n<p>Un nouveau bilan de la Direction R\u00e9gionale de la Sant\u00e9 (DRS) fait ressortir que 18 patients ont \u00e9t\u00e9 d\u00e9clar\u00e9s d\u00e9finitivement r\u00e9tablis au niveau de la pr\u00e9fecture de Marrakech, 5 dans la province de Rehamna et 2 dans celle de Chichaoua, notant que le taux de gu\u00e9rison s\u2019\u00e9tablit \u00e0 65%.<\/p>\n<p>Et la m\u00eame source de pr\u00e9ciser que 13 nouveaux cas ont \u00e9t\u00e9 confirm\u00e9s, portant \u00e0 1.189 le nombre total des infections signal\u00e9es dans la r\u00e9gion depuis l\u2019apparition de la pand\u00e9mie, dont 373 patients sous traitement.<\/p>\n<p>Ces cas hospitalis\u00e9s sont r\u00e9partis entre la pr\u00e9fecture de Marrakech (324) et les provinces de Rehamna (25), d\u2019Al Haouz (15), de Chichaoua (4), d\u2019Essaouira (3), d\u2019El Kel\u00e2a des Sraghna (1, transf\u00e9r\u00e9 de Rehamna) et de Safi (1).<\/p>\n<p>Le nombre des cas exclus apr\u00e8s des r\u00e9sultats n\u00e9gatifs d\u2019analyses effectu\u00e9es au laboratoire a atteint 5.901, alors que celui des d\u00e9c\u00e8s s\u2019\u00e9l\u00e8ve \u00e0 50, indique la DRS.<\/p>\n<p>Au niveau national, 84 nouveaux cas gu\u00e9ris du Covid-19 ont \u00e9t\u00e9 enregistr\u00e9s jusqu\u2019\u00e0 dimanche \u00e0 10H00, portant \u00e0 2.545 le nombre total des gu\u00e9risons dans le Royaume.<\/p>\n<p>Par ailleurs, 128 cas suppl\u00e9mentaires d\u2019infection ont \u00e9t\u00e9 confirm\u00e9s jusqu\u2019\u00e0 dimanche \u00e0 10H00, portant \u00e0 6.038 le nombre total des cas de contamination, selon les chiffres du minist\u00e8re de la Sant\u00e9.<\/p>\n<\/div>\n<p>Auteur: Meriem IGASS<br \/>\n<a href=\"http:\/\/www.mapmarrakech.ma\/fr\/marrakech-safi-25-nouvelles-remissions-du-covid-19-drs\/\">Cliquez ici pour lire l&rsquo;article depuis sa source.<\/a><\/p>\n","protected":false},"excerpt":{"rendered":"<p>Marrakech \u2013 Un total de 25 nouvelles r\u00e9missions du Covid-19 ont \u00e9t\u00e9 enregistr\u00e9es au niveau de la r\u00e9gion Marrakech-Safi, portant \u00e0 766 le nombre total des personnes d\u00e9clar\u00e9es totalement gu\u00e9ries dans la r\u00e9gion jusqu\u2019\u00e0 dimanche \u00e0 10H00. Un nouveau bilan de la Direction R\u00e9gionale de la Sant\u00e9 (DRS) fait ressortir que 18 patients ont \u00e9t\u00e9 [&hellip;]<\/p>\n","protected":false},"author":1788,"featured_media":0,"comment_status":"closed","ping_status":"closed","sticky":false,"template":"","format":"standard","meta":{"fifu_image_url":"","fifu_image_alt":"","footnotes":""},"categories":[54,76],"tags":[],"class_list":["post-84948","post","type-post","status-publish","format-standard","hentry","category-maroc","category-regions"],"_links":{"self":[{"href":"https:\/\/linitiative.ca\/International\/wp-json\/wp\/v2\/posts\/84948","targetHints":{"allow":["GET"]}}],"collection":[{"href":"https:\/\/linitiative.ca\/International\/wp-json\/wp\/v2\/posts"}],"about":[{"href":"https:\/\/linitiative.ca\/International\/wp-json\/wp\/v2\/types\/post"}],"author":[{"embeddable":true,"href":"https:\/\/linitiative.ca\/International\/wp-json\/wp\/v2\/users\/1788"}],"replies":[{"embeddable":true,"href":"https:\/\/linitiative.ca\/International\/wp-json\/wp\/v2\/comments?post=84948"}],"version-history":[{"count":0,"href":"https:\/\/linitiative.ca\/International\/wp-json\/wp\/v2\/posts\/84948\/revisions"}],"wp:attachment":[{"href":"https:\/\/linitiative.ca\/International\/wp-json\/wp\/v2\/media?parent=84948"}],"wp:term":[{"taxonomy":"category","embeddable":true,"href":"https:\/\/linitiative.ca\/International\/wp-json\/wp\/v2\/categories?post=84948"},{"taxonomy":"post_tag","embeddable":true,"href":"https:\/\/linitiative.ca\/International\/wp-json\/wp\/v2\/tags?post=84948"}],"curies":[{"name":"wp","href":"https:\/\/api.w.org\/{rel}","templated":true}]}}