{"id":84953,"date":"2020-05-10T12:02:08","date_gmt":"2020-05-10T16:02:08","guid":{"rendered":"https:\/\/linitiative.ca\/International\/tizi-ouzou-signature-dune-convention-entre-litmas-et-lansej-pour-developper-lentrepreneuriat-agricole\/"},"modified":"2020-05-10T12:02:08","modified_gmt":"2020-05-10T16:02:08","slug":"tizi-ouzou-signature-dune-convention-entre-litmas-et-lansej-pour-developper-lentrepreneuriat-agricole","status":"publish","type":"post","link":"https:\/\/linitiative.ca\/International\/tizi-ouzou-signature-dune-convention-entre-litmas-et-lansej-pour-developper-lentrepreneuriat-agricole\/","title":{"rendered":"Tizi-Ouzou: signature d\u2019une convention entre l\u2019ITMAS et l\u2019ANSEJ pour d\u00e9velopper l\u2019entrepreneuriat agricole"},"content":{"rendered":"<div readability=\"37\">\n<p><strong>TIZI-OUZOU &#8211; Une convention visant \u00e0 promouvoir et \u00e0 d\u00e9velopper l\u2019entrepreneuriat agricole chez les dipl\u00f4m\u00e9s en agriculture, a \u00e9t\u00e9 sign\u00e9e, dimanche entre l\u2019Institut de technologie moyen agricole sp\u00e9cialis\u00e9 (ITMAS) de Tizi-Ouzou et la direction locale de l\u2019Agence nationale de soutien \u00e0 l\u2019emploi de jeune (ANSEJ).<\/strong><\/p>\n<\/div>\n<div readability=\"83.290063182079\">\n<p>Lors de cette c\u00e9r\u00e9monie qui s\u2019est d\u00e9roul\u00e9e au si\u00e8ge de l\u2019ITMAS, en pr\u00e9sence de plusieurs partenaires, le directeur de l\u2019IMAS, Filali Rabah qui a sign\u00e9 la convention au nom de l\u2019ITMAS, a soulign\u00e9 que le but de cette convention de partenariat, qui fait suite aux orientations du ministre de l\u2019Agriculture et du D\u00e9veloppement rural concernant l\u2019accompagnement des stagiaires dans la r\u00e9alisation de leurs projets, a pour but de faciliter l\u2019insertion professionnelle des dipl\u00f4m\u00e9s de cet institut.<\/p>\n<blockquote readability=\"8\">\n<p><em><strong>L\u2019objectif de ce partenariat est de permettre aux jeunes techniciens et adjoints techniques dipl\u00f4m\u00e9s de l\u2019ITMAS d\u2019acc\u00e9der aux diff\u00e9rents soutiens de l\u2019Etat pour la r\u00e9alisation de leurs projets dans le domaine de l\u2019agriculture. Cette convention vise aussi \u00e0 accompagner les dipl\u00f4m\u00e9s dans la cr\u00e9ation d\u2019une activit\u00e9 viable pourvoyeuse de richesses et d\u2019emplois\u2019\u2019 a ajout\u00e9 ce m\u00eame responsable.<\/strong><\/em><\/p>\n<\/blockquote>\n<p>M. Filali a rappel\u00e9 que l\u2019institut qu\u2019il dirige a organis\u00e9 au d\u00e9but de l\u2019ann\u00e9e scolaire 2019\/2020 une journ\u00e9e sur les opportunit\u00e9s d\u2019insertion des dipl\u00f4m\u00e9s dans la vie professionnelles. \u00ab\u00a0Lors de cette journ\u00e9e la probl\u00e9matique des difficult\u00e9s financi\u00e8res et d\u2019acc\u00e8s aux diff\u00e9rents organismes de soutien ont \u00e9t\u00e9 mis en exergue, d\u2019o\u00f9 celte convention\u00a0\u00bb, a-t-il insist\u00e9.<\/p>\n<p>De son c\u00f4t\u00e9 le directeur de l\u2019ANSEJ, Hamour Chafaa cosignataire de cette convention, a indiqu\u00e9 que dans la d\u00e9marche de cette Agence de prospection de nouveaux partenariats pour travailler en r\u00e9seaux, \u00ab\u00a0l\u2019ITMAS repr\u00e9sente un partenaire incontournable et cette convention a pour objectif le d\u00e9veloppement de l\u2019entrepreneuriat agricole\u00a0\u00bb, a-t-il dit.<\/p>\n<hr\/>\n<h3>Lire aussi:\u00a0<a href=\"http:\/\/www.aps.dz\/economie\/104526-promouvoir-l-agriculture-urbaine-pour-garantir-la-securite-alimentaire-dans-les-villes\" target=\"_blank\" rel=\"noopener noreferrer\">Promouvoir l\u2019agriculture urbaine pour garantir la s\u00e9curit\u00e9 alimentaire dans les villes<\/a><\/h3>\n<hr\/>\n<blockquote readability=\"11\">\n<p><em><strong>Au titre de cette convention, l\u2019ANSEJ organisera plusieurs actions au niveau de l\u2019ITMAS, notamment de sensibilisation et de formation \u00e0 l\u2019entrepreneuriat et la cr\u00e9ation d\u2019entreprises tout en assurant un pr\u00e9-accompagnement des dipl\u00f4m\u00e9s de cet institut agricole pour la cr\u00e9ation de leur activit\u00e9. \u00ab\u00a0Nous cherchons \u00e0 travers cette convention \u00e0 d\u00e9velopper l\u2019esprit entrepreneurial chez nos jeunes dipl\u00f4m\u00e9s sachant qu\u2019aujourd\u2019hui \u00eatre qualifi\u00e9 dans un domaine reste insuffisant pour r\u00e9ussir une activit\u00e9\u00a0\u00bb, a-t-il relev\u00e9.<\/strong><\/em><\/p>\n<\/blockquote>\n<p>Observant que la formation dans le m\u00e9tier ou le domaine d\u2019activit\u00e9 est une \u00ab\u00a0condition primordiale\u00a0\u00bb pour la cr\u00e9ation d\u2019une activit\u00e9, M. Hamour a ajout\u00e9 que la \u00ab\u00a0renomm\u00e9e de l\u2019ITMAS et la qualit\u00e9 de la formation dispens\u00e9e par cet institut, nous am\u00e8nent \u00e0 dire que cet \u00e9tablissement de formation est un gisement important de futurs entrepreneurs dans le domaine agricole et notre r\u00e9gion a besoin de d\u00e9velopper ce secteur\u2019\u2019.<\/p>\n<p>Aussi il est pr\u00e9vu au titre de cette convention la mise en place d\u2019une cellule de d\u00e9veloppement de l\u2019entrepreneuriat et de l\u2019innovation, a-t-il ajout\u00e9 en insistant sur l\u2019importance de \u00ab\u00a0sortir de la vision classique de l\u2019activit\u00e9 agricole\u00a0\u00bb.<\/p>\n<p>Le repr\u00e9sentant de la conservation des for\u00eats Larbi Chebli, a observ\u00e9 \u00e0 l\u2019occasion de la signature de cette convention que plusieurs activit\u00e9s peuvent \u00eatre d\u00e9velopp\u00e9es dont l\u2019exploitation des plantes m\u00e9dicinales et aromatiques pour, entre autres, l\u2019extraction d\u2019huiles (myrte, pistachier lentisque). \u00ab\u00a0Au titre de cette convention les jeunes dipl\u00f4m\u00e9s de l\u2019ITMAS peuvent d\u00e9velopper ce type d\u2019activit\u00e9\u00a0\u00bb, a-t-il ajout\u00e9.<\/p>\n<\/div>\n<p>Auteur:<br \/>\n<a href=\"http:\/\/www.aps.dz\/regions\/104893-tizi-ouzou-signature-d-une-convention-entre-l-itmas-et-l-ansej-pour-developper-l-entrepreneuriat-agricole\">Cliquez ici pour lire l&rsquo;article depuis sa source.<\/a><\/p>\n","protected":false},"excerpt":{"rendered":"<p>TIZI-OUZOU &#8211; Une convention visant \u00e0 promouvoir et \u00e0 d\u00e9velopper l\u2019entrepreneuriat agricole chez les dipl\u00f4m\u00e9s en agriculture, a \u00e9t\u00e9 sign\u00e9e, dimanche entre l\u2019Institut de technologie moyen agricole sp\u00e9cialis\u00e9 (ITMAS) de Tizi-Ouzou et la direction locale de l\u2019Agence nationale de soutien \u00e0 l\u2019emploi de jeune (ANSEJ). Lors de cette c\u00e9r\u00e9monie qui s\u2019est d\u00e9roul\u00e9e au si\u00e8ge de [&hellip;]<\/p>\n","protected":false},"author":1790,"featured_media":0,"comment_status":"closed","ping_status":"closed","sticky":false,"template":"","format":"standard","meta":{"fifu_image_url":"","fifu_image_alt":"","footnotes":""},"categories":[53,76],"tags":[],"class_list":["post-84953","post","type-post","status-publish","format-standard","hentry","category-algerie","category-regions"],"_links":{"self":[{"href":"https:\/\/linitiative.ca\/International\/wp-json\/wp\/v2\/posts\/84953","targetHints":{"allow":["GET"]}}],"collection":[{"href":"https:\/\/linitiative.ca\/International\/wp-json\/wp\/v2\/posts"}],"about":[{"href":"https:\/\/linitiative.ca\/International\/wp-json\/wp\/v2\/types\/post"}],"author":[{"embeddable":true,"href":"https:\/\/linitiative.ca\/International\/wp-json\/wp\/v2\/users\/1790"}],"replies":[{"embeddable":true,"href":"https:\/\/linitiative.ca\/International\/wp-json\/wp\/v2\/comments?post=84953"}],"version-history":[{"count":0,"href":"https:\/\/linitiative.ca\/International\/wp-json\/wp\/v2\/posts\/84953\/revisions"}],"wp:attachment":[{"href":"https:\/\/linitiative.ca\/International\/wp-json\/wp\/v2\/media?parent=84953"}],"wp:term":[{"taxonomy":"category","embeddable":true,"href":"https:\/\/linitiative.ca\/International\/wp-json\/wp\/v2\/categories?post=84953"},{"taxonomy":"post_tag","embeddable":true,"href":"https:\/\/linitiative.ca\/International\/wp-json\/wp\/v2\/tags?post=84953"}],"curies":[{"name":"wp","href":"https:\/\/api.w.org\/{rel}","templated":true}]}}