{"id":84965,"date":"2020-05-10T13:14:43","date_gmt":"2020-05-10T17:14:43","guid":{"rendered":"https:\/\/linitiative.ca\/International\/fake-news-enquetes-systematiques-a-leducation-nationale\/"},"modified":"2020-05-10T13:14:43","modified_gmt":"2020-05-10T17:14:43","slug":"fake-news-enquetes-systematiques-a-leducation-nationale","status":"publish","type":"post","link":"https:\/\/linitiative.ca\/International\/fake-news-enquetes-systematiques-a-leducation-nationale\/","title":{"rendered":"Fake news: Enqu\u00eates syst\u00e9matiques \u00e0 l\u2019Education nationale"},"content":{"rendered":"<div class=\"author\" readability=\"5.6949152542373\"> Par <a href=\"\/content\/ahlam-nazih\"> Ahlam NAZIH<\/a> <a href=\"\/node\/\"> <\/a> | Edition N\u00b0:5758 Le 11\/05\/2020 | Partager <\/div>\n<div class=\"body\">\n<div class=\"field field-name-body field-type-text-with-summary field-label-hidden\">\n<div class=\"field-items\" readability=\"10.5\">\n<div class=\"field-item even\" property=\"content:encoded\" readability=\"16\">\n<p class=\"rtejustify\">Ann\u00e9e blanche, r\u00e9ussite de tous les \u00e9l\u00e8ves sans exception, vacances \u00e0 l\u2019avance, annulation des oraux des concours\u2026 Les fake news impliquant l\u2019Education nationale n\u2019en finissent pas. Le minist\u00e8re assure que des enqu\u00eates syst\u00e9matiques sont d\u00e9clench\u00e9es, suivies de poursuites. Depuis le d\u00e9but de la crise du Covid-19, cinq actions en justice ont \u00e9t\u00e9 entam\u00e9es. Au total, le d\u00e9partement de Saa\u00efd Amzazi en compte six \u00e0 ce jour.<br \/><em>A.Na\u00a0 <\/em><\/p>\n<\/div>\n<\/div>\n<\/div>\n<\/div>\n<div class=\"eco-conseil\">\n<div class=\"view view-eco-conseil-16 view-id-eco_conseil_16 view-display-id-cookies view-dom-id-ea09202a648280b0548348bbd1e97bbe\">\n<div class=\"view-content\">\n<div id=\"views-bootstrap-grid-1\" class=\"views-bootstrap-grid-plugin-style\">\n<div class=\"row\">\n<div class=\" col-xs-12 col-lg-4\">\n<div class=\"row\">\n<div class=\"col col-xs-12 col-lg-12\">\n<div class=\"field-content\"><a href=\"\/article\/1061697-renault-maroc-rafle-la-moitie-des-parts-de-marche\"><img loading=\"lazy\" decoding=\"async\" class=\"img-responsive\" typeof=\"foaf:Image\" src=\"https:\/\/www.leconomiste.com\/sites\/default\/files\/eco7\/public\/styles\/800x400\/public\/default_images\/default_une.jpg?itok=4jZlgnIZ\" width=\"660\" height=\"330\" alt=\"\"\/><\/a><\/div>\n<\/div>\n<div class=\" title_suite_2 col col-xs-12 col-lg-12\"> <a href=\"\/article\/1061697-renault-maroc-rafle-la-moitie-des-parts-de-marche\"\/><span class=\"field-content\">Article 1061697<\/span><\/div>\n<\/div>\n<\/div>\n<div class=\" col-xs-12 col-lg-4\">\n<div class=\"row\">\n<div class=\"col col-xs-12 col-lg-12\">\n<div class=\"field-content\"><a href=\"\/article\/1061696-centrale-danone-freine-ses-pertes-en-2019\"><img loading=\"lazy\" decoding=\"async\" class=\"img-responsive\" typeof=\"foaf:Image\" src=\"https:\/\/www.leconomiste.com\/sites\/default\/files\/eco7\/public\/styles\/800x400\/public\/default_images\/default_une.jpg?itok=4jZlgnIZ\" width=\"660\" height=\"330\" alt=\"\"\/><\/a><\/div>\n<\/div>\n<div class=\" title_suite_2 col col-xs-12 col-lg-12\"> <a href=\"\/article\/1061696-centrale-danone-freine-ses-pertes-en-2019\"\/><span class=\"field-content\">Centrale Danone freine ses pertes en 2019<\/span><\/div>\n<\/div>\n<\/div>\n<div class=\" col-xs-12 col-lg-4\">\n<div class=\"row\">\n<div class=\"col col-xs-12 col-lg-12\">\n<div class=\"field-content\"><a href=\"\/article\/1061695-safran-l-ammc-approuve-l-offre-de-souscription-d-actions-reservee-aux-salaries\"><img loading=\"lazy\" decoding=\"async\" class=\"img-responsive\" typeof=\"foaf:Image\" src=\"https:\/\/www.leconomiste.com\/sites\/default\/files\/eco7\/public\/styles\/800x400\/public\/default_images\/default_une.jpg?itok=4jZlgnIZ\" width=\"660\" height=\"330\" alt=\"\"\/><\/a><\/div>\n<\/div>\n<div class=\" title_suite_2 col col-xs-12 col-lg-12\"> <a href=\"\/article\/1061695-safran-l-ammc-approuve-l-offre-de-souscription-d-actions-reservee-aux-salaries\"\/><span class=\"field-content\">Safran: L\u2019AMMC approuve l\u2019offre de souscription d\u2019actions r\u00e9serv\u00e9e aux salari\u00e9s<\/span><\/div>\n<\/div>\n<\/div>\n<\/div>\n<\/div>\n<\/div>\n<\/div>\n<\/div>\n<p>Auteur: hlafriqi<br \/>\n<a href=\"https:\/\/www.leconomiste.com\/article\/1061694-fake-news-enquetes-systematiques-l-education-nationale\">Cliquez ici pour lire l&rsquo;article depuis sa source.<\/a><\/p>\n","protected":false},"excerpt":{"rendered":"<p>Par Ahlam NAZIH | Edition N\u00b0:5758 Le 11\/05\/2020 | Partager Ann\u00e9e blanche, r\u00e9ussite de tous les \u00e9l\u00e8ves sans exception, vacances \u00e0 l\u2019avance, annulation des oraux des concours\u2026 Les fake news impliquant l\u2019Education nationale n\u2019en finissent pas. Le minist\u00e8re assure que des enqu\u00eates syst\u00e9matiques sont d\u00e9clench\u00e9es, suivies de poursuites. Depuis le d\u00e9but de la crise du [&hellip;]<\/p>\n","protected":false},"author":1763,"featured_media":0,"comment_status":"closed","ping_status":"closed","sticky":false,"template":"","format":"standard","meta":{"fifu_image_url":"","fifu_image_alt":"","footnotes":""},"categories":[78,54],"tags":[],"class_list":["post-84965","post","type-post","status-publish","format-standard","hentry","category-economie","category-maroc"],"_links":{"self":[{"href":"https:\/\/linitiative.ca\/International\/wp-json\/wp\/v2\/posts\/84965","targetHints":{"allow":["GET"]}}],"collection":[{"href":"https:\/\/linitiative.ca\/International\/wp-json\/wp\/v2\/posts"}],"about":[{"href":"https:\/\/linitiative.ca\/International\/wp-json\/wp\/v2\/types\/post"}],"author":[{"embeddable":true,"href":"https:\/\/linitiative.ca\/International\/wp-json\/wp\/v2\/users\/1763"}],"replies":[{"embeddable":true,"href":"https:\/\/linitiative.ca\/International\/wp-json\/wp\/v2\/comments?post=84965"}],"version-history":[{"count":0,"href":"https:\/\/linitiative.ca\/International\/wp-json\/wp\/v2\/posts\/84965\/revisions"}],"wp:attachment":[{"href":"https:\/\/linitiative.ca\/International\/wp-json\/wp\/v2\/media?parent=84965"}],"wp:term":[{"taxonomy":"category","embeddable":true,"href":"https:\/\/linitiative.ca\/International\/wp-json\/wp\/v2\/categories?post=84965"},{"taxonomy":"post_tag","embeddable":true,"href":"https:\/\/linitiative.ca\/International\/wp-json\/wp\/v2\/tags?post=84965"}],"curies":[{"name":"wp","href":"https:\/\/api.w.org\/{rel}","templated":true}]}}