{"id":84966,"date":"2020-05-10T13:15:50","date_gmt":"2020-05-10T17:15:50","guid":{"rendered":"https:\/\/linitiative.ca\/International\/safran-lammc-approuve-loffre-de-souscription-dactions-reservee-aux-salaries\/"},"modified":"2020-05-10T13:15:50","modified_gmt":"2020-05-10T17:15:50","slug":"safran-lammc-approuve-loffre-de-souscription-dactions-reservee-aux-salaries","status":"publish","type":"post","link":"https:\/\/linitiative.ca\/International\/safran-lammc-approuve-loffre-de-souscription-dactions-reservee-aux-salaries\/","title":{"rendered":"Safran: L\u2019AMMC approuve l\u2019offre de souscription d\u2019actions r\u00e9serv\u00e9e aux salari\u00e9s"},"content":{"rendered":"<div class=\"body\">\n<div class=\"field field-name-body field-type-text-with-summary field-label-hidden\">\n<div class=\"field-items\" readability=\"11.5\">\n<div class=\"field-item even\" property=\"content:encoded\" readability=\"18\">\n<p class=\"rtejustify\">Le gendarme de la Bourse vient de viser le prospectus d\u00e9finitif relatif \u00e0 une offre d\u2019actions Safran, r\u00e9serv\u00e9e aux salari\u00e9s du groupe. L\u2019op\u00e9ration se fera par cession d\u2019un maximum de 1.800.000 actions. Le prix de souscription s\u2019\u00e9tablit \u00e0 60,98 euros (soit 658,14 MAD). Au Maroc, cette op\u00e9ration concerne les\u00a0 entit\u00e9s suivantes: Safran Maroc, Safran nacelles Morocco, Safran engineering services Maroc, Safran electrical &amp; power Morocco SA, Safran electronics &amp; defense Morocco et Safran aircraft engine services. La p\u00e9riode de souscription s\u2019\u00e9talera du 11 au 12 mai 2020 inclus.<br \/><em>T.E.G.<\/em><\/p>\n<\/div>\n<\/div>\n<\/div>\n<\/div>\n<div class=\"eco-conseil\">\n<div class=\"view view-eco-conseil-16 view-id-eco_conseil_16 view-display-id-cookies view-dom-id-fd733e2f54bf8acdb946c5366b5ef3ba\">\n<div class=\"view-content\">\n<div id=\"views-bootstrap-grid-1\" class=\"views-bootstrap-grid-plugin-style\">\n<div class=\"row\">\n<div class=\" col-xs-12 col-lg-4\">\n<div class=\"row\">\n<div class=\"col col-xs-12 col-lg-12\">\n<div class=\"field-content\"><a href=\"\/article\/1061697-renault-maroc-rafle-la-moitie-des-parts-de-marche\"><img loading=\"lazy\" decoding=\"async\" class=\"img-responsive\" typeof=\"foaf:Image\" src=\"https:\/\/www.leconomiste.com\/sites\/default\/files\/eco7\/public\/styles\/800x400\/public\/default_images\/default_une.jpg?itok=4jZlgnIZ\" width=\"660\" height=\"330\" alt=\"\"\/><\/a><\/div>\n<\/div>\n<div class=\" title_suite_2 col col-xs-12 col-lg-12\"> <a href=\"\/article\/1061697-renault-maroc-rafle-la-moitie-des-parts-de-marche\"\/><span class=\"field-content\">Article 1061697<\/span><\/div>\n<\/div>\n<\/div>\n<div class=\" col-xs-12 col-lg-4\">\n<div class=\"row\">\n<div class=\"col col-xs-12 col-lg-12\">\n<div class=\"field-content\"><a href=\"\/article\/1061696-centrale-danone-freine-ses-pertes-en-2019\"><img loading=\"lazy\" decoding=\"async\" class=\"img-responsive\" typeof=\"foaf:Image\" src=\"https:\/\/www.leconomiste.com\/sites\/default\/files\/eco7\/public\/styles\/800x400\/public\/default_images\/default_une.jpg?itok=4jZlgnIZ\" width=\"660\" height=\"330\" alt=\"\"\/><\/a><\/div>\n<\/div>\n<div class=\" title_suite_2 col col-xs-12 col-lg-12\"> <a href=\"\/article\/1061696-centrale-danone-freine-ses-pertes-en-2019\"\/><span class=\"field-content\">Centrale Danone freine ses pertes en 2019<\/span><\/div>\n<\/div>\n<\/div>\n<div class=\" col-xs-12 col-lg-4\">\n<div class=\"row\">\n<div class=\"col col-xs-12 col-lg-12\">\n<div class=\"field-content\"><a href=\"\/article\/1061694-fake-news-enquetes-systematiques-l-education-nationale\"><img loading=\"lazy\" decoding=\"async\" class=\"img-responsive\" typeof=\"foaf:Image\" src=\"https:\/\/www.leconomiste.com\/sites\/default\/files\/eco7\/public\/styles\/800x400\/public\/default_images\/default_une.jpg?itok=4jZlgnIZ\" width=\"660\" height=\"330\" alt=\"\"\/><\/a><\/div>\n<\/div>\n<div class=\" title_suite_2 col col-xs-12 col-lg-12\"> <a href=\"\/article\/1061694-fake-news-enquetes-systematiques-l-education-nationale\"\/><span class=\"field-content\">Fake news: Enqu\u00eates syst\u00e9matiques \u00e0 l\u2019Education nationale<\/span><\/div>\n<\/div>\n<\/div>\n<\/div>\n<\/div>\n<\/div>\n<\/div>\n<\/div>\n<p>Auteur: hlafriqi<br \/>\n<a href=\"https:\/\/www.leconomiste.com\/article\/1061695-safran-l-ammc-approuve-l-offre-de-souscription-d-actions-reservee-aux-salaries\">Cliquez ici pour lire l&rsquo;article depuis sa source.<\/a><\/p>\n","protected":false},"excerpt":{"rendered":"<p>Le gendarme de la Bourse vient de viser le prospectus d\u00e9finitif relatif \u00e0 une offre d\u2019actions Safran, r\u00e9serv\u00e9e aux salari\u00e9s du groupe. L\u2019op\u00e9ration se fera par cession d\u2019un maximum de 1.800.000 actions. Le prix de souscription s\u2019\u00e9tablit \u00e0 60,98 euros (soit 658,14 MAD). Au Maroc, cette op\u00e9ration concerne les\u00a0 entit\u00e9s suivantes: Safran Maroc, Safran nacelles [&hellip;]<\/p>\n","protected":false},"author":1763,"featured_media":0,"comment_status":"closed","ping_status":"closed","sticky":false,"template":"","format":"standard","meta":{"fifu_image_url":"","fifu_image_alt":"","footnotes":""},"categories":[78,54],"tags":[],"class_list":["post-84966","post","type-post","status-publish","format-standard","hentry","category-economie","category-maroc"],"_links":{"self":[{"href":"https:\/\/linitiative.ca\/International\/wp-json\/wp\/v2\/posts\/84966","targetHints":{"allow":["GET"]}}],"collection":[{"href":"https:\/\/linitiative.ca\/International\/wp-json\/wp\/v2\/posts"}],"about":[{"href":"https:\/\/linitiative.ca\/International\/wp-json\/wp\/v2\/types\/post"}],"author":[{"embeddable":true,"href":"https:\/\/linitiative.ca\/International\/wp-json\/wp\/v2\/users\/1763"}],"replies":[{"embeddable":true,"href":"https:\/\/linitiative.ca\/International\/wp-json\/wp\/v2\/comments?post=84966"}],"version-history":[{"count":0,"href":"https:\/\/linitiative.ca\/International\/wp-json\/wp\/v2\/posts\/84966\/revisions"}],"wp:attachment":[{"href":"https:\/\/linitiative.ca\/International\/wp-json\/wp\/v2\/media?parent=84966"}],"wp:term":[{"taxonomy":"category","embeddable":true,"href":"https:\/\/linitiative.ca\/International\/wp-json\/wp\/v2\/categories?post=84966"},{"taxonomy":"post_tag","embeddable":true,"href":"https:\/\/linitiative.ca\/International\/wp-json\/wp\/v2\/tags?post=84966"}],"curies":[{"name":"wp","href":"https:\/\/api.w.org\/{rel}","templated":true}]}}