{"id":84967,"date":"2020-05-10T13:16:56","date_gmt":"2020-05-10T17:16:56","guid":{"rendered":"https:\/\/linitiative.ca\/International\/centrale-danone-freine-ses-pertes-en-2019\/"},"modified":"2020-05-10T13:16:56","modified_gmt":"2020-05-10T17:16:56","slug":"centrale-danone-freine-ses-pertes-en-2019","status":"publish","type":"post","link":"https:\/\/linitiative.ca\/International\/centrale-danone-freine-ses-pertes-en-2019\/","title":{"rendered":"Centrale Danone freine ses pertes en 2019"},"content":{"rendered":"<div class=\"body\">\n<div class=\"field field-name-body field-type-text-with-summary field-label-hidden\">\n<div class=\"field-items\" readability=\"10.5\">\n<div class=\"field-item even\" property=\"content:encoded\" readability=\"16\">\n<p class=\"rtejustify\">Le r\u00e9sultat net part du groupe s\u2019est \u00e9tabli \u00e0 421 millions de DH \u00e0 fin 2019, soit une am\u00e9lioration de 117 millions de DH par rapport \u00e0 2018. Le chiffre d\u2019affaires consolid\u00e9 s\u2019est fix\u00e9 \u00e0 4,5 milliards de DH, en recul de 3,8% sur un an. L\u2019exc\u00e9dent brut d\u2019exploitation courant du groupe s\u2019est \u00e9lev\u00e9 \u00e0 141 millions de DH, en baisse de 21,2% par rapport \u00e0 2018. L\u2019ann\u00e9e 2019 a \u00e9t\u00e9 marqu\u00e9e par une reprise progressive du march\u00e9 des produits laitiers au second semestre.<br \/><em>\u00a0T.E.G.<\/em><\/p>\n<\/div>\n<\/div>\n<\/div>\n<\/div>\n<div class=\"eco-conseil\">\n<div class=\"view view-eco-conseil-16 view-id-eco_conseil_16 view-display-id-cookies view-dom-id-c5f7d0eabe7b627ebbadb43db4ac3f39\">\n<div class=\"view-content\">\n<div id=\"views-bootstrap-grid-1\" class=\"views-bootstrap-grid-plugin-style\">\n<div class=\"row\">\n<div class=\" col-xs-12 col-lg-4\">\n<div class=\"row\">\n<div class=\"col col-xs-12 col-lg-12\">\n<div class=\"field-content\"><a href=\"\/article\/1061697-renault-maroc-rafle-la-moitie-des-parts-de-marche\"><img loading=\"lazy\" decoding=\"async\" class=\"img-responsive\" typeof=\"foaf:Image\" src=\"https:\/\/www.leconomiste.com\/sites\/default\/files\/eco7\/public\/styles\/800x400\/public\/default_images\/default_une.jpg?itok=4jZlgnIZ\" width=\"660\" height=\"330\" alt=\"\"\/><\/a><\/div>\n<\/div>\n<div class=\" title_suite_2 col col-xs-12 col-lg-12\"> <a href=\"\/article\/1061697-renault-maroc-rafle-la-moitie-des-parts-de-marche\"\/><span class=\"field-content\">Article 1061697<\/span><\/div>\n<\/div>\n<\/div>\n<div class=\" col-xs-12 col-lg-4\">\n<div class=\"row\">\n<div class=\"col col-xs-12 col-lg-12\">\n<div class=\"field-content\"><a href=\"\/article\/1061695-safran-l-ammc-approuve-l-offre-de-souscription-d-actions-reservee-aux-salaries\"><img loading=\"lazy\" decoding=\"async\" class=\"img-responsive\" typeof=\"foaf:Image\" src=\"https:\/\/www.leconomiste.com\/sites\/default\/files\/eco7\/public\/styles\/800x400\/public\/default_images\/default_une.jpg?itok=4jZlgnIZ\" width=\"660\" height=\"330\" alt=\"\"\/><\/a><\/div>\n<\/div>\n<div class=\" title_suite_2 col col-xs-12 col-lg-12\"> <a href=\"\/article\/1061695-safran-l-ammc-approuve-l-offre-de-souscription-d-actions-reservee-aux-salaries\"\/><span class=\"field-content\">Safran: L\u2019AMMC approuve l\u2019offre de souscription d\u2019actions r\u00e9serv\u00e9e aux salari\u00e9s<\/span><\/div>\n<\/div>\n<\/div>\n<div class=\" col-xs-12 col-lg-4\">\n<div class=\"row\">\n<div class=\"col col-xs-12 col-lg-12\">\n<div class=\"field-content\"><a href=\"\/article\/1061694-fake-news-enquetes-systematiques-l-education-nationale\"><img loading=\"lazy\" decoding=\"async\" class=\"img-responsive\" typeof=\"foaf:Image\" src=\"https:\/\/www.leconomiste.com\/sites\/default\/files\/eco7\/public\/styles\/800x400\/public\/default_images\/default_une.jpg?itok=4jZlgnIZ\" width=\"660\" height=\"330\" alt=\"\"\/><\/a><\/div>\n<\/div>\n<div class=\" title_suite_2 col col-xs-12 col-lg-12\"> <a href=\"\/article\/1061694-fake-news-enquetes-systematiques-l-education-nationale\"\/><span class=\"field-content\">Fake news: Enqu\u00eates syst\u00e9matiques \u00e0 l\u2019Education nationale<\/span><\/div>\n<\/div>\n<\/div>\n<\/div>\n<\/div>\n<\/div>\n<\/div>\n<\/div>\n<p>Auteur: hlafriqi<br \/>\n<a href=\"https:\/\/www.leconomiste.com\/article\/1061696-centrale-danone-freine-ses-pertes-en-2019\">Cliquez ici pour lire l&rsquo;article depuis sa source.<\/a><\/p>\n","protected":false},"excerpt":{"rendered":"<p>Le r\u00e9sultat net part du groupe s\u2019est \u00e9tabli \u00e0 421 millions de DH \u00e0 fin 2019, soit une am\u00e9lioration de 117 millions de DH par rapport \u00e0 2018. Le chiffre d\u2019affaires consolid\u00e9 s\u2019est fix\u00e9 \u00e0 4,5 milliards de DH, en recul de 3,8% sur un an. L\u2019exc\u00e9dent brut d\u2019exploitation courant du groupe s\u2019est \u00e9lev\u00e9 \u00e0 [&hellip;]<\/p>\n","protected":false},"author":1763,"featured_media":0,"comment_status":"closed","ping_status":"closed","sticky":false,"template":"","format":"standard","meta":{"fifu_image_url":"","fifu_image_alt":"","footnotes":""},"categories":[78,54],"tags":[],"class_list":["post-84967","post","type-post","status-publish","format-standard","hentry","category-economie","category-maroc"],"_links":{"self":[{"href":"https:\/\/linitiative.ca\/International\/wp-json\/wp\/v2\/posts\/84967","targetHints":{"allow":["GET"]}}],"collection":[{"href":"https:\/\/linitiative.ca\/International\/wp-json\/wp\/v2\/posts"}],"about":[{"href":"https:\/\/linitiative.ca\/International\/wp-json\/wp\/v2\/types\/post"}],"author":[{"embeddable":true,"href":"https:\/\/linitiative.ca\/International\/wp-json\/wp\/v2\/users\/1763"}],"replies":[{"embeddable":true,"href":"https:\/\/linitiative.ca\/International\/wp-json\/wp\/v2\/comments?post=84967"}],"version-history":[{"count":0,"href":"https:\/\/linitiative.ca\/International\/wp-json\/wp\/v2\/posts\/84967\/revisions"}],"wp:attachment":[{"href":"https:\/\/linitiative.ca\/International\/wp-json\/wp\/v2\/media?parent=84967"}],"wp:term":[{"taxonomy":"category","embeddable":true,"href":"https:\/\/linitiative.ca\/International\/wp-json\/wp\/v2\/categories?post=84967"},{"taxonomy":"post_tag","embeddable":true,"href":"https:\/\/linitiative.ca\/International\/wp-json\/wp\/v2\/tags?post=84967"}],"curies":[{"name":"wp","href":"https:\/\/api.w.org\/{rel}","templated":true}]}}