{"id":84968,"date":"2020-05-10T13:17:52","date_gmt":"2020-05-10T17:17:52","guid":{"rendered":"https:\/\/linitiative.ca\/International\/article-1061697\/"},"modified":"2020-05-10T13:17:52","modified_gmt":"2020-05-10T17:17:52","slug":"article-1061697","status":"publish","type":"post","link":"https:\/\/linitiative.ca\/International\/article-1061697\/","title":{"rendered":"Article 1061697"},"content":{"rendered":"<div class=\"body\">\n<div class=\"field field-name-body field-type-text-with-summary field-label-hidden\">\n<div class=\"field-items\" readability=\"14.5\">\n<div class=\"field-item even\" property=\"content:encoded\" readability=\"24\">\n<p class=\"rtejustify\">Le groupe a cl\u00f4tur\u00e9 le quatri\u00e8me mois de 2020 avec une part de march\u00e9 historique de 50,2%, avec Dacia \u00e0 34,9% et le Losange \u00e0 15,3%. Au cumul de l\u2019ann\u00e9e, le constructeur automobile a livr\u00e9 14.368 v\u00e9hicules neufs, en r\u00e9alisant ainsi une part de march\u00e9 de 42,5%. Dacia, avec ses 587 livraisons, maintient sa position de leader du march\u00e9 VP-VU au Maroc. En 2020, ce sont 10.124 v\u00e9hicules qui ont \u00e9t\u00e9 vendus, soit une part de march\u00e9 au cumul de 29,9%. Le Losange conforte ainsi, sa deuxi\u00e8me marche du podium avec au cumul 4.244 livraisons et une part de march\u00e9 de 12,5%.<br \/><em>T.E.G.<\/em><\/p>\n<\/div>\n<\/div>\n<\/div>\n<\/div>\n<div class=\"eco-conseil\">\n<div class=\"view view-eco-conseil-16 view-id-eco_conseil_16 view-display-id-cookies view-dom-id-1f1dcd9d2c24a223ba1e129fed8bd020\">\n<div class=\"view-content\">\n<div id=\"views-bootstrap-grid-1\" class=\"views-bootstrap-grid-plugin-style\">\n<div class=\"row\">\n<div class=\" col-xs-12 col-lg-4\">\n<div class=\"row\">\n<div class=\"col col-xs-12 col-lg-12\">\n<div class=\"field-content\"><a href=\"\/article\/1061696-centrale-danone-freine-ses-pertes-en-2019\"><img loading=\"lazy\" decoding=\"async\" class=\"img-responsive\" typeof=\"foaf:Image\" src=\"https:\/\/www.leconomiste.com\/sites\/default\/files\/eco7\/public\/styles\/800x400\/public\/default_images\/default_une.jpg?itok=4jZlgnIZ\" width=\"660\" height=\"330\" alt=\"\"\/><\/a><\/div>\n<\/div>\n<div class=\" title_suite_2 col col-xs-12 col-lg-12\"> <a href=\"\/article\/1061696-centrale-danone-freine-ses-pertes-en-2019\"\/><span class=\"field-content\">Centrale Danone freine ses pertes en 2019<\/span><\/div>\n<\/div>\n<\/div>\n<div class=\" col-xs-12 col-lg-4\">\n<div class=\"row\">\n<div class=\"col col-xs-12 col-lg-12\">\n<div class=\"field-content\"><a href=\"\/article\/1061695-safran-l-ammc-approuve-l-offre-de-souscription-d-actions-reservee-aux-salaries\"><img loading=\"lazy\" decoding=\"async\" class=\"img-responsive\" typeof=\"foaf:Image\" src=\"https:\/\/www.leconomiste.com\/sites\/default\/files\/eco7\/public\/styles\/800x400\/public\/default_images\/default_une.jpg?itok=4jZlgnIZ\" width=\"660\" height=\"330\" alt=\"\"\/><\/a><\/div>\n<\/div>\n<div class=\" title_suite_2 col col-xs-12 col-lg-12\"> <a href=\"\/article\/1061695-safran-l-ammc-approuve-l-offre-de-souscription-d-actions-reservee-aux-salaries\"\/><span class=\"field-content\">Safran: L\u2019AMMC approuve l\u2019offre de souscription d\u2019actions r\u00e9serv\u00e9e aux salari\u00e9s<\/span><\/div>\n<\/div>\n<\/div>\n<div class=\" col-xs-12 col-lg-4\">\n<div class=\"row\">\n<div class=\"col col-xs-12 col-lg-12\">\n<div class=\"field-content\"><a href=\"\/article\/1061694-fake-news-enquetes-systematiques-l-education-nationale\"><img loading=\"lazy\" decoding=\"async\" class=\"img-responsive\" typeof=\"foaf:Image\" src=\"https:\/\/www.leconomiste.com\/sites\/default\/files\/eco7\/public\/styles\/800x400\/public\/default_images\/default_une.jpg?itok=4jZlgnIZ\" width=\"660\" height=\"330\" alt=\"\"\/><\/a><\/div>\n<\/div>\n<div class=\" title_suite_2 col col-xs-12 col-lg-12\"> <a href=\"\/article\/1061694-fake-news-enquetes-systematiques-l-education-nationale\"\/><span class=\"field-content\">Fake news: Enqu\u00eates syst\u00e9matiques \u00e0 l\u2019Education nationale<\/span><\/div>\n<\/div>\n<\/div>\n<\/div>\n<\/div>\n<\/div>\n<\/div>\n<\/div>\n<p>Auteur: hlafriqi<br \/>\n<a href=\"https:\/\/www.leconomiste.com\/article\/1061697-renault-maroc-rafle-la-moitie-des-parts-de-marche\">Cliquez ici pour lire l&rsquo;article depuis sa source.<\/a><\/p>\n","protected":false},"excerpt":{"rendered":"<p>Le groupe a cl\u00f4tur\u00e9 le quatri\u00e8me mois de 2020 avec une part de march\u00e9 historique de 50,2%, avec Dacia \u00e0 34,9% et le Losange \u00e0 15,3%. Au cumul de l\u2019ann\u00e9e, le constructeur automobile a livr\u00e9 14.368 v\u00e9hicules neufs, en r\u00e9alisant ainsi une part de march\u00e9 de 42,5%. Dacia, avec ses 587 livraisons, maintient sa position [&hellip;]<\/p>\n","protected":false},"author":1763,"featured_media":0,"comment_status":"closed","ping_status":"closed","sticky":false,"template":"","format":"standard","meta":{"fifu_image_url":"","fifu_image_alt":"","footnotes":""},"categories":[78,54],"tags":[],"class_list":["post-84968","post","type-post","status-publish","format-standard","hentry","category-economie","category-maroc"],"_links":{"self":[{"href":"https:\/\/linitiative.ca\/International\/wp-json\/wp\/v2\/posts\/84968","targetHints":{"allow":["GET"]}}],"collection":[{"href":"https:\/\/linitiative.ca\/International\/wp-json\/wp\/v2\/posts"}],"about":[{"href":"https:\/\/linitiative.ca\/International\/wp-json\/wp\/v2\/types\/post"}],"author":[{"embeddable":true,"href":"https:\/\/linitiative.ca\/International\/wp-json\/wp\/v2\/users\/1763"}],"replies":[{"embeddable":true,"href":"https:\/\/linitiative.ca\/International\/wp-json\/wp\/v2\/comments?post=84968"}],"version-history":[{"count":0,"href":"https:\/\/linitiative.ca\/International\/wp-json\/wp\/v2\/posts\/84968\/revisions"}],"wp:attachment":[{"href":"https:\/\/linitiative.ca\/International\/wp-json\/wp\/v2\/media?parent=84968"}],"wp:term":[{"taxonomy":"category","embeddable":true,"href":"https:\/\/linitiative.ca\/International\/wp-json\/wp\/v2\/categories?post=84968"},{"taxonomy":"post_tag","embeddable":true,"href":"https:\/\/linitiative.ca\/International\/wp-json\/wp\/v2\/tags?post=84968"}],"curies":[{"name":"wp","href":"https:\/\/api.w.org\/{rel}","templated":true}]}}