{"id":84971,"date":"2020-05-09T19:32:00","date_gmt":"2020-05-09T23:32:00","guid":{"rendered":"https:\/\/linitiative.ca\/International\/les-clubs-aussi-doivent-dire-leur-mot\/"},"modified":"2020-05-09T19:32:00","modified_gmt":"2020-05-09T23:32:00","slug":"les-clubs-aussi-doivent-dire-leur-mot","status":"publish","type":"post","link":"https:\/\/linitiative.ca\/International\/les-clubs-aussi-doivent-dire-leur-mot\/","title":{"rendered":"Les clubs, aussi, doivent dire leur mot !"},"content":{"rendered":"<p class=\"MsoNormal c4\"><span class=\"c3\">La FTF a pr\u00e9sent\u00e9 deux projets aux \u00e9quipes de la Ligue 2 pour terminer l\u2019actuelle saison. Deux alternatives afin de pouvoir connaitre les deux <span class=\"c2\">\u00a0<\/span>\u00e9quipes qui acc\u00e9deront parmi l\u2019\u00e9lite et les quatre devant \u00e9voluer la saison prochaine en division inf\u00e9rieure.<\/span><\/p>\n<p class=\"MsoNormal c4\"><span class=\"c3\">-Le <strong>1<sup>er<\/sup><span class=\"c2\">\u00a0<\/span>projet<\/strong> pr\u00e9voit l\u2019organisation de deux rencontres aller et retour entre les deux premiers de chaque poule (O. B\u00e9ja et O. Sidi Bouzid en poule A, AS Rajich et EGS Gafsa en poule B) afin de d\u00e9terminer les deux \u00e9quipes devant acc\u00e9der en Ligue 1. Les quatre rencontres seront disput\u00e9es sur un terrain neutre et \u00e0 huis-clos. La FTF propose de faire disputer ces 4 rencontres pour l\u2019accession et les deux tournois pour le maintien lors de la derni\u00e8re semaine du mois de juin, tout en appliquant toutes les mesures de s\u00e9curit\u00e9 , d\u00e9taill\u00e9es dans le projet initial pr\u00e9sent\u00e9 au pr\u00e9alable, aux autorit\u00e9s.<span class=\"c2\">\u00a0<\/span><\/span><\/p>\n<p class=\"MsoNormal c4\"><span class=\"c3\">Pour la rel\u00e9gation, la FTF pr\u00e9voit l\u2019organisation d\u2019un mini-championnat r\u00e9unissant les 4 <span class=\"c2\">\u00a0<\/span>derni\u00e8res \u00e9quipes au classement <span class=\"c2\">\u00a0<\/span>de chaque poule\u00a0<\/span><\/p>\n<p class=\"MsoNormal c4\"><span class=\"c3\">Ces deux tournois seront disput\u00e9s sur des terrains neutres et \u00e0 huis-clos \u00e9galement. Les deux derniers de chaque poule seront automatiquement rel\u00e9gu\u00e9es en Ligue 3.<\/span><\/p>\n<p class=\"MsoNormal c4\"><span class=\"c3\">La FTF propose deux dates pour l\u2019organisation de ces deux tournois. Soit, la fin du mois de juin, soit au mois d\u2019ao\u00fbt apr\u00e8s l\u2019accord du<span class=\"c2\">\u00a0<\/span> gouvernement, bien entendu.<\/span><\/p>\n<p class=\"MsoNormal c4\"><span class=\"c3\">Le <strong>2<sup>\u00e8me<\/sup><span class=\"c2\">\u00a0<\/span>projet<\/strong> pr\u00e9voit la reprise de la comp\u00e9tition au mois d\u2019ao\u00fbt pour faire disputer les 7 journ\u00e9es restantes ,selon le calendrier d\u00e9j\u00e0 \u00e9tabli au d\u00e9but de saison. Ainsi, la prochaine saison ne d\u00e9butera que le 24 octobre prochain.<\/span><\/p>\n<p class=\"MsoNormal c4\"><span class=\"c3\">Or, une question qui m\u00e9rite d\u2019\u00eatre pos\u00e9e\u00a0: est-ce que les clubs n\u2019ont pas leur mot \u00e0 dire\u00a0?<span class=\"c2\">\u00a0\u00a0\u00a0\u00a0\u00a0\u00a0\u00a0\u00a0\u00a0\u00a0\u00a0\u00a0\u00a0\u00a0\u00a0\u00a0\u00a0\u00a0\u00a0\u00a0\u00a0\u00a0\u00a0\u00a0<\/span> <span class=\"c2\">\u00a0\u00a0\u00a0\u00a0\u00a0\u00a0\u00a0\u00a0\u00a0\u00a0\u00a0\u00a0\u00a0\u00a0\u00a0\u00a0\u00a0\u00a0\u00a0\u00a0\u00a0\u00a0\u00a0\u00a0\u00a0\u00a0\u00a0\u00a0\u00a0\u00a0\u00a0\u00a0\u00a0\u00a0\u00a0\u00a0\u00a0\u00a0\u00a0\u00a0\u00a0\u00a0\u00a0\u00a0<\/span><span class=\"c2\">\u00a0\u00a0\u00a0<\/span><strong>M.R<\/strong><\/span><\/p>\n<p>Auteur: letemps1<br \/>\n<a href=\"http:\/\/www.letemps.com.tn\/article\/113726\/les-clubs-aussi-doivent-dire-leur-mot\">Cliquez ici pour lire l&rsquo;article depuis sa source.<\/a><\/p>\n","protected":false},"excerpt":{"rendered":"<p>La FTF a pr\u00e9sent\u00e9 deux projets aux \u00e9quipes de la Ligue 2 pour terminer l\u2019actuelle saison. Deux alternatives afin de pouvoir connaitre les deux \u00a0\u00e9quipes qui acc\u00e9deront parmi l\u2019\u00e9lite et les quatre devant \u00e9voluer la saison prochaine en division inf\u00e9rieure. -Le 1er\u00a0projet pr\u00e9voit l\u2019organisation de deux rencontres aller et retour entre les deux premiers de [&hellip;]<\/p>\n","protected":false},"author":1773,"featured_media":0,"comment_status":"closed","ping_status":"closed","sticky":false,"template":"","format":"standard","meta":{"fifu_image_url":"","fifu_image_alt":"","footnotes":""},"categories":[73,55],"tags":[],"class_list":["post-84971","post","type-post","status-publish","format-standard","hentry","category-actualite","category-tunisie"],"_links":{"self":[{"href":"https:\/\/linitiative.ca\/International\/wp-json\/wp\/v2\/posts\/84971","targetHints":{"allow":["GET"]}}],"collection":[{"href":"https:\/\/linitiative.ca\/International\/wp-json\/wp\/v2\/posts"}],"about":[{"href":"https:\/\/linitiative.ca\/International\/wp-json\/wp\/v2\/types\/post"}],"author":[{"embeddable":true,"href":"https:\/\/linitiative.ca\/International\/wp-json\/wp\/v2\/users\/1773"}],"replies":[{"embeddable":true,"href":"https:\/\/linitiative.ca\/International\/wp-json\/wp\/v2\/comments?post=84971"}],"version-history":[{"count":0,"href":"https:\/\/linitiative.ca\/International\/wp-json\/wp\/v2\/posts\/84971\/revisions"}],"wp:attachment":[{"href":"https:\/\/linitiative.ca\/International\/wp-json\/wp\/v2\/media?parent=84971"}],"wp:term":[{"taxonomy":"category","embeddable":true,"href":"https:\/\/linitiative.ca\/International\/wp-json\/wp\/v2\/categories?post=84971"},{"taxonomy":"post_tag","embeddable":true,"href":"https:\/\/linitiative.ca\/International\/wp-json\/wp\/v2\/tags?post=84971"}],"curies":[{"name":"wp","href":"https:\/\/api.w.org\/{rel}","templated":true}]}}