{"id":84980,"date":"2020-05-10T15:13:53","date_gmt":"2020-05-10T19:13:53","guid":{"rendered":"https:\/\/linitiative.ca\/International\/ligue-1-2-reprise-du-championnat-tout-sera-tire-au-clair-apres-le-deconfinement\/"},"modified":"2020-05-10T15:13:53","modified_gmt":"2020-05-10T19:13:53","slug":"ligue-1-2-reprise-du-championnat-tout-sera-tire-au-clair-apres-le-deconfinement","status":"publish","type":"post","link":"https:\/\/linitiative.ca\/International\/ligue-1-2-reprise-du-championnat-tout-sera-tire-au-clair-apres-le-deconfinement\/","title":{"rendered":"Ligue 1 &amp; 2 : Reprise du championnat: \u00ab\u00a0tout sera tir\u00e9 au clair apr\u00e8s le d\u00e9confinement\u00a0\u00bb"},"content":{"rendered":"<div readability=\"32\">\n<p>Auteur : <span>APS<\/span> <span class=\"time\">dimanche 10 mai 2020 18:12<\/span><\/p>\n<\/div>\n<div id=\"post_core\" readability=\"90\">\n<p>Le pr\u00e9sident de la Ligue de football professionnel (LFP), Abdelkrim Medouar, a indiqu\u00e9 dimanche qu&rsquo;aucune d\u00e9cision n&rsquo;a \u00e9t\u00e9 prise concernant une \u00e9ventuelle reprise de la comp\u00e9tition, suspendue depuis mi-mars en raison du nouveau coronavirus (Covid-19), soulignant que \u00ab\u00a0tout sera tir\u00e9 au clair\u00a0\u00bb apr\u00e8s la lev\u00e9e du confinement.<\/p>\n<p>\u00ab\u00a0Au cours de notre r\u00e9union tenue notamment en pr\u00e9sence de repr\u00e9sentants du minist\u00e8re de la Jeunesse et des Sports (MJS) et de la F\u00e9d\u00e9ration alg\u00e9rienne de football (FAF), tout le monde \u00e9tait unanime \u00e0 dire qu&rsquo;il \u00e9tait pr\u00e9matur\u00e9 de se prononcer sur une \u00e9ventuelle reprise du championnat, tant que le confinement est en vigueur. Tout sera tir\u00e9 au clair apr\u00e8s le d\u00e9confinement, c&rsquo;est \u00e0 partir de l\u00e0 qu&rsquo;on pourra trancher la question\u00a0\u00bb, a d\u00e9clar\u00e9 \u00e0 l&rsquo;APS le premier responsable de l&rsquo;instance dirigeante de la comp\u00e9tition. Cette r\u00e9union, tenue dimanche au si\u00e8ge du MJS en l&rsquo;absence du ministre Sid Ali Khaldi et du pr\u00e9sident de la FAF Kheireddine Zetchi, fait suite \u00e0 la demande formul\u00e9e par le Bureau f\u00e9d\u00e9ral, pour discuter du sort r\u00e9serv\u00e9 \u00e0 la comp\u00e9tition. L&rsquo;ensemble des championnats et manifestations sportives sont suspendus depuis le 16 mars en raison du Covid-19. Selon le dernier bilan \u00e9tabli samedi, l&rsquo;Alg\u00e9rie a enregistr\u00e9 5558 cas de contamination au coronavirus dont 494 d\u00e9c\u00e8s.<\/p>\n<p>\u00ab\u00a0Nous ne pouvons pas voir plus clair actuellement, mais nous avons \u00e9tabli des simulations pour le calendrier, une mani\u00e8re d&rsquo;anticiper les choses. Au cours de ladite r\u00e9union, nous avons suivi un expos\u00e9 pr\u00e9sent\u00e9 par le repr\u00e9sentant du Centre national de la m\u00e9decine du Sport (CNMS), sur les risques encourus par l&rsquo;athl\u00e8te en cas de reprise\u00a0\u00bb, a-t-il ajout\u00e9.<\/p>\n<p>Avant d&rsquo;encha\u00eener: \u00ab\u00a0Attribuer le titre ou d\u00e9cider de ne pas y avoir de promus ou de rel\u00e9gu\u00e9s, en cas d&rsquo;arr\u00eat d\u00e9finitif du championnat, n&rsquo;est pas d&rsquo;actualit\u00e9. Nous ne pouvons pas avancer des choses alors que nous n&rsquo;avons pas de donn\u00e9es\u00a0\u00bb.<\/p>\n<p>Medouar est revenu sur le communiqu\u00e9 publi\u00e9 samedi par le CR Belouizdad, leader de la Ligue 1 avant sa suspension. Le club alg\u00e9rois s&rsquo;est montr\u00e9 favorable \u00e0 suivre la voie des pays qui ont arr\u00eat\u00e9 d\u00e9finitivement leur championnat, appelant d\u00e8s lors \u00e0 pr\u00e9parer la prochaine saison footballistique, 2020\/2021.<\/p>\n<p>\u00ab\u00a0Je ne vais pas condamner le communiqu\u00e9, je respecte l&rsquo;avis du CRB. Mais, il \u00e9tait pr\u00e9f\u00e9rable que le club transmette sa proposition par courrier \u00e0 la LFP ou la FAF et ne pas publier sur les r\u00e9seaux sociaux. En tant que pr\u00e9sident de la LFP, je suis pr\u00eat \u00e0 recevoir les propositions de l&rsquo;ensemble des clubs professionnels, d&rsquo;autant que la situation actuelle n\u00e9cessite de larges consultations, mais il y a des mani\u00e8res de le faire\u00a0\u00bb, a-t-il conclu. Selon la feuille de route de la FAF, le reste de la saison 2019-2020 des Ligues 1 et 2 est programm\u00e9 sur une p\u00e9riode de 8 semaines, d\u00e8s la lev\u00e9e du confinement et apr\u00e8s une p\u00e9riode de pr\u00e9paration de 5 \u00e0 6 semaines, quelle que soit la date arr\u00eat\u00e9e par les pouvoirs publics.<\/p>\n<p><strong>Publi\u00e9 dans :<\/strong> <span>Medouar<\/span><\/p>\n<\/div>\n<p>Auteur:<br \/>\n<a href=\"http:\/\/www.lebuteur.com\/article\/detail?titre=reprise-du-championnat-tout-sera-tire-au-clair-apres-le-deconfinement&#038;id=95888&#038;utm_source=feedburner&#038;utm_medium=feed&#038;utm_campaign=Feed%3A+GalerieFArtciles+%28Les+derniers+articles++-+lebuteur.com%29\">Cliquez ici pour lire l&rsquo;article depuis sa source.<\/a><\/p>\n","protected":false},"excerpt":{"rendered":"<p>Auteur : APS dimanche 10 mai 2020 18:12 Le pr\u00e9sident de la Ligue de football professionnel (LFP), Abdelkrim Medouar, a indiqu\u00e9 dimanche qu&rsquo;aucune d\u00e9cision n&rsquo;a \u00e9t\u00e9 prise concernant une \u00e9ventuelle reprise de la comp\u00e9tition, suspendue depuis mi-mars en raison du nouveau coronavirus (Covid-19), soulignant que \u00ab\u00a0tout sera tir\u00e9 au clair\u00a0\u00bb apr\u00e8s la lev\u00e9e du confinement. [&hellip;]<\/p>\n","protected":false},"author":1738,"featured_media":84981,"comment_status":"closed","ping_status":"closed","sticky":false,"template":"","format":"standard","meta":{"fifu_image_url":"","fifu_image_alt":"","footnotes":""},"categories":[53,75],"tags":[],"class_list":["post-84980","post","type-post","status-publish","format-standard","has-post-thumbnail","hentry","category-algerie","category-sport"],"_links":{"self":[{"href":"https:\/\/linitiative.ca\/International\/wp-json\/wp\/v2\/posts\/84980","targetHints":{"allow":["GET"]}}],"collection":[{"href":"https:\/\/linitiative.ca\/International\/wp-json\/wp\/v2\/posts"}],"about":[{"href":"https:\/\/linitiative.ca\/International\/wp-json\/wp\/v2\/types\/post"}],"author":[{"embeddable":true,"href":"https:\/\/linitiative.ca\/International\/wp-json\/wp\/v2\/users\/1738"}],"replies":[{"embeddable":true,"href":"https:\/\/linitiative.ca\/International\/wp-json\/wp\/v2\/comments?post=84980"}],"version-history":[{"count":0,"href":"https:\/\/linitiative.ca\/International\/wp-json\/wp\/v2\/posts\/84980\/revisions"}],"wp:featuredmedia":[{"embeddable":true,"href":"https:\/\/linitiative.ca\/International\/wp-json\/"}],"wp:attachment":[{"href":"https:\/\/linitiative.ca\/International\/wp-json\/wp\/v2\/media?parent=84980"}],"wp:term":[{"taxonomy":"category","embeddable":true,"href":"https:\/\/linitiative.ca\/International\/wp-json\/wp\/v2\/categories?post=84980"},{"taxonomy":"post_tag","embeddable":true,"href":"https:\/\/linitiative.ca\/International\/wp-json\/wp\/v2\/tags?post=84980"}],"curies":[{"name":"wp","href":"https:\/\/api.w.org\/{rel}","templated":true}]}}