{"id":84982,"date":"2020-05-10T15:13:54","date_gmt":"2020-05-10T19:13:54","guid":{"rendered":"https:\/\/linitiative.ca\/International\/international-ol-une-decision-aurait-ete-prise-pour-houssem-aouar\/"},"modified":"2020-05-10T15:13:54","modified_gmt":"2020-05-10T19:13:54","slug":"international-ol-une-decision-aurait-ete-prise-pour-houssem-aouar","status":"publish","type":"post","link":"https:\/\/linitiative.ca\/International\/international-ol-une-decision-aurait-ete-prise-pour-houssem-aouar\/","title":{"rendered":"International : OL : Une d\u00e9cision aurait \u00e9t\u00e9 prise pour Houssem Aouar"},"content":{"rendered":"<div readability=\"32\">\n<p>Auteur : <span class=\"time\">dimanche 10 mai 2020 19:13<\/span><\/p>\n<\/div>\n<div id=\"post_core\" readability=\"48\">\n<p>En effet, La direction de l&rsquo;OL consciente de la valeur marchande du joueur, ne le retiendra pas. L&rsquo;occasion pour le club pr\u00e9sid\u00e9 par Jean-Michel Aulas de r\u00e9aliser une belle op\u00e9ration financi\u00e8re comme l&rsquo;indique Footmercato.<\/p>\n<p>Ce dimanche, l&rsquo;Equipe r\u00e9v\u00e8le ainsi que le d\u00e9nouement du dossier Aouar conditionnera m\u00eame le mercato estival de l&rsquo;Olympique Lyonnais. Et en interne, le tandem Juninho, Jean-Michel Aulas aurait d\u00e9j\u00e0 scell\u00e9 le sort d&rsquo;un des chouchous du Groupama Stadium&#8230; Ainsi, le quotidien sportif pr\u00e9cise qu&rsquo;Houssem Aouar serait bel et bien c\u00e9d\u00e9 par l&rsquo;OL cet \u00e9t\u00e9 ! Une d\u00e9cision forte motiv\u00e9e par deux raisons : la premi\u00e8re, d&rsquo;ordre \u00e9conomique, mais aa seconde, s&rsquo;av\u00e8re purement sportive. Le principal protagoniste semble arriv\u00e9 \u00e0 la fin de son aventure rhodanienne.<\/p>\n<p><strong>Publi\u00e9 dans :<\/strong> <span>Lyon<\/span><\/p>\n<\/div>\n<p>Auteur:<br \/>\n<a href=\"http:\/\/www.lebuteur.com\/article\/detail?titre=ol-une-decision-aurait-ete-prise-pour-houssem-aouar&#038;id=95889&#038;utm_source=feedburner&#038;utm_medium=feed&#038;utm_campaign=Feed%3A+GalerieFArtciles+%28Les+derniers+articles++-+lebuteur.com%29\">Cliquez ici pour lire l&rsquo;article depuis sa source.<\/a><\/p>\n","protected":false},"excerpt":{"rendered":"<p>Auteur : dimanche 10 mai 2020 19:13 En effet, La direction de l&rsquo;OL consciente de la valeur marchande du joueur, ne le retiendra pas. L&rsquo;occasion pour le club pr\u00e9sid\u00e9 par Jean-Michel Aulas de r\u00e9aliser une belle op\u00e9ration financi\u00e8re comme l&rsquo;indique Footmercato. Ce dimanche, l&rsquo;Equipe r\u00e9v\u00e8le ainsi que le d\u00e9nouement du dossier Aouar conditionnera m\u00eame le [&hellip;]<\/p>\n","protected":false},"author":1738,"featured_media":84983,"comment_status":"closed","ping_status":"closed","sticky":false,"template":"","format":"standard","meta":{"fifu_image_url":"","fifu_image_alt":"","footnotes":""},"categories":[53,75],"tags":[],"class_list":["post-84982","post","type-post","status-publish","format-standard","has-post-thumbnail","hentry","category-algerie","category-sport"],"_links":{"self":[{"href":"https:\/\/linitiative.ca\/International\/wp-json\/wp\/v2\/posts\/84982","targetHints":{"allow":["GET"]}}],"collection":[{"href":"https:\/\/linitiative.ca\/International\/wp-json\/wp\/v2\/posts"}],"about":[{"href":"https:\/\/linitiative.ca\/International\/wp-json\/wp\/v2\/types\/post"}],"author":[{"embeddable":true,"href":"https:\/\/linitiative.ca\/International\/wp-json\/wp\/v2\/users\/1738"}],"replies":[{"embeddable":true,"href":"https:\/\/linitiative.ca\/International\/wp-json\/wp\/v2\/comments?post=84982"}],"version-history":[{"count":0,"href":"https:\/\/linitiative.ca\/International\/wp-json\/wp\/v2\/posts\/84982\/revisions"}],"wp:featuredmedia":[{"embeddable":true,"href":"https:\/\/linitiative.ca\/International\/wp-json\/"}],"wp:attachment":[{"href":"https:\/\/linitiative.ca\/International\/wp-json\/wp\/v2\/media?parent=84982"}],"wp:term":[{"taxonomy":"category","embeddable":true,"href":"https:\/\/linitiative.ca\/International\/wp-json\/wp\/v2\/categories?post=84982"},{"taxonomy":"post_tag","embeddable":true,"href":"https:\/\/linitiative.ca\/International\/wp-json\/wp\/v2\/tags?post=84982"}],"curies":[{"name":"wp","href":"https:\/\/api.w.org\/{rel}","templated":true}]}}