{"id":84984,"date":"2020-05-10T15:18:56","date_gmt":"2020-05-10T19:18:56","guid":{"rendered":"https:\/\/linitiative.ca\/International\/sud-et-hauts-plateaux-renforcer-laccessibilite-aux-soins\/"},"modified":"2020-05-10T15:18:56","modified_gmt":"2020-05-10T19:18:56","slug":"sud-et-hauts-plateaux-renforcer-laccessibilite-aux-soins","status":"publish","type":"post","link":"https:\/\/linitiative.ca\/International\/sud-et-hauts-plateaux-renforcer-laccessibilite-aux-soins\/","title":{"rendered":"Sud et Hauts plateaux  : Renforcer l\u2019accessibilit\u00e9 aux soins"},"content":{"rendered":"<div class=\"TxArtcile\" readability=\"36\">\n<p>Assurer une meilleure couverture sanitaire des populations des Hauts Plateaux et du Sud et des communes enclav\u00e9es au Nord est la mission principale des \u00e9quipes sanitaires mobiles institu\u00e9es aupr\u00e8s des \u00e9tablissements publics de sant\u00e9.<br \/>Les missions, l\u2019organisation et le fonctionnement de ces \u00e9quipes ont \u00e9t\u00e9 fix\u00e9s dans le d\u00e9cret ex\u00e9cutif n\u00b0 20-105 du 28 avril 2020, qui vient d\u2019\u00eatre publi\u00e9 au Journal officiel pour renforcer l&rsquo;accessibilit\u00e9 des populations des zones enclav\u00e9es aux soins de sant\u00e9.<br \/>L&rsquo;\u00e9quipe sanitaire a pour mission la prise en charge m\u00e9dicale des malades, la pr\u00e9vention et la mise en \u0153uvre des diff\u00e9rents programmes nationaux de sant\u00e9 publique. Elle est, \u00e9galement, appel\u00e9e \u00e0 assurer la veille sanitaire et la mise en \u0153uvre de ripostes aux risques sanitaires.<br \/>Elle est charg\u00e9e d\u2019effectuer des consultations m\u00e9dicales, de prodiguer les soins ainsi que le d\u00e9pistage pour les habitants de ces r\u00e9gions. Parmi les missions qui lui sont attribu\u00e9es figurent : le suivi de la mise en \u0153uvre des programmes de vaccination (programme \u00e9largi de vaccination et hors programme \u00e9largi de vaccination), le contr\u00f4le pr\u00e9natal et post-natal afin de r\u00e9duire la morbidit\u00e9 et la mortalit\u00e9 maternelle et infantile et enfin le planning familial. Il a lui \u00e9t\u00e9 assign\u00e9 \u00e9galement un r\u00f4le dans l\u2019\u00e9ducation et la sensibilisation sanitaire des populations ainsi que la surveillance \u00e9pid\u00e9miologique et la diminution de l&rsquo;incidence des maladies li\u00e9es \u00e0 l&rsquo;environnement.<br \/>Concernant le fonctionnement et l\u2019organisation de l&rsquo;\u00e9quipe sanitaire mobile pluridisciplinaire, le d\u00e9cret ex\u00e9cutif pr\u00e9cise qu\u2019elle est compos\u00e9e de deux \u00e0 trois praticiens m\u00e9dicaux de sant\u00e9 publique, d\u2019un psychologue de sant\u00e9 publique, de deux param\u00e9dicaux de sant\u00e9 publique et d&rsquo;une sage-femme.<br \/>L&rsquo;\u00e9quipe est plac\u00e9e sous la responsabilit\u00e9 d&rsquo;un chef, le plus grad\u00e9, appartenant au corps des praticiens m\u00e9dicaux ou sous la responsabilit\u00e9 d&rsquo;un param\u00e9dical le plus grad\u00e9 ou d\u2019une sage-femme, lorsque l&rsquo;\u00e9quipe sanitaire mobile ne comporte pas de praticiens m\u00e9dicaux. Le m\u00eame texte pr\u00e9cise que les membres de l&rsquo;\u00e9quipe sanitaire mobile sont d\u00e9sign\u00e9s par d\u00e9cision du directeur de l&rsquo;\u00e9tablissement public de sant\u00e9 concern\u00e9.<br \/>En vertu de l\u2019article 7 de ce d\u00e9cret, en cas d&rsquo;absence de couverture sanitaire dans certaines sp\u00e9cialit\u00e9s m\u00e9dicales, les directeurs d&rsquo;\u00e9tablissements publics de sant\u00e9 peuvent faire appel aux praticiens m\u00e9dicaux sp\u00e9cialistes des sp\u00e9cialit\u00e9s concern\u00e9es, en activit\u00e9 aupr\u00e8s des autres structures et \u00e9tablissements publics de sant\u00e9 relevant des services ext\u00e9rieurs de sant\u00e9, apr\u00e8s accord de l&rsquo;\u00e9tablissement employeur.<br \/>La dur\u00e9e de la mission de l&rsquo;\u00e9quipe sanitaire mobile ne peut exc\u00e9der une dur\u00e9e de quinze jours dans les wilayas d&rsquo;Adrar, Timimoun, Bordj Badji Mokhtar, Tamanrasset, In Salah, In Guezzam, Illizi, Djanet et Tindouf, et de sept jours pour les autres wilayas.<br \/>A la fin de chaque mission, le chef de l&rsquo;\u00e9quipe sanitaire mobile doit transmettre un rapport d\u00e9taill\u00e9 de l&rsquo;activit\u00e9 de l&rsquo;\u00e9quipe au directeur de la sant\u00e9 et de la population de wilaya et \u00e0 la commission.<br \/>Les membres de l&rsquo;\u00e9quipe b\u00e9n\u00e9ficient d&rsquo;une indemnit\u00e9 de soutien \u00e0 l&rsquo;activit\u00e9 des \u00e9quipes sanitaires mobiles calcul\u00e9e au taux de 7% du traitement de base par jour de travail effectu\u00e9 dans la limite des missions qui leur sont confi\u00e9es. Cette indemnit\u00e9 est servie aux membres de l&rsquo;\u00e9quipe sanitaire mobile ayant particip\u00e9 effectivement \u00e0 la mission sur la base des \u00e9tats mensuels de pr\u00e9sence \u00e9tablis par le directeur de l&rsquo;\u00e9tablissement public de sant\u00e9 aupr\u00e8s duquel l&rsquo;\u00e9quipe sanitaire mobile est institu\u00e9e. Les cr\u00e9dits relatifs \u00e0 l&rsquo;indemnit\u00e9 de soutien \u00e0 l&rsquo;activit\u00e9 des \u00e9quipes sanitaires mobiles sont inscrits au titre du budget de l&rsquo;\u00e9tablissement public de sant\u00e9 aupr\u00e8s duquel l&rsquo;\u00e9quipe sanitaire mobile est institu\u00e9e.<br \/>Kam\u00e9lia H.<\/p>\n<\/div>\n<div class=\"ModliArtilUne\">\n<ul>\n<li><strong>Publi\u00e9 dans :<\/strong><\/li>\n<\/ul>\n<\/div>\n<div class=\"MbComIns\" id=\"newcom\" readability=\"5.6940298507463\">\n<h6>DONNEZ VOTRE AVIS<\/h6>\n<p>Il n&rsquo;y a actuellement aucune r\u00e9action \u00e0 cette information. Soyez le premier \u00e0 r\u00e9agir !<\/p>\n<p><a href=\"\" rel=\"#popup\" class=\"login resetbutton\">Identifiez-vous<\/a><a class=\"button\" href=\"http:\/\/www.elmoudjahid.com\/fr\/inscription\/\"><span>S&rsquo;inscrire<\/span><\/a><\/p>\n<\/div>\n<p>Auteur: elmoudjahid<br \/>\n<a href=\"http:\/\/www.elmoudjahid.com\/fr\/actualites\/153104\">Cliquez ici pour lire l&rsquo;article depuis sa source.<\/a><\/p>\n","protected":false},"excerpt":{"rendered":"<p>Assurer une meilleure couverture sanitaire des populations des Hauts Plateaux et du Sud et des communes enclav\u00e9es au Nord est la mission principale des \u00e9quipes sanitaires mobiles institu\u00e9es aupr\u00e8s des \u00e9tablissements publics de sant\u00e9.Les missions, l\u2019organisation et le fonctionnement de ces \u00e9quipes ont \u00e9t\u00e9 fix\u00e9s dans le d\u00e9cret ex\u00e9cutif n\u00b0 20-105 du 28 avril 2020, [&hellip;]<\/p>\n","protected":false},"author":1744,"featured_media":0,"comment_status":"closed","ping_status":"closed","sticky":false,"template":"","format":"standard","meta":{"fifu_image_url":"","fifu_image_alt":"","footnotes":""},"categories":[73,53],"tags":[],"class_list":["post-84984","post","type-post","status-publish","format-standard","hentry","category-actualite","category-algerie"],"_links":{"self":[{"href":"https:\/\/linitiative.ca\/International\/wp-json\/wp\/v2\/posts\/84984","targetHints":{"allow":["GET"]}}],"collection":[{"href":"https:\/\/linitiative.ca\/International\/wp-json\/wp\/v2\/posts"}],"about":[{"href":"https:\/\/linitiative.ca\/International\/wp-json\/wp\/v2\/types\/post"}],"author":[{"embeddable":true,"href":"https:\/\/linitiative.ca\/International\/wp-json\/wp\/v2\/users\/1744"}],"replies":[{"embeddable":true,"href":"https:\/\/linitiative.ca\/International\/wp-json\/wp\/v2\/comments?post=84984"}],"version-history":[{"count":0,"href":"https:\/\/linitiative.ca\/International\/wp-json\/wp\/v2\/posts\/84984\/revisions"}],"wp:attachment":[{"href":"https:\/\/linitiative.ca\/International\/wp-json\/wp\/v2\/media?parent=84984"}],"wp:term":[{"taxonomy":"category","embeddable":true,"href":"https:\/\/linitiative.ca\/International\/wp-json\/wp\/v2\/categories?post=84984"},{"taxonomy":"post_tag","embeddable":true,"href":"https:\/\/linitiative.ca\/International\/wp-json\/wp\/v2\/tags?post=84984"}],"curies":[{"name":"wp","href":"https:\/\/api.w.org\/{rel}","templated":true}]}}