{"id":84986,"date":"2020-05-10T15:19:01","date_gmt":"2020-05-10T19:19:01","guid":{"rendered":"https:\/\/linitiative.ca\/International\/concertations-m-bekkai-rencontre-les-fabricants-de-chaussures-et-de-papier\/"},"modified":"2020-05-10T15:19:01","modified_gmt":"2020-05-10T19:19:01","slug":"concertations-m-bekkai-rencontre-les-fabricants-de-chaussures-et-de-papier","status":"publish","type":"post","link":"https:\/\/linitiative.ca\/International\/concertations-m-bekkai-rencontre-les-fabricants-de-chaussures-et-de-papier\/","title":{"rendered":"Concertations : M. Bekka\u00ef rencontre les fabricants de chaussures et de papier"},"content":{"rendered":"<div class=\"TxArtcile\" readability=\"25\">\n<p>Le ministre d\u00e9l\u00e9gu\u00e9 charg\u00e9 du Commerce ext\u00e9rieur, A\u00efssa Bekka\u00ef, a pr\u00e9sid\u00e9 samedi dernier deux r\u00e9unions distinctes avec les op\u00e9rateurs \u00e9conomiques des fili\u00e8res de la fabrication de chaussures et de papier \u00e0 l\u2019\u00e9chelle nationale, selon un communiqu\u00e9 du minist\u00e8re. Les r\u00e9unions, tenues au si\u00e8ge du minist\u00e8re en pr\u00e9sence des cadres de la Direction g\u00e9n\u00e9rale du Commerce ext\u00e9rieur, s&rsquo;inscrivent dans le cadre des concertations initi\u00e9es par le minist\u00e8re avec l\u2019ensemble des fili\u00e8res, des partenaires et des professionnels, a pr\u00e9cis\u00e9 la m\u00eame source. A l\u2019entame des deux s\u00e9ances de travail, M. Bekka\u00ef a donn\u00e9 un aper\u00e7u de la strat\u00e9gie du minist\u00e8re \u00e0 la lumi\u00e8re de l\u2019imp\u00e9rative r\u00e9duction de la facture d&rsquo;importation des produits finis mais aussi de certaines mati\u00e8res premi\u00e8res pouvant \u00eatre remplac\u00e9es par d\u2019autres fabriqu\u00e9es localement, notamment dans les fili\u00e8res chaussures et papier. Il a \u00e9galement abord\u00e9 les nouveaux m\u00e9canismes visant \u00e0 prot\u00e9ger le produit national de la concurrence d\u00e9loyale dont il a p\u00e2ti plusieurs ann\u00e9es durant, et ce, par la mise en place d\u2019une politique qui permettra de prot\u00e9ger le produit national et d\u2019assurer un environnement concurrentiel idoine avec le reste des produits import\u00e9s, a ajout\u00e9 le communiqu\u00e9. Lors de ces deux r\u00e9unions, le ministre d\u00e9l\u00e9gu\u00e9 a \u00e9cout\u00e9 les diff\u00e9rents intervenants qui se sont f\u00e9licit\u00e9s des dispositions prises et des rencontres initi\u00e9es par le minist\u00e8re du Commerce, se disant totalement dispos\u00e9s \u00e0 apporter leur concours et \u00e0 r\u00e9pondre favorablement \u00e0 toutes les mesures gouvernementales visant \u00e0 augmenter le volume des investissements locaux et \u00e0 promouvoir le produit national.<br \/>Au terme des r\u00e9unions, M. Bekka\u00ef a annonc\u00e9 aux op\u00e9rateurs pr\u00e9sents la tenue prochaine de r\u00e9unions techniques avec les autres secteurs partenaires concern\u00e9s par le dossier.<br \/>\u00a0<\/p>\n<\/div>\n<div class=\"ModliArtilUne\">\n<ul>\n<li><strong>Publi\u00e9 dans :<\/strong><\/li>\n<\/ul>\n<\/div>\n<div class=\"MbComIns\" id=\"newcom\" readability=\"5.6940298507463\">\n<h6>DONNEZ VOTRE AVIS<\/h6>\n<p>Il n&rsquo;y a actuellement aucune r\u00e9action \u00e0 cette information. Soyez le premier \u00e0 r\u00e9agir !<\/p>\n<p><a href=\"\" rel=\"#popup\" class=\"login resetbutton\">Identifiez-vous<\/a><a class=\"button\" href=\"http:\/\/www.elmoudjahid.com\/fr\/inscription\/\"><span>S&rsquo;inscrire<\/span><\/a><\/p>\n<\/div>\n<p>Auteur: elmoudjahid<br \/>\n<a href=\"http:\/\/www.elmoudjahid.com\/fr\/actualites\/153106\">Cliquez ici pour lire l&rsquo;article depuis sa source.<\/a><\/p>\n","protected":false},"excerpt":{"rendered":"<p>Le ministre d\u00e9l\u00e9gu\u00e9 charg\u00e9 du Commerce ext\u00e9rieur, A\u00efssa Bekka\u00ef, a pr\u00e9sid\u00e9 samedi dernier deux r\u00e9unions distinctes avec les op\u00e9rateurs \u00e9conomiques des fili\u00e8res de la fabrication de chaussures et de papier \u00e0 l\u2019\u00e9chelle nationale, selon un communiqu\u00e9 du minist\u00e8re. Les r\u00e9unions, tenues au si\u00e8ge du minist\u00e8re en pr\u00e9sence des cadres de la Direction g\u00e9n\u00e9rale du Commerce [&hellip;]<\/p>\n","protected":false},"author":1744,"featured_media":0,"comment_status":"closed","ping_status":"closed","sticky":false,"template":"","format":"standard","meta":{"fifu_image_url":"","fifu_image_alt":"","footnotes":""},"categories":[73,53],"tags":[],"class_list":["post-84986","post","type-post","status-publish","format-standard","hentry","category-actualite","category-algerie"],"_links":{"self":[{"href":"https:\/\/linitiative.ca\/International\/wp-json\/wp\/v2\/posts\/84986","targetHints":{"allow":["GET"]}}],"collection":[{"href":"https:\/\/linitiative.ca\/International\/wp-json\/wp\/v2\/posts"}],"about":[{"href":"https:\/\/linitiative.ca\/International\/wp-json\/wp\/v2\/types\/post"}],"author":[{"embeddable":true,"href":"https:\/\/linitiative.ca\/International\/wp-json\/wp\/v2\/users\/1744"}],"replies":[{"embeddable":true,"href":"https:\/\/linitiative.ca\/International\/wp-json\/wp\/v2\/comments?post=84986"}],"version-history":[{"count":0,"href":"https:\/\/linitiative.ca\/International\/wp-json\/wp\/v2\/posts\/84986\/revisions"}],"wp:attachment":[{"href":"https:\/\/linitiative.ca\/International\/wp-json\/wp\/v2\/media?parent=84986"}],"wp:term":[{"taxonomy":"category","embeddable":true,"href":"https:\/\/linitiative.ca\/International\/wp-json\/wp\/v2\/categories?post=84986"},{"taxonomy":"post_tag","embeddable":true,"href":"https:\/\/linitiative.ca\/International\/wp-json\/wp\/v2\/tags?post=84986"}],"curies":[{"name":"wp","href":"https:\/\/api.w.org\/{rel}","templated":true}]}}