{"id":84990,"date":"2020-05-10T08:00:59","date_gmt":"2020-05-10T12:00:59","guid":{"rendered":"https:\/\/linitiative.ca\/International\/104878-karate-jo-les-algeriens-daikhi-et-matoub-peuvent-encore-se-qualifier\/"},"modified":"2020-05-10T08:00:59","modified_gmt":"2020-05-10T12:00:59","slug":"104878-karate-jo-les-algeriens-daikhi-et-matoub-peuvent-encore-se-qualifier","status":"publish","type":"post","link":"https:\/\/linitiative.ca\/International\/104878-karate-jo-les-algeriens-daikhi-et-matoub-peuvent-encore-se-qualifier\/","title":{"rendered":"Karat\u00e9\/JO: \u00ab\u00a0les Alg\u00e9riens Da\u00efkhi et Matoub peuvent encore se qualifier\u00a0\u00bb"},"content":{"rendered":"<div readability=\"38\">\n<p><strong>ALGER &#8211; Les karat\u00e9kas alg\u00e9riens Hocine Da\u00efkhi et Lamia Matoub gardent toutes leurs chances de se qualifier aux Jeux Olympiques de Tokyo-2020, report\u00e9s du 23 juillet au 8 ao\u00fbt 2021, a estim\u00e9 le pr\u00e9sident de la commission d\u2019organisation des comp\u00e9titions \u00e0 la F\u00e9d\u00e9ration mondiale de karat\u00e9 (FMK), l&rsquo;Alg\u00e9rien Yacine Arab.<\/strong><\/p>\n<\/div>\n<div readability=\"96\">\n<p>Selon le classement olympique de qualification aux JO (diff\u00e9rent du classement mondial), Da\u00efkhi est \u00e0 la 24e position et sa compatriote Matoub \u00e0 la 25e, mais dans les cat\u00e9gories de poids jumel\u00e9es.<\/p>\n<blockquote readability=\"11\">\n<p><em><strong>Le classement olympique comporte des points qui sont cumul\u00e9s par l&rsquo;athl\u00e8te durant toute la saison, en participant aux Mondiaux, Championnats continentaux, six tournois de Serie A et six autres de Premier League, le total d\u00e9signant les qualifi\u00e9s aux JO.<\/strong><\/em><\/p>\n<\/blockquote>\n<p>\u00ab\u00a0Les deux Alg\u00e9riens sont bien class\u00e9s dans le classement mondial (Da\u00efkhi 9e et Matoub 12e), mais dans celui de qualification olympique, ils sont un peu loin\u00a0\u00bb, a indiqu\u00e9 \u00e0 l&rsquo;APS Yacine Arab, expliquant que les Alg\u00e9riens sont victimes de leur absence des Serie A et Premier League, surtout.<\/p>\n<p>Car pour les JO, la FMK a d\u00fb jumeler les cat\u00e9gories de poids, selon le quota octroy\u00e9 par le Comit\u00e9 international olympique (CIO), pour la premi\u00e8re pr\u00e9sence de la discipline \u00e0 des Jeux.<\/p>\n<p>En effet, le quota du karat\u00e9 aux JO est de 80 athl\u00e8tes (40 messieurs et autant en dames), r\u00e9partis sur le kumit\u00e9 (60) et le kata (20) pour les deux sexes. Ce quota a contraint l\u2019instance internationale \u00e0 jumeler les cinq cat\u00e9gories de poids existants en trois pour chaque sexe. Les cat\u00e9gories -67<\/p>\n<p>kg, -75 kg et +75 kg pour les messieurs et -55 kg, -61 kg et +68 kg pour les dames. Un jumelage qui, apparemment, a \u00e9t\u00e9 d\u00e9savantageux \u00e0 des athl\u00e8tes pour arracher une place au rendez-vous nippon.<\/p>\n<blockquote readability=\"13\">\n<p><em><strong>\u00ab\u00a0Effectivement, ce jumelage peut ne pas arranger des athl\u00e8tes, comme Da\u00efkhi (+84 kg). Pour une qualification, l\u2019Alg\u00e9rien tombe dans la cat\u00e9gorie des +75 kg et -84 kg dont les athl\u00e8tes ont fait presque toutes les comp\u00e9titions (&#8230;) M\u00eame chose pour Matoub (-68 kg)\u00a0\u00bb, a expliqu\u00e9 Yacine Arab, tr\u00e8s bien plac\u00e9 pour d\u00e9cortiquer le ranking olympique \u00e9tabli.<\/strong><\/em><\/p>\n<\/blockquote>\n<p>Pour le membre de l\u2019ex\u00e9cutif de la FMK, la difficult\u00e9 r\u00e9side dans le fait que les athl\u00e8tes alg\u00e9riens sont totalement absents des tournois de Serie A et de Premier League dont les points acquis sont comptabilis\u00e9s dans le classement olympique.<\/p>\n<p>N\u00e9anmoins, Arab a estim\u00e9 que Da\u00efkhi et Matoub ont toujours des chances de se qualifier, m\u00eame s\u2019il reconna\u00eet qu&rsquo;elles sont \u00ab\u00a0minimes\u00a0\u00bb.<\/p>\n<p>\u00ab\u00a0Nos deux athl\u00e8tes, notamment Da\u00efkhi, poss\u00e8dent encore des chances de signer une pr\u00e9sence historique du karat\u00e9 alg\u00e9rien \u00e0 Tokyo. Mais, au pr\u00e9alable, ils doivent non seulement prendre part aux deux derniers tournois de Serie A et Premier League, et surtout monter sur le podium\u00a0\u00bb, a-t-il expliqu\u00e9.<\/p>\n<\/div>\n<p>Auteur:<br \/>\n<a href=\"http:\/\/www.aps.dz\/sport\/104878-karate-jo-les-algeriens-daikhi-et-matoub-peuvent-encore-se-qualifier?utm_source=feedburner&#038;utm_medium=feed&#038;utm_campaign=Feed%3A+aps-sport+%28APS+-+SPORT%29\">Cliquez ici pour lire l&rsquo;article depuis sa source.<\/a><\/p>\n","protected":false},"excerpt":{"rendered":"<p>ALGER &#8211; Les karat\u00e9kas alg\u00e9riens Hocine Da\u00efkhi et Lamia Matoub gardent toutes leurs chances de se qualifier aux Jeux Olympiques de Tokyo-2020, report\u00e9s du 23 juillet au 8 ao\u00fbt 2021, a estim\u00e9 le pr\u00e9sident de la commission d\u2019organisation des comp\u00e9titions \u00e0 la F\u00e9d\u00e9ration mondiale de karat\u00e9 (FMK), l&rsquo;Alg\u00e9rien Yacine Arab. Selon le classement olympique de [&hellip;]<\/p>\n","protected":false},"author":1790,"featured_media":0,"comment_status":"closed","ping_status":"closed","sticky":false,"template":"","format":"standard","meta":{"fifu_image_url":"","fifu_image_alt":"","footnotes":""},"categories":[53,75],"tags":[],"class_list":["post-84990","post","type-post","status-publish","format-standard","hentry","category-algerie","category-sport"],"_links":{"self":[{"href":"https:\/\/linitiative.ca\/International\/wp-json\/wp\/v2\/posts\/84990","targetHints":{"allow":["GET"]}}],"collection":[{"href":"https:\/\/linitiative.ca\/International\/wp-json\/wp\/v2\/posts"}],"about":[{"href":"https:\/\/linitiative.ca\/International\/wp-json\/wp\/v2\/types\/post"}],"author":[{"embeddable":true,"href":"https:\/\/linitiative.ca\/International\/wp-json\/wp\/v2\/users\/1790"}],"replies":[{"embeddable":true,"href":"https:\/\/linitiative.ca\/International\/wp-json\/wp\/v2\/comments?post=84990"}],"version-history":[{"count":0,"href":"https:\/\/linitiative.ca\/International\/wp-json\/wp\/v2\/posts\/84990\/revisions"}],"wp:attachment":[{"href":"https:\/\/linitiative.ca\/International\/wp-json\/wp\/v2\/media?parent=84990"}],"wp:term":[{"taxonomy":"category","embeddable":true,"href":"https:\/\/linitiative.ca\/International\/wp-json\/wp\/v2\/categories?post=84990"},{"taxonomy":"post_tag","embeddable":true,"href":"https:\/\/linitiative.ca\/International\/wp-json\/wp\/v2\/tags?post=84990"}],"curies":[{"name":"wp","href":"https:\/\/api.w.org\/{rel}","templated":true}]}}