{"id":84991,"date":"2020-05-10T08:53:41","date_gmt":"2020-05-10T12:53:41","guid":{"rendered":"https:\/\/linitiative.ca\/International\/104879-infrastructures-baptisation-de-centres-de-presse-au-nom-de-journalistes-sportifs-decedes\/"},"modified":"2020-05-10T08:53:41","modified_gmt":"2020-05-10T12:53:41","slug":"104879-infrastructures-baptisation-de-centres-de-presse-au-nom-de-journalistes-sportifs-decedes","status":"publish","type":"post","link":"https:\/\/linitiative.ca\/International\/104879-infrastructures-baptisation-de-centres-de-presse-au-nom-de-journalistes-sportifs-decedes\/","title":{"rendered":"Infrastructures: baptisation de centres de presse au nom de journalistes sportifs d\u00e9c\u00e9d\u00e9s"},"content":{"rendered":"<div readability=\"39\">\n<p><strong>ALGER &#8211; Le ministre de la Communication, porte-parole du gouvernement, Amar Belhimer, et le ministre de la Jeunesse et des Sports Sid Ali Khaldi, ont convenu de baptiser des centres de presse d&rsquo;infrastructures sportives au nom de journalistes sportifs\u00a0 d\u00e9c\u00e9d\u00e9s, pour leur rendre hommage.<\/strong><\/p>\n<\/div>\n<div readability=\"59.744186046512\">\n<p>Cette baptisation fait suite \u00ab\u00a0\u00e0 la demande de l&rsquo;Organisation nationale des journalistes sportifs alg\u00e9riens (ONJSA)\u00a0\u00bb, pr\u00e9cise un communiqu\u00e9 du minist\u00e8re de la Communication, dont une copie a \u00e9t\u00e9 transmise dimanche \u00e0 l&rsquo;APS, soulignant que cette op\u00e9ration entre dans le cadre du programme de c\u00e9l\u00e9bration de la journ\u00e9e mondiale de la libert\u00e9 de la presse, le 3 mai de chaque ann\u00e9e.<\/p>\n<p>Le minist\u00e8re de la Communication ajoute que ces hommages \u00ab\u00a0seront rendus \u00e0 la lev\u00e9e du confinement et des restrictions impos\u00e9es par le coronavirus (Covid-19)\u00a0\u00bb.<\/p>\n<hr\/>\n<h3>Lire aussi:\u00a0<a href=\"http:\/\/www.aps.dz\/sport\/102083-tebboune-accelerer-la-realisation-des-infrastructures-sportives-programmees\" target=\"_blank\" rel=\"noopener noreferrer\">Tebboune: acc\u00e9l\u00e9rer la r\u00e9alisation des infrastructures sportives programm\u00e9es<\/a><\/h3>\n<hr\/>\n<p><strong>Liste des centres de presse baptis\u00e9s au nom de journalistes sportifs d\u00e9c\u00e9d\u00e9s:<\/strong><\/p>\n<p>1- Centre de presse du stade de Tizi-Ouzou: <em><strong>Mokhtar Chergui<\/strong><\/em> (journal El Moudjahid)<\/p>\n<p>2- Centre de presse du stade du 5-Juillet (OCO): <em><strong>Abdelkader Hamani<\/strong><\/em> (T\u00e9l\u00e9vision nationale)<\/p>\n<p>3- Centre de presse du stade de Baraki: <em><strong>Mohamed Sellah<\/strong><\/em> (Radio nationale)<\/p>\n<p>4- Centre de presse du stade Hamlaoui de Constantine: <em><strong>Mekhlouf Boukhzer<\/strong><\/em> (T\u00e9l\u00e9vision nationale)<\/p>\n<p>5- Centre de presse du stade du 8-Mai-1945 de S\u00e9tif: <em><strong>Brahim Dahmani<\/strong><\/em> (Alg\u00e9rie Presse Service &#8211; APS -)<\/p>\n<p>6- Centre de presse de l&rsquo;OPOW de T\u00e9bessa: <em><strong>Rabie Da\u00e2s<\/strong><\/em> (Radio nationale et T\u00e9l\u00e9vision nationale)<\/p>\n<p>7- Centre de presse du stade d&rsquo;Oran (40.000 places): <em><strong>Miloud Chorfi<\/strong><\/em> (Radio nationale)<\/p>\n<p>8- Centre de presse du stade Ahmed-Zabana d&rsquo;Oran: <em><strong>Abdallah Ben Yekhlef<\/strong><\/em> (Radio nationale)<\/p>\n<p>9- Centre de presse du Stade Mustapha-Tchaker de Blida: <em><strong>Abdou Seghouani<\/strong><\/em> (Radio nationale).<\/p>\n<\/div>\n<p>Auteur:<br \/>\n<a href=\"http:\/\/www.aps.dz\/sport\/104879-infrastructures-baptisation-de-centres-de-presse-au-nom-de-journalistes-sportifs-decedes?utm_source=feedburner&#038;utm_medium=feed&#038;utm_campaign=Feed%3A+aps-sport+%28APS+-+SPORT%29\">Cliquez ici pour lire l&rsquo;article depuis sa source.<\/a><\/p>\n","protected":false},"excerpt":{"rendered":"<p>ALGER &#8211; Le ministre de la Communication, porte-parole du gouvernement, Amar Belhimer, et le ministre de la Jeunesse et des Sports Sid Ali Khaldi, ont convenu de baptiser des centres de presse d&rsquo;infrastructures sportives au nom de journalistes sportifs\u00a0 d\u00e9c\u00e9d\u00e9s, pour leur rendre hommage. Cette baptisation fait suite \u00ab\u00a0\u00e0 la demande de l&rsquo;Organisation nationale des [&hellip;]<\/p>\n","protected":false},"author":1790,"featured_media":0,"comment_status":"closed","ping_status":"closed","sticky":false,"template":"","format":"standard","meta":{"fifu_image_url":"","fifu_image_alt":"","footnotes":""},"categories":[53,75],"tags":[],"class_list":["post-84991","post","type-post","status-publish","format-standard","hentry","category-algerie","category-sport"],"_links":{"self":[{"href":"https:\/\/linitiative.ca\/International\/wp-json\/wp\/v2\/posts\/84991","targetHints":{"allow":["GET"]}}],"collection":[{"href":"https:\/\/linitiative.ca\/International\/wp-json\/wp\/v2\/posts"}],"about":[{"href":"https:\/\/linitiative.ca\/International\/wp-json\/wp\/v2\/types\/post"}],"author":[{"embeddable":true,"href":"https:\/\/linitiative.ca\/International\/wp-json\/wp\/v2\/users\/1790"}],"replies":[{"embeddable":true,"href":"https:\/\/linitiative.ca\/International\/wp-json\/wp\/v2\/comments?post=84991"}],"version-history":[{"count":0,"href":"https:\/\/linitiative.ca\/International\/wp-json\/wp\/v2\/posts\/84991\/revisions"}],"wp:attachment":[{"href":"https:\/\/linitiative.ca\/International\/wp-json\/wp\/v2\/media?parent=84991"}],"wp:term":[{"taxonomy":"category","embeddable":true,"href":"https:\/\/linitiative.ca\/International\/wp-json\/wp\/v2\/categories?post=84991"},{"taxonomy":"post_tag","embeddable":true,"href":"https:\/\/linitiative.ca\/International\/wp-json\/wp\/v2\/tags?post=84991"}],"curies":[{"name":"wp","href":"https:\/\/api.w.org\/{rel}","templated":true}]}}