{"id":84992,"date":"2020-05-10T09:44:18","date_gmt":"2020-05-10T13:44:18","guid":{"rendered":"https:\/\/linitiative.ca\/International\/104881-foot-dtn-la-faf-retenue-par-la-fifa-dans-plusieurs-projets\/"},"modified":"2020-05-10T09:44:18","modified_gmt":"2020-05-10T13:44:18","slug":"104881-foot-dtn-la-faf-retenue-par-la-fifa-dans-plusieurs-projets","status":"publish","type":"post","link":"https:\/\/linitiative.ca\/International\/104881-foot-dtn-la-faf-retenue-par-la-fifa-dans-plusieurs-projets\/","title":{"rendered":"Foot-DTN: la FAF retenue par la Fifa dans plusieurs projets"},"content":{"rendered":"<div readability=\"34\">\n<p><strong>ALGER &#8211; La F\u00e9d\u00e9ration alg\u00e9rienne de football (FAF) a annonc\u00e9 dimanche avoir \u00e9t\u00e9 retenue par la F\u00e9d\u00e9ration internationale (FIFA) dans le cadre de projets initi\u00e9s par l&rsquo;instance mondiale et destin\u00e9s \u00e0 la Direction technique nationale (DTN).<\/strong><\/p>\n<\/div>\n<div readability=\"61.9558101473\">\n<p>\u00ab\u00a0Le 6 mai 2020, dans une lettre adress\u00e9e \u00e0 la FAF et sign\u00e9e par M. Ars\u00e8ne Wenger, Directeur du d\u00e9veloppement du football mondial de la FIFA, et M. Steven Martens, Directeur technique de la FIFA, l\u2019instance internationale confirme que l\u2019Alg\u00e9rie est le premier (pays) qui s\u2019est inscrit et retenu du projet : d\u00e9veloppement des talents, analyse de l&rsquo;\u00e9cosyst\u00e8me du football, leadership technique, formations des instructeurs d&rsquo;entra\u00eeneurs\u00a0\u00bb, <em><strong><a href=\"http:\/\/www.faf.dz\/faf-dtn-lalgerie-retenue-par-la-fifa\/#prettyPhoto\" target=\"_blank\" rel=\"noopener noreferrer\">indique la FAF dans un communiqu\u00e9 publi\u00e9 sur son site officiel<\/a><\/strong><\/em>.<\/p>\n<blockquote readability=\"10\">\n<p><em><strong>Les consultants techniques r\u00e9gionaux de la FIFA ont d\u00e9j\u00e0 commenc\u00e9 \u00e0 contacter nombre de f\u00e9d\u00e9rations afin de savoir si elles \u00e9taient int\u00e9ress\u00e9es par la r\u00e9alisation en ligne de cette analyse, et la FIFA \u00ab\u00a0a \u00e9t\u00e9 ravie d\u2019apprendre que la FAF a r\u00e9pondu par l\u2019affirmative\u00a0\u00bb, pr\u00e9cise l&rsquo;instance f\u00e9d\u00e9rale.<\/strong><\/em><\/p>\n<\/blockquote>\n<hr\/>\n<h3>Lire aussi:\u00a0<a href=\"http:\/\/www.aps.dz\/sport\/104130-faf-covid19-une-eventuelle-reprise-du-championnat-se-fera-a-huis-clos\" target=\"_blank\" rel=\"noopener noreferrer\">FAF-Covid19: \u00ab\u00a0Une \u00e9ventuelle reprise du championnat se fera \u00e0 huis clos\u00a0\u00bb<\/a><\/h3>\n<hr\/>\n<p>Les experts haute performance de la FIFA vont par cons\u00e9quent prendre contact avec la FAF au cours des prochaines semaines afin de convenir d\u2019une date pour la tenue d\u2019une r\u00e9union d\u2019introduction, pr\u00e9cise la FAF.<\/p>\n<blockquote readability=\"12\">\n<p><em><strong>L\u2019ensemble du processus &#8211; enqu\u00eate et entretiens avec les personnes cl\u00e9s en charge du d\u00e9veloppement des talents et de la haute performance au sein de la f\u00e9d\u00e9ration &#8211; sera ainsi effectu\u00e9 en ligne, explique la FAF, soulignant qu&rsquo;une fois \u00ab\u00a0l&rsquo;analyse r\u00e9alis\u00e9e, les programmes de soutien seront lanc\u00e9s, normalement en 2021\u00a0\u00bb.<\/strong><\/em><\/p>\n<\/blockquote>\n<p>\u00ab\u00a0Ce programme incitera les associations membres et les ligues \u00e0 d\u00e9velopper les talents dans leurs \u00e9quipes nationales de jeunes, les acad\u00e9mies et autres institutions de haut niveau, dont la FAF qui va b\u00e9n\u00e9ficier des avantages de ce programme pour la qualit\u00e9 de son programme de d\u00e9veloppement bas\u00e9, notamment, sur les Acad\u00e9mies\u00a0\u00bb, conclut le communiqu\u00e9.<\/p>\n<\/div>\n<p>Auteur:<br \/>\n<a href=\"http:\/\/www.aps.dz\/sport\/104881-foot-dtn-la-faf-retenue-par-la-fifa-dans-plusieurs-projets?utm_source=feedburner&#038;utm_medium=feed&#038;utm_campaign=Feed%3A+aps-sport+%28APS+-+SPORT%29\">Cliquez ici pour lire l&rsquo;article depuis sa source.<\/a><\/p>\n","protected":false},"excerpt":{"rendered":"<p>ALGER &#8211; La F\u00e9d\u00e9ration alg\u00e9rienne de football (FAF) a annonc\u00e9 dimanche avoir \u00e9t\u00e9 retenue par la F\u00e9d\u00e9ration internationale (FIFA) dans le cadre de projets initi\u00e9s par l&rsquo;instance mondiale et destin\u00e9s \u00e0 la Direction technique nationale (DTN). \u00ab\u00a0Le 6 mai 2020, dans une lettre adress\u00e9e \u00e0 la FAF et sign\u00e9e par M. Ars\u00e8ne Wenger, Directeur du [&hellip;]<\/p>\n","protected":false},"author":1790,"featured_media":0,"comment_status":"closed","ping_status":"closed","sticky":false,"template":"","format":"standard","meta":{"fifu_image_url":"","fifu_image_alt":"","footnotes":""},"categories":[53,75],"tags":[],"class_list":["post-84992","post","type-post","status-publish","format-standard","hentry","category-algerie","category-sport"],"_links":{"self":[{"href":"https:\/\/linitiative.ca\/International\/wp-json\/wp\/v2\/posts\/84992","targetHints":{"allow":["GET"]}}],"collection":[{"href":"https:\/\/linitiative.ca\/International\/wp-json\/wp\/v2\/posts"}],"about":[{"href":"https:\/\/linitiative.ca\/International\/wp-json\/wp\/v2\/types\/post"}],"author":[{"embeddable":true,"href":"https:\/\/linitiative.ca\/International\/wp-json\/wp\/v2\/users\/1790"}],"replies":[{"embeddable":true,"href":"https:\/\/linitiative.ca\/International\/wp-json\/wp\/v2\/comments?post=84992"}],"version-history":[{"count":0,"href":"https:\/\/linitiative.ca\/International\/wp-json\/wp\/v2\/posts\/84992\/revisions"}],"wp:attachment":[{"href":"https:\/\/linitiative.ca\/International\/wp-json\/wp\/v2\/media?parent=84992"}],"wp:term":[{"taxonomy":"category","embeddable":true,"href":"https:\/\/linitiative.ca\/International\/wp-json\/wp\/v2\/categories?post=84992"},{"taxonomy":"post_tag","embeddable":true,"href":"https:\/\/linitiative.ca\/International\/wp-json\/wp\/v2\/tags?post=84992"}],"curies":[{"name":"wp","href":"https:\/\/api.w.org\/{rel}","templated":true}]}}