{"id":84995,"date":"2020-05-10T14:10:00","date_gmt":"2020-05-10T18:10:00","guid":{"rendered":"https:\/\/linitiative.ca\/International\/bousfer-oran-demolition-des-extensions-erigees-illicitement-en-bord-de-mer\/"},"modified":"2020-05-10T14:10:00","modified_gmt":"2020-05-10T18:10:00","slug":"bousfer-oran-demolition-des-extensions-erigees-illicitement-en-bord-de-mer","status":"publish","type":"post","link":"https:\/\/linitiative.ca\/International\/bousfer-oran-demolition-des-extensions-erigees-illicitement-en-bord-de-mer\/","title":{"rendered":"BOUSFER (ORAN) : D\u00e9molition des extensions \u00e9rig\u00e9es illicitement en bord de mer"},"content":{"rendered":"<p><br id=\"sep_para_1\" class=\"sep_para access\"\/><\/p>\n<div id=\"para_1\" class=\"para_36890984 resize\">\n<div class=\"texte access firstletter\">Une commission mixte compos\u00e9e des repr\u00e9sentants de l\u2019ensemble des services intervenant dans la lutte contre de ce fl\u00e9au dont la direction de l\u2019environnement et la commune de Bousfer, multiplient, \u00e0 cet effet, depuis quelques jours les contr\u00f4les. Une dizaine de d\u00e9passements ont \u00e9t\u00e9 recens\u00e9s et ayant fait objet par la suite, de d\u00e9cisions de d\u00e9molition. Avant le d\u00e9but du confinement, la commission s\u00e9curitaire de la wilaya d\u2019Oran avait d\u00e9cid\u00e9 de mettre en place un syst\u00e8me s\u00e9curitaire de surveillance sp\u00e9cial dans de nombreuses zones pour freiner la prolif\u00e9ration des constructions illicites. Lors d\u2019une r\u00e9union ayant regroup\u00e9 les chefs de da\u00efras et les repr\u00e9sentants des services de s\u00e9curit\u00e9, un nombre de mesures ont \u00e9t\u00e9 prises parmi lesquelles la mise en place d\u2019un syst\u00e8me de surveillance permanent dans les endroits encercl\u00e9s par l\u2019habitat informel pr\u00e9caire, ce qui permettra notamment le d\u00e9mant\u00e8lement des r\u00e9seaux derri\u00e8re le d\u00e9veloppement de ce fl\u00e9au. Dans un communiqu\u00e9 rendu public, les autorit\u00e9s locales ont indiqu\u00e9 que \u00abla construction illicites ne peut en aucune mani\u00e8re constituer une alternative ou un moyen pour b\u00e9n\u00e9ficier d\u2019un logement social qui, rappellent-ils, est destin\u00e9 aux franges aux ressources limit\u00e9es et les occupants des habitations mena\u00e7ant ruine et les postulants recens\u00e9s\u00bb.Ce document souligne que les constructions illicites connaissent une prolif\u00e9ration inqui\u00e9tante au d\u00e9triment des terres domaniales et des superficies foresti\u00e8res dans de nombreuses communes c\u00f4ti\u00e8res ainsi que les localit\u00e9s El Hassi et Coca qui rel\u00e8vent de la d\u00e9l\u00e9gation de Bou\u00e2mama.<\/div>\n<\/div>\n<p>Auteur: Medjadji H.<br \/>\n<a href=\"https:\/\/www.reflexiondz.net\/BOUSFER-ORAN-Demolition-des-extensions-erigees-illicitement-en-bord-de-mer_a62607.html\">Cliquez ici pour lire l&rsquo;article depuis sa source.<\/a><\/p>\n","protected":false},"excerpt":{"rendered":"<p>Une commission mixte compos\u00e9e des repr\u00e9sentants de l\u2019ensemble des services intervenant dans la lutte contre de ce fl\u00e9au dont la direction de l\u2019environnement et la commune de Bousfer, multiplient, \u00e0 cet effet, depuis quelques jours les contr\u00f4les. Une dizaine de d\u00e9passements ont \u00e9t\u00e9 recens\u00e9s et ayant fait objet par la suite, de d\u00e9cisions de d\u00e9molition. [&hellip;]<\/p>\n","protected":false},"author":1740,"featured_media":0,"comment_status":"closed","ping_status":"closed","sticky":false,"template":"","format":"standard","meta":{"fifu_image_url":"","fifu_image_alt":"","footnotes":""},"categories":[53,76],"tags":[],"class_list":["post-84995","post","type-post","status-publish","format-standard","hentry","category-algerie","category-regions"],"_links":{"self":[{"href":"https:\/\/linitiative.ca\/International\/wp-json\/wp\/v2\/posts\/84995","targetHints":{"allow":["GET"]}}],"collection":[{"href":"https:\/\/linitiative.ca\/International\/wp-json\/wp\/v2\/posts"}],"about":[{"href":"https:\/\/linitiative.ca\/International\/wp-json\/wp\/v2\/types\/post"}],"author":[{"embeddable":true,"href":"https:\/\/linitiative.ca\/International\/wp-json\/wp\/v2\/users\/1740"}],"replies":[{"embeddable":true,"href":"https:\/\/linitiative.ca\/International\/wp-json\/wp\/v2\/comments?post=84995"}],"version-history":[{"count":0,"href":"https:\/\/linitiative.ca\/International\/wp-json\/wp\/v2\/posts\/84995\/revisions"}],"wp:attachment":[{"href":"https:\/\/linitiative.ca\/International\/wp-json\/wp\/v2\/media?parent=84995"}],"wp:term":[{"taxonomy":"category","embeddable":true,"href":"https:\/\/linitiative.ca\/International\/wp-json\/wp\/v2\/categories?post=84995"},{"taxonomy":"post_tag","embeddable":true,"href":"https:\/\/linitiative.ca\/International\/wp-json\/wp\/v2\/tags?post=84995"}],"curies":[{"name":"wp","href":"https:\/\/api.w.org\/{rel}","templated":true}]}}