{"id":85008,"date":"2020-05-10T05:00:00","date_gmt":"2020-05-10T09:00:00","guid":{"rendered":"https:\/\/linitiative.ca\/International\/hommage-a-mohsen-mnif-monsieur-aeroports\/"},"modified":"2020-05-10T05:00:00","modified_gmt":"2020-05-10T09:00:00","slug":"hommage-a-mohsen-mnif-monsieur-aeroports","status":"publish","type":"post","link":"https:\/\/linitiative.ca\/International\/hommage-a-mohsen-mnif-monsieur-aeroports\/","title":{"rendered":"Hommage \u00e0 Mohsen Mnif: Monsieur a\u00e9roports"},"content":{"rendered":"<p>L\u2019homme qui choisit une vie d\u2019abn\u00e9gation et de g\u00e9n\u00e9rosit\u00e9. Mohsen Mnif, un des premiers commandants de l\u2019a\u00e9roport Tunis-Carthage, nous a quitt\u00e9s le 30 mars 2020 apr\u00e8s un long combat contre la maladie. Ayant d\u00e9vou\u00e9 sa vie \u00e0 sa carri\u00e8re professionnelle au service de l\u2019Office de l\u2019aviation civile et des a\u00e9roports, Mohsen Mnif, l\u2019exemple m\u00eame de la rigueur, a \u00e9t\u00e9 d\u00e9cor\u00e9 par le Pr\u00e9sident de la R\u00e9publique Tunisienne, Habib Bourguiba.<\/p>\n<p>D\u00e8s son plus jeune \u00e2ge, dans sa ville natale Sfax, Mohsen Mnif s\u2019\u00e9chinait \u00e0 exceller, ce qui lui a permis de poursuivre des \u00e9tudes d\u2019ing\u00e9niorat de notori\u00e9t\u00e9 dans les plus prestigieuses \u00e9coles de l\u2019aviation civile fran\u00e7aise.<\/p>\n<p>Par son abn\u00e9gation et son amour pour le travail, Si Mohsen a r\u00e9ussi \u00e0 transmettre cet h\u00e9ritage vertueux aux membres de sa famille et \u00e0 ceux qui ont travaill\u00e9 avec lui. Il \u00e9tait un mari, un p\u00e8re, un beau-p\u00e8re, un grand-p\u00e8re, un fr\u00e8re, un oncle, un ami, un voisin extraordinaire. Le sourire ne quittait jamais les doux traits de son visage. Chaleureux, g\u00e9n\u00e9reux, fort et aimant, il \u00e9tait source de confiance et d\u2019admiration pour tous ceux qui ont crois\u00e9 son chemin.<\/p>\n<p>La mort ne peut jamais prendre un homme bon dans notre c\u0153ur. Il a \u00e9t\u00e9 un exemple pour plusieurs, l\u2019h\u00e9ritage demeure et continuera \u00e0 travers les g\u00e9n\u00e9rations.<\/p>\n<p>Que Dieu Mis\u00e9ricordieux l\u2019accueille dans Son \u00e9ternel paradis. Que son \u00e2me repose en paix.<\/p>\n<p>Nos condol\u00e9ances les plus attrist\u00e9es \u00e0 la famille du d\u00e9funt.<br \/>\u00a0<\/p>\n<p>Auteur:<br \/>\n<a href=\"https:\/\/www.leaders.com.tn\/article\/29895-mohsen-mnif-monsieur-aeroports\">Cliquez ici pour lire l&rsquo;article depuis sa source.<\/a><\/p>\n","protected":false},"excerpt":{"rendered":"<p>L\u2019homme qui choisit une vie d\u2019abn\u00e9gation et de g\u00e9n\u00e9rosit\u00e9. Mohsen Mnif, un des premiers commandants de l\u2019a\u00e9roport Tunis-Carthage, nous a quitt\u00e9s le 30 mars 2020 apr\u00e8s un long combat contre la maladie. Ayant d\u00e9vou\u00e9 sa vie \u00e0 sa carri\u00e8re professionnelle au service de l\u2019Office de l\u2019aviation civile et des a\u00e9roports, Mohsen Mnif, l\u2019exemple m\u00eame de [&hellip;]<\/p>\n","protected":false},"author":1772,"featured_media":0,"comment_status":"closed","ping_status":"closed","sticky":false,"template":"","format":"standard","meta":{"fifu_image_url":"","fifu_image_alt":"","footnotes":""},"categories":[73,55],"tags":[],"class_list":["post-85008","post","type-post","status-publish","format-standard","hentry","category-actualite","category-tunisie"],"_links":{"self":[{"href":"https:\/\/linitiative.ca\/International\/wp-json\/wp\/v2\/posts\/85008","targetHints":{"allow":["GET"]}}],"collection":[{"href":"https:\/\/linitiative.ca\/International\/wp-json\/wp\/v2\/posts"}],"about":[{"href":"https:\/\/linitiative.ca\/International\/wp-json\/wp\/v2\/types\/post"}],"author":[{"embeddable":true,"href":"https:\/\/linitiative.ca\/International\/wp-json\/wp\/v2\/users\/1772"}],"replies":[{"embeddable":true,"href":"https:\/\/linitiative.ca\/International\/wp-json\/wp\/v2\/comments?post=85008"}],"version-history":[{"count":0,"href":"https:\/\/linitiative.ca\/International\/wp-json\/wp\/v2\/posts\/85008\/revisions"}],"wp:attachment":[{"href":"https:\/\/linitiative.ca\/International\/wp-json\/wp\/v2\/media?parent=85008"}],"wp:term":[{"taxonomy":"category","embeddable":true,"href":"https:\/\/linitiative.ca\/International\/wp-json\/wp\/v2\/categories?post=85008"},{"taxonomy":"post_tag","embeddable":true,"href":"https:\/\/linitiative.ca\/International\/wp-json\/wp\/v2\/tags?post=85008"}],"curies":[{"name":"wp","href":"https:\/\/api.w.org\/{rel}","templated":true}]}}