{"id":85009,"date":"2020-05-10T09:23:00","date_gmt":"2020-05-10T13:23:00","guid":{"rendered":"https:\/\/linitiative.ca\/International\/mahmoud-el-may-linteret-de-la-turquie-en-libye-est-purement-economique-la-guerre-des-gazoducs\/"},"modified":"2020-05-10T09:23:00","modified_gmt":"2020-05-10T13:23:00","slug":"mahmoud-el-may-linteret-de-la-turquie-en-libye-est-purement-economique-la-guerre-des-gazoducs","status":"publish","type":"post","link":"https:\/\/linitiative.ca\/International\/mahmoud-el-may-linteret-de-la-turquie-en-libye-est-purement-economique-la-guerre-des-gazoducs\/","title":{"rendered":"Mahmoud El May &#8211; L\u2019int\u00e9r\u00eat de la Turquie en Libye est purement \u00e9conomique : La guerre des Gazoducs"},"content":{"rendered":"<p><em><span class=\"c2\"><strong>Par Mahmoud El May &#8211;<\/strong><\/span><\/em> Les observateurs de l\u2019intervention Turques en Libye croient voir une intervention de soutien aux groupes extr\u00e9mistes, et oublient souvent que ce sont les int\u00e9r\u00eats \u00e9conomiques qui gouvernent les d\u00e9cisions des grandes puissances et des puissances r\u00e9gionales. Ils oublient souvent que la Turquie est aussi expos\u00e9e \u00e0 des attaques terroristes, et que la vie \u00e0 Istanbul est loin de ressembler au quotidien v\u00e9cu sous les r\u00e9gimes extr\u00e9mistes islamistes. La Turquie est la plus grande puissance militaire de l\u2019est du bassin m\u00e9diterran\u00e9en et la 12eme puissance \u00e9conomique mondiale. Elle ne fait que d\u00e9fendre ses int\u00e9r\u00eats.<\/p>\n<p>La r\u00e9alit\u00e9 est ailleurs:<\/p>\n<p><span class=\"c4\"><span class=\"c3\"><strong>Trans-Anatolian Pipeline V\/S East-Med Pipeline<\/strong><\/span><\/span><\/p>\n<p>La Turquie a inaugur\u00e9 en 2018 le gazoduc reliant la mer Caspien \u00e0 l\u2019Europe. Le Gazoduc de 8.5 Milliards de dollars financ\u00e9 par L\u2019Azerba\u00efdjan \u00e0 58%, la Turquie \u00e0 30% et BP \u00e0 12%. Ce gazoduc traverse l\u2019Azerba\u00efdjan, la G\u00e9orgie, la Turquie et doit traverser la Gr\u00e8ce pour arriver en Italie.<\/p>\n<p class=\"c5\"><img decoding=\"async\" src=\"\/uploads\/FCK_files\/Carte(23).jpg\" width=\"100%\" vspace=\"5\" hspace=\"5\" align=\"middle\" alt=\"\"\/><\/p>\n<p>De l\u2019autre c\u00f4t\u00e9 Isra\u00ebl qui a commenc\u00e9 la production en haute-mer dans la Zone \u00c9conomique Exclusive (ZEE) des pays limitrophes (Chypre, Liban, Syrie et autorit\u00e9 Palestinien, en excluant bien s\u00fbr les 3 derni\u00e8res). Isra\u00ebl voudrait aussi vendre ce Gaz \u00e0 l\u2019Europe \u00e0 travers ce qui d\u00e9nomm\u00e9 \u00abEast-Med Pipeline\u00bb. Une partie de ce Gaz est vol\u00e9 au Liban et \u00e0 la Syrie.<\/p>\n<p>En effet chaque pays c\u00f4tier jouit de 12 miles d\u2019eaux territoriales o\u00f9 il b\u00e9n\u00e9ficie d\u2019une souverainet\u00e9 absolue. Le droit international de lui reconna\u00eet aussi 200 miles (370 km) de Zone \u00c9conomique Exclusive (ZEE).<\/p>\n<p>Pour d\u00e9tourner la Zone \u00c9conomique Exclusive (ZEE) Turque, Isra\u00ebl doit utiliser le pipeline la reliant \u00e0 l\u2019\u00c9gypte \u00abArish-Ashkelone pipeline\u00bb, qui repr\u00e9senterait le 1<sup>er<\/sup> tron\u00e7on du \u00abEast-Med pipeline\u00bb.\u00a0<\/p>\n<p>Arish-Askelone pipeline \u00e9tait construit dans les ann\u00e9es 80-90 pour transporter du Gaz \u00c9gyptien \u00e0 Isra\u00ebl \u00e0 des prix d\u00e9fiants toute concurrence. Apr\u00e8s 2011, l\u2019\u00c9gypte pr\u00e9textant un retard de paiement a arr\u00eat\u00e9 le contrat de vente \u00e0 Isra\u00ebl. Isra\u00ebl a alors intent\u00e9 un arbitrage international \u00e0 l\u2019Egypte. Cette derni\u00e8re ayant perdu cet arbitrage a d\u00fb accepter en 2019 de changer la vocation du pipeline pour recevoir du Gaz Isra\u00ebl, pour le Liqu\u00e9fier \u00e0 Doumyate en attendant la construction du nouveau Gazoduc vers l\u2019Italie.<\/p>\n<p class=\"c5\"><img decoding=\"async\" src=\"\/uploads\/FCK_files\/Carte-1(10).jpg\" width=\"100%\" vspace=\"5\" hspace=\"5\" align=\"middle\" alt=\"\"\/><\/p>\n<p><span class=\"c2\"><strong>La Turquie a \u00e9tabli un accord avec la Libye pour couper la route \u00e0 l\u2019\u00abEast-Med Pipeline\u00bb,<\/strong><\/span> qui fait concurrence au Trans-Anatolian, provoquant une crise avec Isra\u00ebl et l\u2019\u00c9gypte.<\/p>\n<p>L\u2019accord d\u00e9termine le trac\u00e9 des fronti\u00e8res maritimes entre la Turquie et la Libye, ou ils ont uni leurs ZEE pour les exploiter conjointement. Jusqu\u2019\u00e0 ce jour seul 4 pays (l\u2019\u00c9gypte, la Gr\u00e8ce, Chypre et Isra\u00ebl) ont mis en doute la l\u00e9galit\u00e9 de cet accord.<\/p>\n<p>L\u2019accord et les plans des fronti\u00e8res maritimes entre les deux pays ont \u00e9t\u00e9 pr\u00e9sent\u00e9s pour l\u2019approbation des Nations Unies. En cas d\u2019approbation, c\u2019est la mort du projet \u00abEast-Med pipeline\u00bb. La Turquie a d\u00e9j\u00e0 offert \u00e0 la Gr\u00e8ce de se connecter au \u00abTrans-Anatolian Pipeline\u00bb.<\/p>\n<p><span class=\"c2\"><strong>O\u00f9 est l\u2019int\u00e9r\u00eat de la Tunisie?<\/strong><\/span> La Tunisie qui garde une neutralit\u00e9 entre les bellig\u00e9rants, doit s\u2019assurer de pr\u00e9server l\u2019accord sur le Plateau Continental Sign\u00e9 par la Tunisie et Al-Jamahiriya, qui nous donne le droit \u00e0 la moiti\u00e9 des ressources de la zone. Le Plateau Continental repr\u00e9sente aujourd\u2019hui les seules exportations de brut par la Libye.<\/p>\n<p class=\"c6\"><strong>Mahmoud El May<\/strong><\/p>\n<p>Auteur:<br \/>\n<a href=\"https:\/\/www.leaders.com.tn\/article\/29896-mahmoud-el-may-l-interet-de-la-turquie-en-libye-est-purement-economique-la-guerre-des-gazoducs\">Cliquez ici pour lire l&rsquo;article depuis sa source.<\/a><\/p>\n","protected":false},"excerpt":{"rendered":"<p>Par Mahmoud El May &#8211; Les observateurs de l\u2019intervention Turques en Libye croient voir une intervention de soutien aux groupes extr\u00e9mistes, et oublient souvent que ce sont les int\u00e9r\u00eats \u00e9conomiques qui gouvernent les d\u00e9cisions des grandes puissances et des puissances r\u00e9gionales. Ils oublient souvent que la Turquie est aussi expos\u00e9e \u00e0 des attaques terroristes, et [&hellip;]<\/p>\n","protected":false},"author":1772,"featured_media":85010,"comment_status":"closed","ping_status":"closed","sticky":false,"template":"","format":"standard","meta":{"fifu_image_url":"","fifu_image_alt":"","footnotes":""},"categories":[73,55],"tags":[],"class_list":["post-85009","post","type-post","status-publish","format-standard","has-post-thumbnail","hentry","category-actualite","category-tunisie"],"_links":{"self":[{"href":"https:\/\/linitiative.ca\/International\/wp-json\/wp\/v2\/posts\/85009","targetHints":{"allow":["GET"]}}],"collection":[{"href":"https:\/\/linitiative.ca\/International\/wp-json\/wp\/v2\/posts"}],"about":[{"href":"https:\/\/linitiative.ca\/International\/wp-json\/wp\/v2\/types\/post"}],"author":[{"embeddable":true,"href":"https:\/\/linitiative.ca\/International\/wp-json\/wp\/v2\/users\/1772"}],"replies":[{"embeddable":true,"href":"https:\/\/linitiative.ca\/International\/wp-json\/wp\/v2\/comments?post=85009"}],"version-history":[{"count":0,"href":"https:\/\/linitiative.ca\/International\/wp-json\/wp\/v2\/posts\/85009\/revisions"}],"wp:featuredmedia":[{"embeddable":true,"href":"https:\/\/linitiative.ca\/International\/wp-json\/"}],"wp:attachment":[{"href":"https:\/\/linitiative.ca\/International\/wp-json\/wp\/v2\/media?parent=85009"}],"wp:term":[{"taxonomy":"category","embeddable":true,"href":"https:\/\/linitiative.ca\/International\/wp-json\/wp\/v2\/categories?post=85009"},{"taxonomy":"post_tag","embeddable":true,"href":"https:\/\/linitiative.ca\/International\/wp-json\/wp\/v2\/tags?post=85009"}],"curies":[{"name":"wp","href":"https:\/\/api.w.org\/{rel}","templated":true}]}}