{"id":85015,"date":"2020-05-10T01:00:00","date_gmt":"2020-05-10T05:00:00","guid":{"rendered":"https:\/\/linitiative.ca\/International\/les-algeriens-retrouvent-leur-calme-le-covid-19-ne-la-jamais-perdu\/"},"modified":"2020-05-10T01:00:00","modified_gmt":"2020-05-10T05:00:00","slug":"les-algeriens-retrouvent-leur-calme-le-covid-19-ne-la-jamais-perdu","status":"publish","type":"post","link":"https:\/\/linitiative.ca\/International\/les-algeriens-retrouvent-leur-calme-le-covid-19-ne-la-jamais-perdu\/","title":{"rendered":"Les Alg\u00e9riens retrouvent leur calme, le Covid-19 ne l\u2019a jamais perdu"},"content":{"rendered":"<p class=\"c3\">Il para\u00eet qu\u2019il y a un profond changement de comportement des Alg\u00e9riens depuis qu\u2019il y a le coronavirus et surtout depuis qu\u2019il est rejoint par Ramadhan. Nous sommes habitu\u00e9s \u00e0 nous surprendre toujours, \u00e0 souvent nous \u00e9bahir et parfois nous d\u00e9router. Mais chez nous, il y a des choses qu\u2019on n\u2019attend pas. On ne sait d\u2019ailleurs pas pourquoi mais c\u2019est comme \u00e7a. Ce n\u2019est que quand elles sont l\u00e0 qu\u2019on se dit que c\u2019\u00e9tait finalement possible, qu\u2019il ne faut jurer de rien et que les voies du seigneur sont imp\u00e9n\u00e9trables. Tenez, qui pouvait imaginer que nos compatriotes pouvaient \u00eatre capables d\u2019un Ramadhan sans vocif\u00e9rations, sans accrochage, sans cr\u00e9pissage de chignon, sans noms d\u2019oiseaux, sans bousculades, sans concerts de klaxons, sans accidents mortels sur la route du f\u2019tor et \u00e0 l\u2019approche de l\u2019imsak ? Il para\u00eet que tout le monde est devenu poli. Ce n\u2019est pas vraiment ce qu\u2019on leur demande en priorit\u00e9 actuellement puisqu\u2019il est plut\u00f4t attendu d\u2019eux qu\u2019ils respectent les gestes-barri\u00e8res et qu\u2019ils restent \u00e0 la maison. Mais retrouver son calme, ce n\u2019est d\u00e9j\u00e0 pas si mal, \u00e7a peut m\u00eame aider \u00e0 passer \u00e0 l\u2019essentiel, \u00e9tant entendu que les grandes entreprises se r\u00e9alisent dans la s\u00e9r\u00e9nit\u00e9 et les \u00e9lans collectifs s\u2019accomplissent avec sang-froid. Il para\u00eet que m\u00eame aux temps forts de la distribution ou de la vente de semoule, quand on s\u2019amassait dangereusement, avec six bonhommes au m\u00e8tre carr\u00e9 devant les espaces de commerce ou de g\u00e9n\u00e9rosit\u00e9, on faisait \u00e7a sans les l\u00e9gendaires coups de coude et les incurables \u00e9changes d\u2019amabilit\u00e9s. On s\u2019expose au virus et qui sait, \u00e0 la mort\u2026 tranquillement, dans l\u2019apaisement miraculeusement retrouv\u00e9. C\u2019est difficile \u00e0 comprendre, c\u2019est fou que la peur puisse imposer la paix plus que la pr\u00e9caution. Pendant l\u2019heureusement courte p\u00e9riode o\u00f9 les magasins de kalb ellouz et autres g\u00e2teries ont rouvert leurs portes, il para\u00eet qu\u2019il n\u2019y a quasiment pas eu de bagarres. On s\u2019entassait patiemment, respectueusement, courtoisement. Le Covid-19 n\u2019en a cure de la moralit\u00e9 de tous et des vertus de chacun, se propage aussi\u2026 calmement, avec la discr\u00e9tion en plus. Sur ces questions-l\u00e0. Il n\u2019a donc de le\u00e7ons \u00e0 recevoir de personne, il ne va pas se laisser impressionner par l\u2019exemple. Pour sauter du coq \u00e0 l\u2019\u00e2ne, la France va entamer le \u00ab d\u00e9confinement \u00bb \u00e0 partir de demain. Du coup, on s\u2019enflamme\u2026 ici en posant quelques questions qui ne manquent peut-\u00eatre pas de logique mais pas vraiment pertinentes. Comment se fait-il qu\u2019on retourne partiellement \u00e0 la \u00ab vie normale \u00bb dans un pays qui compte largement plus de malades, plus de cas graves, plus de morts et plus de probl\u00e8mes \u00e0 trouver des masques et pas chez nous ? La r\u00e9ponse pr\u00e9cise appartient aux d\u00e9cideurs politiques et aux autorit\u00e9s scientifiques. Pour les nuls, il suffit de\u2026 regarder la t\u00e9l\u00e9. Comment par exemple, on s\u2019organise dans les \u00e9coles, les transports en commun et certains commerces. Tout ce qui est impossible de faire ici. Les d\u00e9cideurs n\u2019ont pas les moyens et le savoir-faire et les Alg\u00e9riens pas toujours la volont\u00e9 et la discipline. Pour les uns comme pour les autres, retrouver son calme ne suffit pas.<br \/><em><strong>S. L.<\/strong><\/em><\/p>\n<p>Auteur:<br \/>\n<a href=\"https:\/\/www.lesoirdalgerie.com\/constances\/les-algeriens-retrouvent-leur-calme-le-covid-19-ne-la-jamais-perdu-42240\">Cliquez ici pour lire l&rsquo;article depuis sa source.<\/a><\/p>\n","protected":false},"excerpt":{"rendered":"<p>Il para\u00eet qu\u2019il y a un profond changement de comportement des Alg\u00e9riens depuis qu\u2019il y a le coronavirus et surtout depuis qu\u2019il est rejoint par Ramadhan. Nous sommes habitu\u00e9s \u00e0 nous surprendre toujours, \u00e0 souvent nous \u00e9bahir et parfois nous d\u00e9router. Mais chez nous, il y a des choses qu\u2019on n\u2019attend pas. On ne sait [&hellip;]<\/p>\n","protected":false},"author":1741,"featured_media":0,"comment_status":"closed","ping_status":"closed","sticky":false,"template":"","format":"standard","meta":{"fifu_image_url":"","fifu_image_alt":"","footnotes":""},"categories":[73,53],"tags":[],"class_list":["post-85015","post","type-post","status-publish","format-standard","hentry","category-actualite","category-algerie"],"_links":{"self":[{"href":"https:\/\/linitiative.ca\/International\/wp-json\/wp\/v2\/posts\/85015","targetHints":{"allow":["GET"]}}],"collection":[{"href":"https:\/\/linitiative.ca\/International\/wp-json\/wp\/v2\/posts"}],"about":[{"href":"https:\/\/linitiative.ca\/International\/wp-json\/wp\/v2\/types\/post"}],"author":[{"embeddable":true,"href":"https:\/\/linitiative.ca\/International\/wp-json\/wp\/v2\/users\/1741"}],"replies":[{"embeddable":true,"href":"https:\/\/linitiative.ca\/International\/wp-json\/wp\/v2\/comments?post=85015"}],"version-history":[{"count":0,"href":"https:\/\/linitiative.ca\/International\/wp-json\/wp\/v2\/posts\/85015\/revisions"}],"wp:attachment":[{"href":"https:\/\/linitiative.ca\/International\/wp-json\/wp\/v2\/media?parent=85015"}],"wp:term":[{"taxonomy":"category","embeddable":true,"href":"https:\/\/linitiative.ca\/International\/wp-json\/wp\/v2\/categories?post=85015"},{"taxonomy":"post_tag","embeddable":true,"href":"https:\/\/linitiative.ca\/International\/wp-json\/wp\/v2\/tags?post=85015"}],"curies":[{"name":"wp","href":"https:\/\/api.w.org\/{rel}","templated":true}]}}