{"id":85018,"date":"2020-05-10T14:05:02","date_gmt":"2020-05-10T18:05:02","guid":{"rendered":"https:\/\/linitiative.ca\/International\/masques-a-lexport-rien-nest-encore-regle-pour-les-textiliens\/"},"modified":"2020-05-10T14:05:02","modified_gmt":"2020-05-10T18:05:02","slug":"masques-a-lexport-rien-nest-encore-regle-pour-les-textiliens","status":"publish","type":"post","link":"https:\/\/linitiative.ca\/International\/masques-a-lexport-rien-nest-encore-regle-pour-les-textiliens\/","title":{"rendered":"Masques \u00e0 l\u2019export : rien n\u2019est encore r\u00e9gl\u00e9 pour les textiliens"},"content":{"rendered":"<p><strong>L\u2019avenir s\u2019annoncerait-il plus radieux pour les textiliens dans le Royaume ? Pas si s\u00fbr !<\/strong><\/p>\n<div class=\"c10\"\/>\n<p>Outre la reconversion d\u2019une partie de la \ufb01li\u00e8re pour la confection de masques de protection \u00e0 destination du march\u00e9 national, le volet export constitue plus que jamais une manne commerciale juteuse pour les op\u00e9rateurs par ces temps de pand\u00e9mie. Justement, l\u2019interdiction d\u2019exporter des masques en tissu qui leur avait \u00e9t\u00e9 signi\ufb01\u00e9e par le minist\u00e8re de l\u2019Industrie vient de leur \u00eatre lev\u00e9e. Pour autant, les textiliens restent toujours dans l\u2019expectative.<\/p>\n<p>Si l\u2019on en croit les propos r\u00e9cents de Moulay Hafid Elalamy, ministre de l\u2019Industrie, du Commerce et de l\u2019\u00c9conomie verte et num\u00e9rique, relay\u00e9s par la presse, les textiliens qui veulent importer du tissu en admission temporaire ont d\u00e9sormais la possibilit\u00e9 de le faire. Aussi, ils peuvent exporter jusqu\u2019\u00e0 50% de leur production, l\u2019autre partie devant satisfaire aux besoins nationaux. La tutelle a par ailleurs fix\u00e9 une autre condition pr\u00e9alable \u00e0 l\u2019export, qui consiste en un stock incompressible de 15 millions de masques de protection en tissu, l\u2019objectif \u00e9tant de s\u00e9curiser l\u2019approvisionnement national. Bien que les textiliens, \u00e0 travers l\u2019Association Marocaine des Industries du Textile et de l\u2019Habillement (AMITH) m\u00e8nent de concert avec le minist\u00e8re d\u2019\u00e2pres discussions et autres tractations pour poursuivre par ces temps de crise sanitaire la valorisation du secteur, certains d\u2019entre eux en coulisses demeurent perplexes quant \u00e0 la p\u00e9rennit\u00e9 de leurs business, car quelques zones d\u2019ombre subsistent encore. C\u2019est le cas par exemple de l\u2019export. Comme nous le souligne ce textilien sous couvert d\u2019anonymat : \u00ab Hormis les op\u00e9rateurs qui peuvent opter pour des admissions temporaires et exporter, ceux qui travaillent avec de la mati\u00e8re premi\u00e8re locale et qui font \u0153uvrer par exemple les filateurs nationaux, n\u2019ont pas la possibilit\u00e9 d\u2019exporter \u00bb.<\/p>\n<p>Lire aussi : <a href=\"https:\/\/www.challenge.ma\/coronavirus-45-millions-de-masques-disponibles-par-jour-dans-les-pharmacies-138942\/\">Coronavirus : 4,5 millions de masques disponibles par jour dans les pharmacies<\/a><\/p>\n<p>Et notre interlo-cuteur d\u2019ajouter : \u00ab Ecouler 50% de notre production sur le territoire national, admettons ! Encore faut-il parvenir \u00e0 le faire. Or, si le prix de revient est \u00e9lev\u00e9 et si le masque doit se vendre aux alentours de 5 DH, nous ne pouvons pas nous en sortir raisonnablement \u00bb. Il explicite son propos : \u00ab Il faudrait les vendre entre 12 et 13 DH, ce qui est impossible. Mais \u00e0 l\u2019international, ces m\u00eames masques peuvent \u00eatre \u00e9coul\u00e9s \u00e0 1,50 euro ; de quoi nous permettre de faire tourner raisonnablement nos plateformes \u00bb.<\/p>\n<p><strong>Des opportunit\u00e9s \u00e0 saisir<\/strong><\/p>\n<p>Faut-il souligner que si l\u2019exportation de masques permet aux textiliens marocains d\u2019investir certains march\u00e9s mondiaux, d\u2019autres pays y ont d\u00e9j\u00e0 pos\u00e9 leurs jalons, prenant de facto une longueur d\u2019avance par rapport au Royaume \u00e0 l\u2019instar de la Turquie, ou de la Tunisie. \u00ab J\u2019ai potentiellement une demande de trois millions de masques \u00e9manant d\u2019un donneur d\u2019ordre europ\u00e9en, une commande qu\u2019il m\u2019est impossible d\u2019honorer compte tenu des dispositions r\u00e9glementaires actuelles \u00bb, poursuit notre interlocuteur. Mais les dol\u00e9ances et autres constatations de certains textiliens au sujet du stock de s\u00e9curit\u00e9 de 15 millions de masques, ne s\u2019arr\u00eatent pas en si bon chemin. \u00ab Ce chiffre \u00e9quivaut environ \u00e0 700.000 m\u00e8tres de tissus, ce qui par rapport au Maroc, repr\u00e9sente environ une semaine de production. Comment va-t-on pouvoir coordonner l\u2019en-semble de la production disponible du secteur ? Tel est l\u2019\u00e9quation \u00e0 r\u00e9soudre, sachant que certains op\u00e9rateurs ont de la mati\u00e8re premi\u00e8re, en l\u2019occurrence du tissu, quand d\u2019autres ont un stock de masques et aucun d\u2019eux ne parvient \u00e0 les \u00e9couler ?\u00bb, pr\u00e9cise un autre textilien. Et ce dernier d\u2019ajouter : \u00ab Nous sommes en train de patauger alors qu\u2019il y a des opportunit\u00e9s \u00e0 saisir. Il faudrait clairement que nous ayons plus de visibilit\u00e9 pour pouvoir renforcer, sinon p\u00e9renniser nos acquis \u00bb.<\/p>\n<p>Lisez gratuitement Challenge en version PDF en cliquant sur le lien suivant :\u00a0<a rel=\"noreferrer noopener\" href=\"https:\/\/l.facebook.com\/l.php?u=https%3A%2F%2Femag.challenge.ma%2F742%2Fmobile%2Findex.html%3Ffbclid%3DIwAR0ry1_cAPOOqhLYGdpT6WrQ-KC9txxvqK7XY6kjyPNo8kUhD_qo6aBh5Kk&amp;h=AT3vXyUxeSVUlLDsirQ7dxoZ0rnqBoTaFrvFYEOCuK8exUvy4MdHAJEHzfrl5_tIRlvSVGNI_2-87xhSgYhZn2xUZpai6XR93kLIzudnPZ5FWjJ_6jPi8zjhvl0NmxqIh2s4Gr0&amp;__tn__=-UK-R&amp;c[0]=AT19fkyQKeOxSh8PNT-TK0JExQk-6VsQbnGnoQtXo46S9znxEfzWXvXZVf8s0-uvc010QPsGFBmiVNsiaCnmukUcmVndfy1r4k-H4_Y8RW7DujqwYqkqSRIeYffEImkfVP340qhAkA9UIM5N8flnrEHByVkcjn-QjZi-Dsq7E7bNaB0nQgzQArAKmH06\" target=\"_blank\">https:\/\/emag.challenge.ma\/742\/mobile\/index.html<\/a><\/p>\n<p><img loading=\"lazy\" decoding=\"async\" class=\"alignleft wp-image-139963 size-full\" src=\"https:\/\/www.challenge.ma\/wp-content\/uploads\/2020\/05\/lire-challenge-742.jpg\" alt=\"\" width=\"300\" height=\"522\"\/><\/p>\n<div class=\"c17\">\n<fieldset class=\"c16\">\n<legend><strong><span class=\"c11\">Challenge<\/span><span class=\"c12\">news<\/span><\/strong><\/legend>\n<div class=\"c15\">Le meilleur de Challenge s\u00e9lectionn\u00e9 par la r\u00e9daction :<\/p>\n<\/div>\n<\/fieldset>\n<\/div>\n<p>Auteur: challenge<br \/>\n<a href=\"https:\/\/www.challenge.ma\/masques-a-lexport-rien-nest-encore-regle-pour-les-textiliens-139947\/\">Cliquez ici pour lire l&rsquo;article depuis sa source.<\/a><\/p>\n","protected":false},"excerpt":{"rendered":"<p>L\u2019avenir s\u2019annoncerait-il plus radieux pour les textiliens dans le Royaume ? Pas si s\u00fbr ! Outre la reconversion d\u2019une partie de la \ufb01li\u00e8re pour la confection de masques de protection \u00e0 destination du march\u00e9 national, le volet export constitue plus que jamais une manne commerciale juteuse pour les op\u00e9rateurs par ces temps de pand\u00e9mie. Justement, [&hellip;]<\/p>\n","protected":false},"author":1787,"featured_media":85019,"comment_status":"closed","ping_status":"closed","sticky":false,"template":"","format":"standard","meta":{"fifu_image_url":"","fifu_image_alt":"","footnotes":""},"categories":[78,54],"tags":[],"class_list":["post-85018","post","type-post","status-publish","format-standard","has-post-thumbnail","hentry","category-economie","category-maroc"],"_links":{"self":[{"href":"https:\/\/linitiative.ca\/International\/wp-json\/wp\/v2\/posts\/85018","targetHints":{"allow":["GET"]}}],"collection":[{"href":"https:\/\/linitiative.ca\/International\/wp-json\/wp\/v2\/posts"}],"about":[{"href":"https:\/\/linitiative.ca\/International\/wp-json\/wp\/v2\/types\/post"}],"author":[{"embeddable":true,"href":"https:\/\/linitiative.ca\/International\/wp-json\/wp\/v2\/users\/1787"}],"replies":[{"embeddable":true,"href":"https:\/\/linitiative.ca\/International\/wp-json\/wp\/v2\/comments?post=85018"}],"version-history":[{"count":0,"href":"https:\/\/linitiative.ca\/International\/wp-json\/wp\/v2\/posts\/85018\/revisions"}],"wp:featuredmedia":[{"embeddable":true,"href":"https:\/\/linitiative.ca\/International\/wp-json\/"}],"wp:attachment":[{"href":"https:\/\/linitiative.ca\/International\/wp-json\/wp\/v2\/media?parent=85018"}],"wp:term":[{"taxonomy":"category","embeddable":true,"href":"https:\/\/linitiative.ca\/International\/wp-json\/wp\/v2\/categories?post=85018"},{"taxonomy":"post_tag","embeddable":true,"href":"https:\/\/linitiative.ca\/International\/wp-json\/wp\/v2\/tags?post=85018"}],"curies":[{"name":"wp","href":"https:\/\/api.w.org\/{rel}","templated":true}]}}