{"id":85020,"date":"2020-05-10T14:28:36","date_gmt":"2020-05-10T18:28:36","guid":{"rendered":"https:\/\/linitiative.ca\/International\/cereales-place-a-un-regime-de-commercialisation-incitatif\/"},"modified":"2020-05-10T14:28:36","modified_gmt":"2020-05-10T18:28:36","slug":"cereales-place-a-un-regime-de-commercialisation-incitatif","status":"publish","type":"post","link":"https:\/\/linitiative.ca\/International\/cereales-place-a-un-regime-de-commercialisation-incitatif\/","title":{"rendered":"C\u00e9r\u00e9ales : place \u00e0 un r\u00e9gime  de commercialisation incitatif"},"content":{"rendered":"<p><strong>Le minist\u00e8re de l\u2019Agriculture met en place des mesures appropri\u00e9es pour assurer la commercialisation de la production de c\u00e9r\u00e9ales de la r\u00e9colte 2020, avec en toile de fond un \u00ab new deal \u00bb avec les op\u00e9rateurs.<\/strong><\/p>\n<div class=\"c10\"\/>\n<p>Un Marocain consomme en moyenne 200 kg de bl\u00e9 par an, soit trois fois plus que la moyenne mondiale. Comme dans les autres pays du Maghreb, cette c\u00e9r\u00e9ale, \u00e0 travers le pain notamment, est un \u00e9l\u00e9ment de base dans le r\u00e9gime alimentaire. Mais le Royaume ne produit pas suffisamment, et entre 2014 et 2019, la production locale n\u2019a permis en moyenne de couvrir que 54 % des besoins en c\u00e9r\u00e9ales (bl\u00e9, ma\u00efs, orge), selon l\u2019Office national interprofessionnel des c\u00e9r\u00e9ales et des l\u00e9gumineuses (ONICL). Les importations marocaines varient en fonction de la production locale, assez fluctuante, mais oscillent en moyenne autour des 3 millions de tonnes.Contrairement aux autres pays du Maghreb, ce sont des op\u00e9rateurs priv\u00e9s qui ach\u00e8tent le bl\u00e9 au Maroc.<\/p>\n<p>Mais l\u2019ONICL r\u00e9gule les importations et tire la sonnette d\u2019alarme en cas de probl\u00e8mes d\u2019approvisionnement. Ainsi, tous les ans \u00e0 l\u2019approche de la moisson, le Royaume remonte ses taxes \u00e0 l\u2019import pour favoriser la consommation int\u00e9rieure et une fois que les disponibilit\u00e9s se r\u00e9duisent, les taxes sont abaiss\u00e9es pour permettre \u00e0 nouveau les importations. Apr\u00e8s avoir instaur\u00e9 une taxe de 135% sur les importations au d\u00e9but de la campagne cette ann\u00e9e par exemple, le Maroc l\u2019a r\u00e9duite une premi\u00e8re fois \u00e0 35 % \u00e0 la mi-septembre, avant de la suspendre \u00e0 partir du 1er janvier 2020.<\/p>\n<p>Depuis, de l\u2019actuelle r\u00e9colte du bl\u00e9 tendre. Cette disposition a fait l\u2019objet d\u2019une r\u00e9union par vid\u00e9oconf\u00e9rence entre le Ministre de l\u2019Agriculture, de la P\u00eache Maritime, du D\u00e9veloppement Rural et des Eaux et For\u00eats et les Pr\u00e9sidents des organisations professionnelles de la fili\u00e8re c\u00e9r\u00e9ali\u00e8re, regroupant les op\u00e9rateurs de la chaine de collecte et de commercialisation des c\u00e9r\u00e9ales, en l\u2019occurrence la FIAC, la FNCL, la FNM et l\u2019AMIPA. Mais la teneur des discussions n\u2019en a \u00e9t\u00e9 annonc\u00e9e que cette semaine. D\u2019aucuns expliquent cette d\u00e9cision par les probables changements sur le march\u00e9 international, suite \u00e0 la volont\u00e9 russe de suspendre ses exportations des c\u00e9r\u00e9ales jusqu\u2019au mois de juillet prochain.<\/p>\n<p>La suite \u00e0 lire gratuitement Challenge en version PDF en cliquant sur le lien suivant : <a rel=\"noreferrer noopener\" aria-label=\"https:\/\/emag.challenge.ma\/742\/mobile\/index.html (s&#x2019;ouvre dans un nouvel onglet)\" href=\"https:\/\/emag.challenge.ma\/742\/mobile\/index.html\" target=\"_blank\">https:\/\/emag.challenge.ma\/742\/mobile\/index.html<\/a><\/p>\n<div class=\"wp-block-image\"><img decoding=\"async\" src=\"https:\/\/www.challenge.ma\/wp-content\/uploads\/2020\/05\/lire-challenge-742.jpg\" alt=\"\" class=\"wp-image-139791\" srcset=\"https:\/\/www.challenge.ma\/wp-content\/uploads\/2020\/05\/lire-challenge-742.jpg 300w, https:\/\/www.challenge.ma\/wp-content\/uploads\/2020\/05\/lire-challenge-742-202x300.jpg 202w\" sizes=\"(max-width: 300px) 100vw, 300px\"\/><\/div>\n<div class=\"c17\">\n<fieldset class=\"c16\">\n<legend><strong><span class=\"c11\">Challenge<\/span><span class=\"c12\">news<\/span><\/strong><\/legend>\n<div class=\"c15\">Le meilleur de Challenge s\u00e9lectionn\u00e9 par la r\u00e9daction :<\/p>\n<\/div>\n<\/fieldset>\n<\/div>\n<p>Auteur: challenge<br \/>\n<a href=\"https:\/\/www.challenge.ma\/cereales-place-a-un-regime-de-commercialisation-incitatif-139953\/\">Cliquez ici pour lire l&rsquo;article depuis sa source.<\/a><\/p>\n","protected":false},"excerpt":{"rendered":"<p>Le minist\u00e8re de l\u2019Agriculture met en place des mesures appropri\u00e9es pour assurer la commercialisation de la production de c\u00e9r\u00e9ales de la r\u00e9colte 2020, avec en toile de fond un \u00ab new deal \u00bb avec les op\u00e9rateurs. Un Marocain consomme en moyenne 200 kg de bl\u00e9 par an, soit trois fois plus que la moyenne mondiale. [&hellip;]<\/p>\n","protected":false},"author":1787,"featured_media":85021,"comment_status":"closed","ping_status":"closed","sticky":false,"template":"","format":"standard","meta":{"fifu_image_url":"","fifu_image_alt":"","footnotes":""},"categories":[78,54],"tags":[],"class_list":["post-85020","post","type-post","status-publish","format-standard","has-post-thumbnail","hentry","category-economie","category-maroc"],"_links":{"self":[{"href":"https:\/\/linitiative.ca\/International\/wp-json\/wp\/v2\/posts\/85020","targetHints":{"allow":["GET"]}}],"collection":[{"href":"https:\/\/linitiative.ca\/International\/wp-json\/wp\/v2\/posts"}],"about":[{"href":"https:\/\/linitiative.ca\/International\/wp-json\/wp\/v2\/types\/post"}],"author":[{"embeddable":true,"href":"https:\/\/linitiative.ca\/International\/wp-json\/wp\/v2\/users\/1787"}],"replies":[{"embeddable":true,"href":"https:\/\/linitiative.ca\/International\/wp-json\/wp\/v2\/comments?post=85020"}],"version-history":[{"count":0,"href":"https:\/\/linitiative.ca\/International\/wp-json\/wp\/v2\/posts\/85020\/revisions"}],"wp:featuredmedia":[{"embeddable":true,"href":"https:\/\/linitiative.ca\/International\/wp-json\/"}],"wp:attachment":[{"href":"https:\/\/linitiative.ca\/International\/wp-json\/wp\/v2\/media?parent=85020"}],"wp:term":[{"taxonomy":"category","embeddable":true,"href":"https:\/\/linitiative.ca\/International\/wp-json\/wp\/v2\/categories?post=85020"},{"taxonomy":"post_tag","embeddable":true,"href":"https:\/\/linitiative.ca\/International\/wp-json\/wp\/v2\/tags?post=85020"}],"curies":[{"name":"wp","href":"https:\/\/api.w.org\/{rel}","templated":true}]}}