{"id":85022,"date":"2020-05-10T14:34:54","date_gmt":"2020-05-10T18:34:54","guid":{"rendered":"https:\/\/linitiative.ca\/International\/monlivresolidaire-une-action-creee-en-soutien-a-la-culture\/"},"modified":"2020-05-10T14:34:54","modified_gmt":"2020-05-10T18:34:54","slug":"monlivresolidaire-une-action-creee-en-soutien-a-la-culture","status":"publish","type":"post","link":"https:\/\/linitiative.ca\/International\/monlivresolidaire-une-action-creee-en-soutien-a-la-culture\/","title":{"rendered":"Monlivresolidaire, une action cr\u00e9\u00e9e en soutien \u00e0 la culture"},"content":{"rendered":"<p><strong>Le bon c\u00f4t\u00e9 de la crise sanitaire mondiale est d\u2019avoir ouvert la voie \u00e0 de multiples actions de solidarit\u00e9. \u00abmonlivresolidaire\u00bb en fait partie. Une id\u00e9e simple qui peut avoir un effet consid\u00e9rable dans le soutien \u00e0 la culture, l\u2019un des secteurs les plus touch\u00e9s et surtout rel\u00e9gu\u00e9s en bas des priorit\u00e9s.<\/strong><\/p>\n<div class=\"c10\"\/>\n<p>Initi\u00e9e par Adil Mesbahi, \u00e9crivain de romans d\u2019espionnage, auteur d\u2019ouvrages de g\u00e9opolitique et contributeur de Challenge magazine, l\u2019op\u00e9ration <strong>monlivresolidaire<\/strong> vise \u00e0 joindre l\u2019utile \u00e0 l\u2019agr\u00e9able. Faire une bonne action en alimentant le Fonds sp\u00e9cial contre le coronavirus, tout en s\u2019offrant de bons moments de lecture, synonymes d\u2019escapade, en ces temps difficiles.<\/p>\n<p>\u00ab\u00a0Mes proches, mes amis et mon Maroc me manquent. Loin des yeux, pr\u00e8s du c\u0153ur\u00a0\u00bb, c\u2019est ainsi que l\u2019initiateur Adil Mesbahi donne du sens \u00e0 cette action. \u00ab\u00a0Depuis le d\u00e9but de cette crise, ma studieuse veille sur le sujet coronavirus m\u2019am\u00e8ne \u00e0 faire quotidiennement un tour du monde, avec un arr\u00eat attentif sur le Royaume. Pour satisfaire mon app\u00e9tit d\u2019analyste, mais aussi pour \u00eatre admiratif. Admiratif, car jour apr\u00e8s jour, je vois foisonner de bonnes initiatives. Le Fonds sp\u00e9cial pour lutter contre les cons\u00e9quences socio\u00e9conomiques de cette \u00e9pid\u00e9mie. Les nombreuses actions d\u2019innovation conjoncturelle et de solidarit\u00e9 sociale, un \u00e9lan national d\u2019ing\u00e9niosit\u00e9 et de g\u00e9n\u00e9rosit\u00e9 tel que j\u2019ai eu \u00e0 c\u0153ur non pas d\u2019applaudir, mais d\u2019agir\u00a0\u00bb, explique-t-il.<\/p>\n<p><strong>Soutenir c\u2019est bien, participer c\u2019est mieux<\/strong><\/p>\n<p>Initiative marocaine, son b\u00e9n\u00e9fice est double : culturel et solidaire. Quant \u00e0 son succ\u00e8s, il tient au soutien et \u00e0 la participation du grand nombre. Alors, offrons-nous et offrons autour de nous des livres. Dans ce sens, Adil Mesbahi lance un appel aux lectrices et lecteurs, auteurs et \u00e9diteurs, ainsi qu\u2019aux m\u00e9dias et influenceurs pour se joindre \u00e0 cette action louable.<\/p>\n<p><strong>Lectrices et lecteurs<\/strong> vous avez la possibilit\u00e9 de participer \u00e0 cet \u00e9lan culturel solidaire, en commandant les livres associ\u00e9s \u00e0 l\u2019op\u00e9ration.<\/p>\n<p><strong>Auteurs et \u00e9diteurs<\/strong> vous avez la possibilit\u00e9 de devenir partenaire en vous engageant \u00e0 reverser au Fonds sp\u00e9cial 50% du prix de chaque livre achet\u00e9, qui a \u00e9t\u00e9 pr\u00e9alablement associ\u00e9 \u00e0 l\u2019op\u00e9ration.<\/p>\n<p><strong>M\u00e9dias et influenceurs<\/strong> vous avez la possibilit\u00e9 de devenir partenaire, en faisant l\u2019\u00e9cho de cette op\u00e9ration culturelle solidaire.<\/p>\n<p>Un seul contact pour <strong>participer<\/strong> ou <strong>devenir partenaire :<\/strong> <a href=\"\/cdn-cgi\/l\/email-protection#d7bab8b9bbbea1a5b2a4b8bbbeb3b6bea5b297b0bab6bebbf9b4b8ba\"><span class=\"__cf_email__\" data-cfemail=\"d8b5b7b6b4b1aeaabdabb7b4b1bcb9b1aabd98bfb5b9b1b4f6bbb7b5\">[email\u00a0protected]<\/span><\/a><\/p>\n<p>Lisez gratuitement Challenge en version PDF en cliquant sur le lien suivant : <a rel=\"noreferrer noopener\" href=\"https:\/\/l.facebook.com\/l.php?u=https%3A%2F%2Femag.challenge.ma%2F742%2Fmobile%2Findex.html%3Ffbclid%3DIwAR0ry1_cAPOOqhLYGdpT6WrQ-KC9txxvqK7XY6kjyPNo8kUhD_qo6aBh5Kk&amp;h=AT3vXyUxeSVUlLDsirQ7dxoZ0rnqBoTaFrvFYEOCuK8exUvy4MdHAJEHzfrl5_tIRlvSVGNI_2-87xhSgYhZn2xUZpai6XR93kLIzudnPZ5FWjJ_6jPi8zjhvl0NmxqIh2s4Gr0&amp;__tn__=-UK-R&amp;c[0]=AT19fkyQKeOxSh8PNT-TK0JExQk-6VsQbnGnoQtXo46S9znxEfzWXvXZVf8s0-uvc010QPsGFBmiVNsiaCnmukUcmVndfy1r4k-H4_Y8RW7DujqwYqkqSRIeYffEImkfVP340qhAkA9UIM5N8flnrEHByVkcjn-QjZi-Dsq7E7bNaB0nQgzQArAKmH06\" target=\"_blank\">https:\/\/emag.challenge.ma\/742\/mobile\/index.html<\/a><\/p>\n<p><img decoding=\"async\" src=\"https:\/\/www.challenge.ma\/wp-content\/uploads\/2020\/05\/lire-challenge-742.png\" alt=\"\" class=\"wp-image-139963\" srcset=\"https:\/\/www.challenge.ma\/wp-content\/uploads\/2020\/05\/lire-challenge-742.png 300w, https:\/\/www.challenge.ma\/wp-content\/uploads\/2020\/05\/lire-challenge-742-172x300.png 172w\" sizes=\"(max-width: 300px) 100vw, 300px\"\/><\/p>\n<div class=\"c17\">\n<fieldset class=\"c16\">\n<legend><strong><span class=\"c11\">Challenge<\/span><span class=\"c12\">news<\/span><\/strong><\/legend>\n<div class=\"c15\">Le meilleur de Challenge s\u00e9lectionn\u00e9 par la r\u00e9daction :<\/p>\n<\/div>\n<\/fieldset>\n<\/div>\n<p>Auteur: Hassan Manyani<br \/>\n<a href=\"https:\/\/www.challenge.ma\/monlivresolidaire-une-action-creee-en-soutien-a-la-culture-139950\/\">Cliquez ici pour lire l&rsquo;article depuis sa source.<\/a><\/p>\n","protected":false},"excerpt":{"rendered":"<p>Le bon c\u00f4t\u00e9 de la crise sanitaire mondiale est d\u2019avoir ouvert la voie \u00e0 de multiples actions de solidarit\u00e9. \u00abmonlivresolidaire\u00bb en fait partie. Une id\u00e9e simple qui peut avoir un effet consid\u00e9rable dans le soutien \u00e0 la culture, l\u2019un des secteurs les plus touch\u00e9s et surtout rel\u00e9gu\u00e9s en bas des priorit\u00e9s. Initi\u00e9e par Adil Mesbahi, [&hellip;]<\/p>\n","protected":false},"author":1787,"featured_media":85023,"comment_status":"closed","ping_status":"closed","sticky":false,"template":"","format":"standard","meta":{"fifu_image_url":"","fifu_image_alt":"","footnotes":""},"categories":[78,54],"tags":[],"class_list":["post-85022","post","type-post","status-publish","format-standard","has-post-thumbnail","hentry","category-economie","category-maroc"],"_links":{"self":[{"href":"https:\/\/linitiative.ca\/International\/wp-json\/wp\/v2\/posts\/85022","targetHints":{"allow":["GET"]}}],"collection":[{"href":"https:\/\/linitiative.ca\/International\/wp-json\/wp\/v2\/posts"}],"about":[{"href":"https:\/\/linitiative.ca\/International\/wp-json\/wp\/v2\/types\/post"}],"author":[{"embeddable":true,"href":"https:\/\/linitiative.ca\/International\/wp-json\/wp\/v2\/users\/1787"}],"replies":[{"embeddable":true,"href":"https:\/\/linitiative.ca\/International\/wp-json\/wp\/v2\/comments?post=85022"}],"version-history":[{"count":0,"href":"https:\/\/linitiative.ca\/International\/wp-json\/wp\/v2\/posts\/85022\/revisions"}],"wp:featuredmedia":[{"embeddable":true,"href":"https:\/\/linitiative.ca\/International\/wp-json\/"}],"wp:attachment":[{"href":"https:\/\/linitiative.ca\/International\/wp-json\/wp\/v2\/media?parent=85022"}],"wp:term":[{"taxonomy":"category","embeddable":true,"href":"https:\/\/linitiative.ca\/International\/wp-json\/wp\/v2\/categories?post=85022"},{"taxonomy":"post_tag","embeddable":true,"href":"https:\/\/linitiative.ca\/International\/wp-json\/wp\/v2\/tags?post=85022"}],"curies":[{"name":"wp","href":"https:\/\/api.w.org\/{rel}","templated":true}]}}