{"id":85028,"date":"2020-05-10T16:34:31","date_gmt":"2020-05-10T20:34:31","guid":{"rendered":"https:\/\/linitiative.ca\/International\/tunisie-si-tu-nes-pas-daccord-avec-le-qatar-et-la-turquie-tu-es-contre-ennahdha-et-le-printemps-arabe\/"},"modified":"2020-05-10T16:34:31","modified_gmt":"2020-05-10T20:34:31","slug":"tunisie-si-tu-nes-pas-daccord-avec-le-qatar-et-la-turquie-tu-es-contre-ennahdha-et-le-printemps-arabe","status":"publish","type":"post","link":"https:\/\/linitiative.ca\/International\/tunisie-si-tu-nes-pas-daccord-avec-le-qatar-et-la-turquie-tu-es-contre-ennahdha-et-le-printemps-arabe\/","title":{"rendered":"Tunisie \u2013 Si tu n\u2019es pas d\u2019accord avec le Qatar et la Turquie\u2026 Tu es contre Ennahdha et le printemps arabe"},"content":{"rendered":"<div class=\"post-cont-in left relative\">\n<p>Le pr\u00e9sident du conseil de la Choura d\u2019<a href=\"https:\/\/www.tunisienumerique.com\/tunisie-actualite\/ennahdha\/\" title=\"Ennahdha\" target=\"_top\" class=\"auto-link\" rel=\"noopener noreferrer\">Ennahdha<\/a>, Abdelkarim Harouni, a fait dans un entretien t\u00e9l\u00e9vis\u00e9, une d\u00e9claration relay\u00e9e par la page officielle du parti Ennahdha, que ceux qui sont contre les accords avec la Turquie et le Qatar, sont, forc\u00e9ment, de m\u00e8che avec des agendas \u00e9trangers qui sont contre le printemps arabe, et contre ces deux pays qui l\u2019ont soutenu, comme ils ont soutenu la Tunisie pendant la R\u00e9volution et pendant la crise du covid.<\/p>\n<div class=\"code-block code-block-1 c3\"><ins class=\"adsbygoogle c2\" data-ad-layout=\"in-article\" data-ad-format=\"fluid\" data-ad-client=\"ca-pub-2102118777505746\" data-ad-slot=\"7301775417\"\/> <\/div>\n<p>Le genre de discours qui en dit long sur la fa\u00e7on de fonctionner des islamistes d\u2019Ennahdha qui ne croient pas en la diff\u00e9rence d\u2019opinion, et qui rejettent et accusent de trahison tous ceux qui ne sont pas de leur avis.<\/p>\n<p>Mais, c\u2019est aussi, un discours tr\u00e8s int\u00e9ressant, pour ceux qui ont pu d\u00e9tecter \u00ab\u00a0LE\u00a0\u00bb d\u00e9tail assassin. Puisqu\u2019emport\u00e9 par la passion et la hargne, Abdelkarim Harouni a avou\u00e9 que le Qatar et la Turquie \u00e9taient pour quelque chose dans ce qu\u2019ils appellent la r\u00e9volution de 2011.<\/p>\n<p><img loading=\"lazy\" decoding=\"async\" class=\"aligncenter size-full wp-image-521364\" src=\"https:\/\/www.tunisienumerique.com\/wp-content\/uploads\/2020\/05\/nah-accusation.jpg\" alt=\"\" width=\"958\" height=\"960\" srcset=\"https:\/\/www.tunisienumerique.com\/wp-content\/uploads\/2020\/05\/nah-accusation.jpg 958w, https:\/\/www.tunisienumerique.com\/wp-content\/uploads\/2020\/05\/nah-accusation-768x770.jpg 768w, https:\/\/www.tunisienumerique.com\/wp-content\/uploads\/2020\/05\/nah-accusation-80x80.jpg 80w\" sizes=\"auto, (max-width: 958px) 100vw, 958px\"\/><\/p>\n<div class=\"swp_social_panel swp_horizontal_panel swp_flat_fresh swp_default_full_color swp_individual_full_color swp_other_full_color scale-100 scale-\" data-min-width=\"1100\" data-float-color=\"#ffffff\" data-float=\"bottom\" data-float-mobile=\"bottom\" data-transition=\"slide\">\n<div class=\"nc_tweetContainer swp_share_button total_shares total_sharesalt\"><span class=\"swp_count\">67 <span class=\"swp_label\">Partages<\/span><\/span><\/div>\n<\/div>\n<p><strong>Que se passe-t-il en Tunisie?<\/strong><br \/>Nous expliquons sur notre <a href=\"https:\/\/www.youtube.com\/channel\/UCRzypVq0B_yBad5eGrwBx0Q?sub_confirmation=1\" target=\"_blank\" rel=\"noopener noreferrer\">cha\u00eene YouTube<\/a> . <a href=\"https:\/\/www.youtube.com\/channel\/UCRzypVq0B_yBad5eGrwBx0Q?sub_confirmation=1\" target=\"_blank\" rel=\"noopener noreferrer\">Abonnez-vous!<\/a><\/p>\n<div class=\"mvp-org-wrap mvp-org-logo\" itemprop=\"publisher\" itemscope=\"\" itemtype=\"https:\/\/schema.org\/Organization\"><img decoding=\"async\" src=\"https:\/\/www.tunisienumerique.com\/wp-content\/uploads\/2017\/02\/logo_tunisie_numerique.png\"\/><\/div>\n<div class=\"mvp-related-posts left relative\">\n<h4 class=\"post-header\"><span class=\"post-header\">Lire aussi<\/span><\/h4>\n<\/div>\n<div id=\"article-ad\"><ins class=\"adsbygoogle c4\" data-ad-client=\"ca-pub-2102118777505746\" data-ad-slot=\"6513972734\" data-ad-format=\"auto\" data-full-width-responsive=\"true\"\/> <\/div>\n<\/div>\n<div id=\"post-sidebar-wrap\"><ins class=\"adsbygoogle c4\" data-ad-client=\"ca-pub-2102118777505746\" data-ad-slot=\"6168283410\" data-ad-format=\"auto\" data-full-width-responsive=\"true\"\/> <\/div>\n<p>Auteur: Ramsis<br \/>\n<a href=\"https:\/\/www.tunisienumerique.com\/tunisie-si-tu-nes-pas-daccord-avec-le-qatar-et-la-turquie-tu-es-contre-ennahdha-et-le-printemps-arabe\/\">Cliquez ici pour lire l&rsquo;article depuis sa source.<\/a><\/p>\n","protected":false},"excerpt":{"rendered":"<p>Le pr\u00e9sident du conseil de la Choura d\u2019Ennahdha, Abdelkarim Harouni, a fait dans un entretien t\u00e9l\u00e9vis\u00e9, une d\u00e9claration relay\u00e9e par la page officielle du parti Ennahdha, que ceux qui sont contre les accords avec la Turquie et le Qatar, sont, forc\u00e9ment, de m\u00e8che avec des agendas \u00e9trangers qui sont contre le printemps arabe, et contre [&hellip;]<\/p>\n","protected":false},"author":1789,"featured_media":85029,"comment_status":"closed","ping_status":"closed","sticky":false,"template":"","format":"standard","meta":{"fifu_image_url":"","fifu_image_alt":"","footnotes":""},"categories":[73,55],"tags":[],"class_list":["post-85028","post","type-post","status-publish","format-standard","has-post-thumbnail","hentry","category-actualite","category-tunisie"],"_links":{"self":[{"href":"https:\/\/linitiative.ca\/International\/wp-json\/wp\/v2\/posts\/85028","targetHints":{"allow":["GET"]}}],"collection":[{"href":"https:\/\/linitiative.ca\/International\/wp-json\/wp\/v2\/posts"}],"about":[{"href":"https:\/\/linitiative.ca\/International\/wp-json\/wp\/v2\/types\/post"}],"author":[{"embeddable":true,"href":"https:\/\/linitiative.ca\/International\/wp-json\/wp\/v2\/users\/1789"}],"replies":[{"embeddable":true,"href":"https:\/\/linitiative.ca\/International\/wp-json\/wp\/v2\/comments?post=85028"}],"version-history":[{"count":0,"href":"https:\/\/linitiative.ca\/International\/wp-json\/wp\/v2\/posts\/85028\/revisions"}],"wp:featuredmedia":[{"embeddable":true,"href":"https:\/\/linitiative.ca\/International\/wp-json\/"}],"wp:attachment":[{"href":"https:\/\/linitiative.ca\/International\/wp-json\/wp\/v2\/media?parent=85028"}],"wp:term":[{"taxonomy":"category","embeddable":true,"href":"https:\/\/linitiative.ca\/International\/wp-json\/wp\/v2\/categories?post=85028"},{"taxonomy":"post_tag","embeddable":true,"href":"https:\/\/linitiative.ca\/International\/wp-json\/wp\/v2\/tags?post=85028"}],"curies":[{"name":"wp","href":"https:\/\/api.w.org\/{rel}","templated":true}]}}