{"id":85034,"date":"2020-05-10T15:51:16","date_gmt":"2020-05-10T19:51:16","guid":{"rendered":"https:\/\/linitiative.ca\/International\/sauvetage-de-lannee-scolaire-et-academique\/"},"modified":"2020-05-10T15:51:16","modified_gmt":"2020-05-10T19:51:16","slug":"sauvetage-de-lannee-scolaire-et-academique","status":"publish","type":"post","link":"https:\/\/linitiative.ca\/International\/sauvetage-de-lannee-scolaire-et-academique\/","title":{"rendered":"SAUVETAGE DE L\u2019ANNEE SCOLAIRE ET ACADEMIQUE"},"content":{"rendered":"<div class=\"stream-item stream-item-above-post-content\">\n<p><noscript><\/p>\n<p><a href=\"\/\/www3.smartadserver.com\/ac?jump=1&amp;nwid=2136&amp;siteid=240610&amp;pgname=rg&amp;fmtid=49046&amp;visit=m&amp;tmstp=[timestamp]&amp;out=nonrich\" target=\"_blank\" rel=\"noopener noreferrer\"><img decoding=\"async\" src=\"http:\/\/www3.smartadserver.com\/ac?out=nonrich&amp;nwid=2136&amp;siteid=240610&amp;pgname=rg&amp;fmtid=49046&amp;visit=m&amp;tmstp=[timestamp]\" border=\"0\" alt=\"\"\/><\/a><\/p>\n<p><\/noscript><\/div>\n<p class=\"c3\"><em>La question que tous les parents d\u2019\u00e9l\u00e8ves se posent aujourd\u2019hui, tant elle est au c\u0153ur de leurs pr\u00e9occupations, est la suivante\u00a0: quand nos enfants reprendront-ils le chemin de l\u2019\u00e9cole\u00a0? Et les enfants eux-m\u00eames, las de s\u2019ennuyer \u00e0 la maison apr\u00e8s deux mois de cong\u00e9s forc\u00e9s, se posent certainement la m\u00eame question. Le bout du tunnel \u00e9tait envisag\u00e9 par les autorit\u00e9s pour ce 11 mai. Eh bien, les uns et les autres devront encore prendre leur mal en patience puisque le gouvernement est revenu sur sa d\u00e9cision. En effet, dans un communiqu\u00e9 dat\u00e9 du 8 mai dernier, le minist\u00e8re en charge de l\u2019\u00e9ducation nationale informe que la reprise p\u00e9dagogique pour les classes d\u2019examens, initialement pr\u00e9vue pour le lundi 11 mai, est report\u00e9e au 1er juin 2020. Dans le m\u00eame communiqu\u00e9, il informe que la reprise p\u00e9dagogique pour les classes interm\u00e9diaires, initialement pr\u00e9vue le 25 mai 2020, est report\u00e9e \u00e0 une date ult\u00e9rieure. La raison avanc\u00e9e pour justifier cet \u00e9ni\u00e8me report est la suivante\u00a0: permettre une reprise des activit\u00e9s p\u00e9dagogiques dans les conditions sanitaires optimales telles que pr\u00e9vues dans le plan de riposte du minist\u00e8re.<\/em><\/p>\n<p class=\"c3\"><strong><em>Une ann\u00e9e blanche serait une v\u00e9ritable catastrophe nationale<\/em><\/strong><\/p>\n<p class=\"c3\"><em>L\u2019on peut d\u00e9j\u00e0 saluer le souci du gouvernement de ne pas envoyer les \u00e9l\u00e8ves et les enseignants \u00e0 l\u2019abattoir en proc\u00e9dant \u00e0 une reprise des activit\u00e9s p\u00e9dagogiques en porte-\u00e0-faux avec les conditions sanitaires pr\u00e9vues. L\u2019une d\u2019elles, par exemple, est la mise \u00e0 disposition du minist\u00e8re, de 12 millions de masques. Pour le moment, l\u2019on est tr\u00e8s loin du compte, puisque seuls 650 000 masques sont disponibles. L\u2019autre condition sanitaire pr\u00e9vue qui est loin d\u2019\u00eatre op\u00e9rationnalis\u00e9e, est la mise en place de dispositifs de lavage des mains. Si le gouvernement avait ferm\u00e9 les yeux sur ces conditions en d\u00e9cidant de la reprise des activit\u00e9s, il aurait ouvert un boulevard \u00e0 une contamination massive des \u00e9l\u00e8ves au Covid-19. Et cela aurait pu conduire \u00e0 des h\u00e9catombes. Pour qui conna\u00eet l\u2019exigu\u00eft\u00e9 de nos salles de classes, la pl\u00e9thore des \u00e9l\u00e8ves et l\u2019insalubrit\u00e9 chronique de nos espaces scolaires, la probabilit\u00e9 \u00e9tait, en effet, grande qu\u2019une reprise pr\u00e9cipit\u00e9e des activit\u00e9s p\u00e9dagogiques, aboutisse \u00e0 ce qu\u2019on appelle en langue moor\u00e9 le \u00ab\u00a0Tuk la f kom Zoobre\u00a0\u00bb, c\u2019est-\u00e0-dire en fran\u00e7ais facile \u00ab\u00a0apr\u00e8s que tu as creus\u00e9 la tombe, passe-moi ta barre \u00e0 mine pour que je fasse la m\u00eame chose\u00a0\u00bb. Le gouvernement a probablement pens\u00e9 \u00e0 ce sc\u00e9nario-catastrophe en prenant la d\u00e9cision. Et en plus d\u2019avoir pris par-l\u00e0 une d\u00e9cision responsable, l\u2019on peut aussi noter qu\u2019il a fait preuve de r\u00e9alisme. En effet, il n\u2019 y a pas que le d\u00e9ferlement du Covid-19 sur nos \u00e9coles, que le gouvernement redoute\u00a0; il y a aussi que l\u2019autre partie sans laquelle la reprise des activit\u00e9s p\u00e9dagogiques est impossible, n\u2019est pas dans un \u00e9tat d\u2019esprit favorable \u00e0 la reprise tant que ses requ\u00eates ne seront pas satisfaites. Tout le monde aura compris qu\u2019il s\u2019agit des syndicats. Et c\u2019est le lieu d\u2019appeler \u00e0 la responsabilit\u00e9 de tous pour sauver l\u2019ann\u00e9e scolaire. En effet, une ann\u00e9e blanche au Burkina serait une v\u00e9ritable catastrophe nationale. Et tout le monde en paierait pour longtemps le prix fort.<\/em><\/p>\n<p class=\"c3\"><strong><em>Personne ne doit se glorifier d\u2019avoir tir\u00e9 sur l\u2019ambulance<\/em><\/strong><\/p>\n<p class=\"c3\"><em>C\u2019est pourquoi, aujourd\u2019hui plus que jamais, l\u2019heure est au renoncement \u00e0 certains comportements extr\u00e9mistes et \u00e0 la promotion de la culture du compromis et du dialogue pour sauver ce qui peut encore l\u2019\u00eatre. En tout cas, rien ne peut justifier que l\u2019on sacrifie l\u2019avenir de nos enfants sur l\u2019autel des sempiternelles bagarres entre les syndicats et le gouvernement. De la piti\u00e9 donc pour ces \u00eatres innocents qui ne demandent qu\u2019\u00e0 reprendre le chemin de l\u2019\u00e9cole dans des conditions sanitaires optimales et dans un climat social apais\u00e9. En plus de faire preuve de piti\u00e9 pour les enfants, il faut aussi se mettre \u00e0 la place de ces milliers de parents d\u2019\u00e9l\u00e8ves, qui, \u00e0 coups de pr\u00eats scolaires et de bien d\u2019autres sacrifices, ont assur\u00e9 la scolarit\u00e9 de leurs enfants. Une ann\u00e9e scolaire blanche peut nourrir des envies de suicide chez certains. En tout cas, ils peuvent mettre des ann\u00e9es et des ann\u00e9es \u00e0 se relever d\u2019un tel d\u00e9sastre. Chacun, \u00e0 son\u00a0niveau, par cons\u00e9quent, doit aider au sauvetage de l\u2019ann\u00e9e. Le faire, serait tout simplement faire preuve d\u2019amour pour les enfants qui, aujourd\u2019hui, sont tous dans la d\u00e9tresse. Et chaque jour que Dieu fait, on peut le lire dans leurs yeux. Au-del\u00e0 d\u2019eux, on rend service \u00e0 tout le Burkina. Et personne ne doit se glorifier d\u2019avoir tir\u00e9 sur l\u2019ambulance. Aujourd\u2019hui, en effet, notre pays est sous la f\u00e9rule du Covid-19, du terrorisme et de la grogne sociale permanente. Si l\u2019on rajoute \u00e0 cela, une ann\u00e9e blanche, cela correspondrait au fait de pousser le pays au fond du pr\u00e9cipice. Les associations de parents d\u2019\u00e9l\u00e8ves ont d\u00e9j\u00e0, peut-on dire, jou\u00e9 leur partition en proposant des mesures concr\u00e8tes pour sauver l\u2019ann\u00e9e tant sur le plan sanitaire que p\u00e9dagogique. Aussi, proposent-ils pour les classes interm\u00e9diaires, de valider l\u2019ann\u00e9e \u00e0 partir des r\u00e9sultats des 2 trimestres et de mettre en place un syst\u00e8me de rattrapage des programmes. Ils proposent \u00e9galement aux autorit\u00e9s de faire en sorte que les \u00e9preuves des examens portent sur les programmes d\u00e9j\u00e0 ex\u00e9cut\u00e9s. C\u2019est une contribution qui vaut son pesant d\u2019or. On peut aussi saluer la reprise des activit\u00e9s p\u00e9dagogiques \u00e0 l\u2019Universit\u00e9, en ce qui concerne la licence et le Master et dans les \u00e9coles professionnelles pour compter d\u2019aujourd\u2019hui et prier les m\u00e2nes des anc\u00eatres pour que la situation se normalise pour tout le syst\u00e8me \u00e9ducatif. Car, chaque jour qui passe sans le retour effectif de nos enfants \u00e0 l\u2019\u00e9cole, est un jour perdu pour tout le monde. D\u00e9j\u00e0, on peut se poser la question de savoir si la saison des pluies qui se profile, ne sera pas un \u00e9l\u00e9ment perturbateur du plan de riposte du gouvernement. En tout cas, pour acc\u00e9der \u00e0 certaines localit\u00e9s du pays \u00e0 partir de juin, les seuls moyens qui permettent de le faire sont la pirogue et l\u2019h\u00e9licopt\u00e8re.<\/em><\/p>\n<p class=\"c3\"><strong><em>\u00ab\u00a0Le Pays\u00a0\u00bb<\/em><\/strong><\/p>\n<p>Auteur: Le Pays<br \/>\n<a href=\"http:\/\/lepays.bf\/sauvetage-de-lannee-scolaire-et-academique\/\">Cliquez ici pour lire l&rsquo;article depuis sa source.<\/a><\/p>\n","protected":false},"excerpt":{"rendered":"<p>La question que tous les parents d\u2019\u00e9l\u00e8ves se posent aujourd\u2019hui, tant elle est au c\u0153ur de leurs pr\u00e9occupations, est la suivante\u00a0: quand nos enfants reprendront-ils le chemin de l\u2019\u00e9cole\u00a0? Et les enfants eux-m\u00eames, las de s\u2019ennuyer \u00e0 la maison apr\u00e8s deux mois de cong\u00e9s forc\u00e9s, se posent certainement la m\u00eame question. Le bout du tunnel [&hellip;]<\/p>\n","protected":false},"author":1813,"featured_media":0,"comment_status":"closed","ping_status":"closed","sticky":false,"template":"","format":"standard","meta":{"fifu_image_url":"","fifu_image_alt":"","footnotes":""},"categories":[73,81],"tags":[],"class_list":["post-85034","post","type-post","status-publish","format-standard","hentry","category-actualite","category-burkina-faso"],"_links":{"self":[{"href":"https:\/\/linitiative.ca\/International\/wp-json\/wp\/v2\/posts\/85034","targetHints":{"allow":["GET"]}}],"collection":[{"href":"https:\/\/linitiative.ca\/International\/wp-json\/wp\/v2\/posts"}],"about":[{"href":"https:\/\/linitiative.ca\/International\/wp-json\/wp\/v2\/types\/post"}],"author":[{"embeddable":true,"href":"https:\/\/linitiative.ca\/International\/wp-json\/wp\/v2\/users\/1813"}],"replies":[{"embeddable":true,"href":"https:\/\/linitiative.ca\/International\/wp-json\/wp\/v2\/comments?post=85034"}],"version-history":[{"count":0,"href":"https:\/\/linitiative.ca\/International\/wp-json\/wp\/v2\/posts\/85034\/revisions"}],"wp:attachment":[{"href":"https:\/\/linitiative.ca\/International\/wp-json\/wp\/v2\/media?parent=85034"}],"wp:term":[{"taxonomy":"category","embeddable":true,"href":"https:\/\/linitiative.ca\/International\/wp-json\/wp\/v2\/categories?post=85034"},{"taxonomy":"post_tag","embeddable":true,"href":"https:\/\/linitiative.ca\/International\/wp-json\/wp\/v2\/tags?post=85034"}],"curies":[{"name":"wp","href":"https:\/\/api.w.org\/{rel}","templated":true}]}}