{"id":85035,"date":"2020-05-10T15:55:37","date_gmt":"2020-05-10T19:55:37","guid":{"rendered":"https:\/\/linitiative.ca\/International\/liberation-du-maire-de-koumaira-au-mali\/"},"modified":"2020-05-10T15:55:37","modified_gmt":"2020-05-10T19:55:37","slug":"liberation-du-maire-de-koumaira-au-mali","status":"publish","type":"post","link":"https:\/\/linitiative.ca\/International\/liberation-du-maire-de-koumaira-au-mali\/","title":{"rendered":"LIBERATION DU MAIRE DE KOUMA\u00cfRA AU MALI"},"content":{"rendered":"<div class=\"stream-item stream-item-above-post-content\">\n<p><noscript><\/p>\n<p><a href=\"\/\/www3.smartadserver.com\/ac?jump=1&amp;nwid=2136&amp;siteid=240610&amp;pgname=rg&amp;fmtid=49046&amp;visit=m&amp;tmstp=[timestamp]&amp;out=nonrich\" target=\"_blank\" rel=\"noopener noreferrer\"><img decoding=\"async\" src=\"http:\/\/www3.smartadserver.com\/ac?out=nonrich&amp;nwid=2136&amp;siteid=240610&amp;pgname=rg&amp;fmtid=49046&amp;visit=m&amp;tmstp=[timestamp]\" border=\"0\" alt=\"\"\/><\/a><\/p>\n<p><\/noscript><\/div>\n<p class=\"c3\"><em>C\u2019est le sourire aux l\u00e8vres qu\u2019il a rejoint sa famille, hier, 10 mai 2020. Le maire de Kouma\u00efra, au Mali, Amadou Kolossi, puisque c\u2019est de lui qu\u2019il s\u2019agit, a \u00e9t\u00e9 lib\u00e9r\u00e9 par ses ravisseurs qui, chose assez rare pour \u00eatre soulign\u00e9e, l\u2019ont raccompagn\u00e9 \u00e0 domicile \u00e0 motos avant encore de s\u2019\u00e9vaporer dans la nature. \u00ab\u00a0J\u2019ai \u00e9t\u00e9 bien trait\u00e9 lors de ma d\u00e9tention\u00a0\u00bb, a d\u00e9clar\u00e9 le bourgmestre de Kouma\u00efra, sans autres d\u00e9tails. En rappel, Amadou Kolossi avait \u00e9t\u00e9 enlev\u00e9 en d\u00e9but avril alors qu\u2019il \u00e9tait parti n\u00e9gocier la lib\u00e9ration du chef de file de l\u2019Opposition malienne, Souma\u00efla Ciss\u00e9, lui-m\u00eame kidnapp\u00e9 fin mars alors qu\u2019il \u00e9tait en campagne pour les l\u00e9gislatives dont les r\u00e9sultats font encore l\u2019objet de vives contestations. Cela dit, la lib\u00e9ration de Amadou Kolossi donne \u00e0 esp\u00e9rer quant au sort de Souma\u00efla Ciss\u00e9. Car, m\u00eame s\u2019il ne le dit pas publiquement, tout laisse croire que le maire est revenu avec un message des djihadistes, destin\u00e9 aux autorit\u00e9s de Bamako.<\/em><\/p>\n<p class=\"c3\"><strong><em>En la mati\u00e8re, seule vaut la discr\u00e9tion<\/em><\/strong><\/p>\n<p class=\"c3\"><em>En tout cas, la mansu\u00e9tude dont ont fait montre les preneurs d\u2019otages vis-\u00e0-vis du maire, laisse penser \u00e0 un \u00e9change de bons proc\u00e9d\u00e9s. Autrement dit, ils ont choisi de le lib\u00e9rer pour que celui-ci transmette leurs conditions en vue de la lib\u00e9ration de Soumi, ainsi qu\u2019on l\u2019appelle. Et comme en la mati\u00e8re, seule vaut la discr\u00e9tion, le maire \u00e9vite de se laisser aller \u00e0 des d\u00e9clarations publiques qui pourraient compromettre les d\u00e9marches souterraines en cours. Du reste, une source proche du dossier ne dit pas autre chose quand elle affirme ceci\u00a0: \u00ab\u00a0Moins, on en parle, plus nous sommes efficaces\u00a0\u00bb. En tout cas, tout le mal que l\u2019on souhaite aux autorit\u00e9s maliennes, c\u2019est d\u2019obtenir au plus vite la lib\u00e9ration de Souma\u00efla Ciss\u00e9 dont la famille, on l\u2019imagine, est totalement d\u00e9sempar\u00e9e. Peut-\u00eatre sait-on jamais, le maire qui jouait les interm\u00e9diaires ayant \u00e9t\u00e9 lib\u00e9r\u00e9, Souma\u00efla Ciss\u00e9 recouvrera aussi, dans les jours \u00e0 venir, la libert\u00e9 et rejoindra les siens. L\u2019espoir est permis.<\/em><\/p>\n<p class=\"c3\"><strong><em>B. O<\/em><\/strong><\/p>\n<p>Auteur: Le Pays<br \/>\n<a href=\"http:\/\/lepays.bf\/liberation-du-maire-de-koumaira-au-mali\/\">Cliquez ici pour lire l&rsquo;article depuis sa source.<\/a><\/p>\n","protected":false},"excerpt":{"rendered":"<p>C\u2019est le sourire aux l\u00e8vres qu\u2019il a rejoint sa famille, hier, 10 mai 2020. Le maire de Kouma\u00efra, au Mali, Amadou Kolossi, puisque c\u2019est de lui qu\u2019il s\u2019agit, a \u00e9t\u00e9 lib\u00e9r\u00e9 par ses ravisseurs qui, chose assez rare pour \u00eatre soulign\u00e9e, l\u2019ont raccompagn\u00e9 \u00e0 domicile \u00e0 motos avant encore de s\u2019\u00e9vaporer dans la nature. \u00ab\u00a0J\u2019ai [&hellip;]<\/p>\n","protected":false},"author":1813,"featured_media":0,"comment_status":"closed","ping_status":"closed","sticky":false,"template":"","format":"standard","meta":{"fifu_image_url":"","fifu_image_alt":"","footnotes":""},"categories":[73,81],"tags":[],"class_list":["post-85035","post","type-post","status-publish","format-standard","hentry","category-actualite","category-burkina-faso"],"_links":{"self":[{"href":"https:\/\/linitiative.ca\/International\/wp-json\/wp\/v2\/posts\/85035","targetHints":{"allow":["GET"]}}],"collection":[{"href":"https:\/\/linitiative.ca\/International\/wp-json\/wp\/v2\/posts"}],"about":[{"href":"https:\/\/linitiative.ca\/International\/wp-json\/wp\/v2\/types\/post"}],"author":[{"embeddable":true,"href":"https:\/\/linitiative.ca\/International\/wp-json\/wp\/v2\/users\/1813"}],"replies":[{"embeddable":true,"href":"https:\/\/linitiative.ca\/International\/wp-json\/wp\/v2\/comments?post=85035"}],"version-history":[{"count":0,"href":"https:\/\/linitiative.ca\/International\/wp-json\/wp\/v2\/posts\/85035\/revisions"}],"wp:attachment":[{"href":"https:\/\/linitiative.ca\/International\/wp-json\/wp\/v2\/media?parent=85035"}],"wp:term":[{"taxonomy":"category","embeddable":true,"href":"https:\/\/linitiative.ca\/International\/wp-json\/wp\/v2\/categories?post=85035"},{"taxonomy":"post_tag","embeddable":true,"href":"https:\/\/linitiative.ca\/International\/wp-json\/wp\/v2\/tags?post=85035"}],"curies":[{"name":"wp","href":"https:\/\/api.w.org\/{rel}","templated":true}]}}