{"id":85036,"date":"2020-05-10T15:58:24","date_gmt":"2020-05-10T19:58:24","guid":{"rendered":"https:\/\/linitiative.ca\/International\/le-directeur-de-cabinet-du-president-congolais-a-la-barre\/"},"modified":"2020-05-10T15:58:24","modified_gmt":"2020-05-10T19:58:24","slug":"le-directeur-de-cabinet-du-president-congolais-a-la-barre","status":"publish","type":"post","link":"https:\/\/linitiative.ca\/International\/le-directeur-de-cabinet-du-president-congolais-a-la-barre\/","title":{"rendered":"LE DIRECTEUR DE CABINET DU PRESIDENT CONGOLAIS A LA BARRE"},"content":{"rendered":"<div class=\"stream-item stream-item-above-post-content\">\n<p><noscript><\/p>\n<p><a href=\"\/\/www3.smartadserver.com\/ac?jump=1&amp;nwid=2136&amp;siteid=240610&amp;pgname=rg&amp;fmtid=49046&amp;visit=m&amp;tmstp=[timestamp]&amp;out=nonrich\" target=\"_blank\" rel=\"noopener noreferrer\"><img decoding=\"async\" src=\"http:\/\/www3.smartadserver.com\/ac?out=nonrich&amp;nwid=2136&amp;siteid=240610&amp;pgname=rg&amp;fmtid=49046&amp;visit=m&amp;tmstp=[timestamp]\" border=\"0\" alt=\"\"\/><\/a><\/p>\n<p><\/noscript><\/div>\n<p class=\"c3\"><em>Sauf report de derni\u00e8re minute, c\u2019est aujourd\u2019hui, 11 mai 2020, que le directeur de cabinet de F\u00e9lix Tsishekedi et pr\u00e9sident de l\u2019Union pour la nation congolaise (UNC), Vital Kamerhe, sera face aux juges du tribunal de grande instance de la Gomb\u00e9, \u00e0 Kinsasha, pour r\u00e9pondre des faits de d\u00e9tournement de deniers publics qui lui sont reproch\u00e9s. Le magistrat instructeur du dossier ayant retenu cette infraction \u00e0 charge du puissant bras droit politique du pr\u00e9sident congolais, c\u2019est une saga judiciaire qui s\u2019ouvre en R\u00e9publique d\u00e9mocratique du Congo (RDC). Car l\u2019affaire ne s\u2019arr\u00eatera certainement pas \u00e0 la probable condamnation en premi\u00e8re instance de l\u2019accus\u00e9, mais conna\u00eetra sans doute des rebondissements sur le plan judiciaire et des secousses sur le plan politique. Car, au-del\u00e0 de la responsabilit\u00e9 r\u00e9elle ou suppos\u00e9e de Kamerhe dans le d\u00e9tournement de plus de 50 millions de dollars am\u00e9ricains, c\u2019est l\u2019avenir politique de cet homme qui aurait tremp\u00e9 sa barbichette dans de nombreuses affaires de corruption, qui sera en d\u00e9bat devant les juges. Rappelons, en effet, qu\u2019\u00e0 la faveur du deal de gouvernance qu\u2019il a conclu avec le pr\u00e9sident F\u00e9lix Tsishekedi \u00e0 Nairobi, quelques semaines avant la derni\u00e8re pr\u00e9sidentielle, l\u2019actuel pensionnaire de la tristement c\u00e9l\u00e8bre prison centrale de Makala devait \u00eatre le candidat de la coalition au pouvoir, au prochain scrutin pr\u00e9vu en 2023. Mais cet espoir pourrait s\u2019\u00e9vanouir d\u00e9finitivement dans la for\u00eat \u00e9quatoriale d\u2019autant qu\u2019en RDC, toute condamnation pour corruption, prive le coupable de la possibilit\u00e9 de se pr\u00e9senter \u00e0 la magistrature supr\u00eame. C\u2019est, du reste, cette \u00e9ventualit\u00e9 qui commence \u00e0 faire des vagues au sein de la coalition au pouvoir, le parti de Vital Kamerhe pointant du doigt une entourloupe du parti pr\u00e9sidentiel pour \u00ab\u00a0neutraliser\u00a0\u00bb son chef, devenu le chien \u00e0 abattre de certains responsables de l\u2019UDPS de Tsishek\u00e9di, comme Jean-Marc Kabund et Augustin Kabuya, respectivement pr\u00e9sident int\u00e9rimaire et Secr\u00e9taire g\u00e9n\u00e9ral du parti pr\u00e9sidentiel.<\/em><\/p>\n<p class=\"c3\"><strong><em>C\u2019est peut-\u00eatre une \u00e8re nouvelle qui s\u2019ouvre dans ce pays<\/em><\/strong><\/p>\n<p class=\"c3\"><em>Faux, s\u2019insurgent les proches du pr\u00e9sident qui s\u2019\u00e9tonnent de la f\u00e9brilit\u00e9 des partisans de leur alli\u00e9 politique, qui devraient plut\u00f4t se soucier de la survie de leur parti qui commence d\u00e9j\u00e0 \u00e0 se d\u00e9chirer\u00a0; certains responsables de l\u2019UNC appelant ouvertement \u00e0 tourner la page Kamerhe en raison de la lourdeur des charges et de la robustesse des preuves d\u00e9tenues contre lui par le parquet g\u00e9n\u00e9ral. Cette implosion en perspective de l\u2019UNC et la descente aux enfers quasi in\u00e9vitable de son chef d\u2019orchestre, ne feraient pourtant pas forc\u00e9ment l\u2019affaire du pr\u00e9sident Tshisekedi, car elles fragiliseraient la coalition qui a \u00e9t\u00e9 d\u00e9terminante dans la victoire de ce dernier \u00e0 la pr\u00e9sidentielle de l\u2019ann\u00e9e derni\u00e8re et du coup, ouvrirait de nouveau les portes du Palais de marbre \u00e0 la plateforme politique form\u00e9e par l\u2019ancien pr\u00e9sident Joseph Kabila qui d\u00e9tient depuis les derni\u00e8res l\u00e9gislatives, la majorit\u00e9 absolue \u00e0 l\u2019Assembl\u00e9e nationale. Au regard donc des enjeux politiques li\u00e9s au feuilleton judiciaire en cours, on assistera sans doute, dans les prochaines semaines, \u00e0 une partie de poker menteur dont les Congolais sont les champions du monde, avec une recomposition des alliances sur fond de guerre de positionnement avec les \u00e9lections de 2023 en ligne de mire. Une chose est s\u00fbre, \u00e0 moins d\u2019un extraordinaire retournement de situation, cette partie se jouera sans l\u2019intrigant et tr\u00e8s controvers\u00e9 Vital Kamerhe, qui va certainement payer cash sa r\u00e9elle ou suppos\u00e9e sans doute cupidit\u00e9 gargantuesque. C\u2019est une le\u00e7on de vie de belle facture pour le natif de Bukavu, mais c\u2019est aussi et surtout une exp\u00e9rience in\u00e9dite et peut-\u00eatre une \u00e8re nouvelle qui s\u2019ouvre dans ce pays o\u00f9 le client\u00e9lisme et les passe-droits \u00e9taient quasiment l\u00e9galis\u00e9s. Chapeau bas au pr\u00e9sident congolais qui a su se mettre au-dessus de la m\u00eal\u00e9e pour livrer un alter ego \u00e0 la Justice, comme pour prouver \u00e0 ses compatriotes que \u00ab\u00a0plus rien ne sera comme avant\u00a0\u00bb en R\u00e9publique d\u00e9mocratique du Congo. Coup de pub ou coup de bluff, on appr\u00e9ciera cette op\u00e9ration de largage sans parachute de son directeur de cabinet en fonction de la suite qu\u2019il donnera aux nombreux dossiers de malversations qui concernent de hautes autorit\u00e9s anciennes ou actuelles.\u00a0<\/em><\/p>\n<p class=\"c3\"><strong><em>Hamadou GADIAGA<\/em><\/strong><\/p>\n<p>Auteur: Le Pays<br \/>\n<a href=\"http:\/\/lepays.bf\/le-directeur-de-cabinet-du-president-congolais-a-la-barre\/\">Cliquez ici pour lire l&rsquo;article depuis sa source.<\/a><\/p>\n","protected":false},"excerpt":{"rendered":"<p>Sauf report de derni\u00e8re minute, c\u2019est aujourd\u2019hui, 11 mai 2020, que le directeur de cabinet de F\u00e9lix Tsishekedi et pr\u00e9sident de l\u2019Union pour la nation congolaise (UNC), Vital Kamerhe, sera face aux juges du tribunal de grande instance de la Gomb\u00e9, \u00e0 Kinsasha, pour r\u00e9pondre des faits de d\u00e9tournement de deniers publics qui lui sont [&hellip;]<\/p>\n","protected":false},"author":1813,"featured_media":0,"comment_status":"closed","ping_status":"closed","sticky":false,"template":"","format":"standard","meta":{"fifu_image_url":"","fifu_image_alt":"","footnotes":""},"categories":[73,81],"tags":[],"class_list":["post-85036","post","type-post","status-publish","format-standard","hentry","category-actualite","category-burkina-faso"],"_links":{"self":[{"href":"https:\/\/linitiative.ca\/International\/wp-json\/wp\/v2\/posts\/85036","targetHints":{"allow":["GET"]}}],"collection":[{"href":"https:\/\/linitiative.ca\/International\/wp-json\/wp\/v2\/posts"}],"about":[{"href":"https:\/\/linitiative.ca\/International\/wp-json\/wp\/v2\/types\/post"}],"author":[{"embeddable":true,"href":"https:\/\/linitiative.ca\/International\/wp-json\/wp\/v2\/users\/1813"}],"replies":[{"embeddable":true,"href":"https:\/\/linitiative.ca\/International\/wp-json\/wp\/v2\/comments?post=85036"}],"version-history":[{"count":0,"href":"https:\/\/linitiative.ca\/International\/wp-json\/wp\/v2\/posts\/85036\/revisions"}],"wp:attachment":[{"href":"https:\/\/linitiative.ca\/International\/wp-json\/wp\/v2\/media?parent=85036"}],"wp:term":[{"taxonomy":"category","embeddable":true,"href":"https:\/\/linitiative.ca\/International\/wp-json\/wp\/v2\/categories?post=85036"},{"taxonomy":"post_tag","embeddable":true,"href":"https:\/\/linitiative.ca\/International\/wp-json\/wp\/v2\/tags?post=85036"}],"curies":[{"name":"wp","href":"https:\/\/api.w.org\/{rel}","templated":true}]}}