{"id":85037,"date":"2020-05-10T16:45:57","date_gmt":"2020-05-10T20:45:57","guid":{"rendered":"https:\/\/linitiative.ca\/International\/prevision-des-caracteristiques-agroclimatiques-2020-une-installation-precoce-de-la-saison-pluvieuse-prevue\/"},"modified":"2020-05-10T16:45:57","modified_gmt":"2020-05-10T20:45:57","slug":"prevision-des-caracteristiques-agroclimatiques-2020-une-installation-precoce-de-la-saison-pluvieuse-prevue","status":"publish","type":"post","link":"https:\/\/linitiative.ca\/International\/prevision-des-caracteristiques-agroclimatiques-2020-une-installation-precoce-de-la-saison-pluvieuse-prevue\/","title":{"rendered":"Pr\u00e9vision des caract\u00e9ristiques agroclimatiques 2020 : Une installation pr\u00e9coce de la saison pluvieuse pr\u00e9vue"},"content":{"rendered":"<div class=\"td-post-featured-image\" readability=\"35\"><a href=\"https:\/\/www.sidwaya.info\/wp-content\/uploads\/2020\/05\/meteo1.jpg\" data-caption=\"Pour l&#x2019;expert en pr&#xE9;vision saisonni&#xE8;re &#xE0; l&#x2019;ANAM, Ousmane Ou&#xE9;draogo, il est attendu une situation humide sur la majeure partie du territoire national.\"><img loading=\"lazy\" decoding=\"async\" width=\"696\" height=\"464\" class=\"entry-thumb td-modal-image\" src=\"https:\/\/www.sidwaya.info\/wp-content\/uploads\/2020\/05\/meteo1-696x464.jpg\" srcset=\"https:\/\/www.sidwaya.info\/wp-content\/uploads\/2020\/05\/meteo1-696x464.jpg 696w, https:\/\/www.sidwaya.info\/wp-content\/uploads\/2020\/05\/meteo1-300x200.jpg 300w, https:\/\/www.sidwaya.info\/wp-content\/uploads\/2020\/05\/meteo1-630x420.jpg 630w, https:\/\/www.sidwaya.info\/wp-content\/uploads\/2020\/05\/meteo1.jpg 700w\" sizes=\"auto, (max-width: 696px) 100vw, 696px\" alt=\"\" title=\"meteo1\"\/><\/a>Pour l\u2019expert en pr\u00e9vision saisonni\u00e8re \u00e0 l\u2019ANAM, Ousmane Ou\u00e9draogo, il est attendu une situation humide sur la majeure partie du territoire national.<\/div>\n<p><strong>L\u2019Agence nationale de la m\u00e9t\u00e9orologie (ANAM) a pr\u00e9sent\u00e9 \u00e0 la presse, son bulletin de pr\u00e9vision saisonni\u00e8re des caract\u00e9ristiques agroclimatiques de la campagne de l\u2019ann\u00e9e en cours, le vendredi 8 mai 2020 \u00e0 Ouagadougou.<\/strong><\/p>\n<p>L\u2019Agence nationale de la m\u00e9t\u00e9orologie (ANAM) recommande aux agriculteurs, aux \u00e9leveurs, aux autorit\u00e9s et aux ONG de valoriser les opportunit\u00e9s agricoles, d\u2019augmenter les superficies des exploitations agricoles , de soutenir le d\u00e9ploiement de techniques d\u2019augmentation de rendements des cultures, \u00e0 travers l\u2019apport de fertilisants (fumures organiques et engrais min\u00e9ral) et de faciliter l\u2019acc\u00e8s des semences am\u00e9lior\u00e9es aux producteurs.<\/p>\n<p>C\u2019est l\u2019information livr\u00e9e aux journalistes, par l\u2019ANAM, \u00e0 l\u2019occasion de la pr\u00e9sentation du bulletin de pr\u00e9vision saisonni\u00e8re des caract\u00e9ristiques agroclimatiques de la campagne de l\u2019ann\u00e9e en cours, le vendredi 8 mai 2020 \u00e0 son si\u00e8ge \u00e0 Ouagadougou.<\/p>\n<div class=\"td-a-rec td-a-rec-id-content_inline tdi_30_e56 td_block_template_1\"><img loading=\"lazy\" decoding=\"async\" class=\"aligncenter size-full wp-image-21314\" src=\"https:\/\/www.sidwaya.info\/wp-content\/uploads\/2020\/04\/Bandeau-Covid-19-Sidwaya-1.jpg\" alt=\"\" width=\"790\" height=\"98\"\/><\/div>\n<p>Dans son expos\u00e9, l\u2019expert en pr\u00e9vision saisonni\u00e8re \u00e0 l\u2019ANAM, Ousmane Ou\u00e9draogo, a inform\u00e9 que pour les p\u00e9riodes de juin-juillet- ao\u00fbt et juillet-ao\u00fbt-septembre 2020, il est attendu des cumuls pluviom\u00e9triques sup\u00e9rieurs \u00e0 la moyenne \u00e9tablie sur la p\u00e9riode de r\u00e9f\u00e9rence de 1981-2010 sur la majeure partie du pays.<\/p>\n<p>\u00ab Des cumuls proches de la moyenne avec une tendance d\u00e9ficitaire sont pr\u00e9vus dans la moiti\u00e9 sud des r\u00e9gions du Sud-Ouest et des Cascades \u00bb, a-t-il expliqu\u00e9. Pour ce qui concerne les pr\u00e9visions agroclimatiques de 2020, l\u2019ing\u00e9nieur en m\u00e9t\u00e9orologie, Gr\u00e9goire Baki, a annonc\u00e9 qu\u2019il est attendu sur tout le territoire national, une installation pr\u00e9coce de la saison pluvieuse \u00e0 tendance normale.<\/p>\n<p>\u00ab Les dates d\u2019installation pr\u00e9coce de la saison sont du 1er au 10 mai pour la zone soudanienne pr\u00e9vue, du 11 au 31 mai pour la zone soudano-sah\u00e9lienne et du 1er au 20 juin pour la zone sah\u00e9lienne. En ann\u00e9e normale, la p\u00e9riode est fix\u00e9e du 11 au 31 mai pour la zone soudanienne, du 1er au 20 juin pour la zone soudano-sah\u00e9lienne et 21 juin au 10 juillet pour la zone sah\u00e9lienne\u00bb, a-t-il \u00e9tay\u00e9.<\/p>\n<h3>Une fin de saison tardive<\/h3>\n<p><img loading=\"lazy\" decoding=\"async\" class=\"size-medium wp-image-21954\" src=\"https:\/\/www.sidwaya.info\/wp-content\/uploads\/2020\/05\/mete-300x186.jpg\" alt=\"\" width=\"300\" height=\"186\" srcset=\"https:\/\/www.sidwaya.info\/wp-content\/uploads\/2020\/05\/mete-300x186.jpg 300w, https:\/\/www.sidwaya.info\/wp-content\/uploads\/2020\/05\/mete-696x433.jpg 696w, https:\/\/www.sidwaya.info\/wp-content\/uploads\/2020\/05\/mete-676x420.jpg 676w, https:\/\/www.sidwaya.info\/wp-content\/uploads\/2020\/05\/mete-356x220.jpg 356w, https:\/\/www.sidwaya.info\/wp-content\/uploads\/2020\/05\/mete.jpg 700w\" sizes=\"auto, (max-width: 300px) 100vw, 300px\"\/>Sur la carte, les pr\u00e9visions montrent que dans les zones sah\u00e9lienne et soudano-sah\u00e9lienne, l\u2019on pourrait assister pendant la p\u00e9riode floraison-\u00e9piaison \u00e0 des s\u00e9quences s\u00e8ches de courte dur\u00e9e ou \u00e9gale \u00e0 la normale.<\/p>\n<p>La fin de la saison sera, a-t-il poursuivi, tardive \u00e0 tendance normale sur l\u2019ensemble du pays. L\u2019ing\u00e9nieur en m\u00e9t\u00e9orologie a fait savoir que des s\u00e9quences s\u00e8ches de dur\u00e9e normale sont attendues dans la zone sah\u00e9lienne ainsi que dans le Centre et l\u2019Est de la zone soudano-sah\u00e9lienne en d\u00e9but de saison.<\/p>\n<p>\u00ab Dans la zone soudanienne et la partie ouest de la zone soudano-sah\u00e9lienne, on pourrait avoir des s\u00e9quences s\u00e8ches de dur\u00e9e normale ou inf\u00e9rieure \u00e0 celle-ci. Vers la fin de la saison, il est pr\u00e9vu des s\u00e9quences courtes \u00e0 moyennes, dans les zones sah\u00e9liennes et soudano-sah\u00e9lienne du territoire.<\/p>\n<p>Dans la zone soudanienne, on pourrait assister \u00e0 des s\u00e9quences s\u00e8ches \u00e0 moyennes \u00e0 longues\u00bb, a ajout\u00e9 M. Baki. Au regard des r\u00e9sultats des pr\u00e9visions saisonni\u00e8res, les cumuls pluviom\u00e9triques et les caract\u00e9ristiques agrom\u00e9t\u00e9orologiques sur les p\u00e9riodes indiqu\u00e9es, M. Baki a conseill\u00e9, face au risque phytosanitaire, de renforcer la surveillance vis-\u00e0-vis d\u2019une \u00e9ventuelle invasion acridienne dans le pays.<\/p>\n<p>Face au risque d\u2019invasion, il a sugg\u00e9r\u00e9 d\u2019\u00e9viter l\u2019occupation des zones inondables et aussi d\u2019y semer le mil, le ma\u00efs et le sorgho. Face au risque de maladie, l\u2019ing\u00e9nieur a propos\u00e9 de pr\u00e9voir des stocks de moustiquaires, de vacciner les animaux en vue de pr\u00e9venir les \u00e9pizooties \u00e0 germes et de renforcer la vigilance contre le chol\u00e9ra, la malaria, la dengue et la bilharziose.<\/p>\n<p>Selon le directeur g\u00e9n\u00e9ral de l\u2019ANAM, Kouka Ernest Ou\u00e9draogo, tous ces r\u00e9sultats ont \u00e9t\u00e9 obtenus \u00e0 l\u2019issue du 7e forum des pr\u00e9visions saisonni\u00e8res 2020 sur la zone soudano-sah\u00e9lienne de l\u2019espace CILSS-CEDEAO qui s\u2019est d\u00e9roul\u00e9 du 20 au 24 avril dernier en ligne, en raison des mesures prises par les gouvernements respectifs et institutions internationales pour lutter contre le COVID-19.<\/p>\n<p>Cette session a vu la participation des techniciens de l\u2019Afrique de l\u2019Ouest et du Centre en charge du suivi et de l\u2019\u00e9laboration des informations agroclimatiques et hydrauliques.<\/p>\n<p class=\"c1\"><strong>Pat\u00e9n\u00e9ma Oumar OUEDRAOGO<\/strong><br \/>pathnema@gmail.com<\/p>\n<div class=\"td-a-rec td-a-rec-id-content_bottom tdi_31_5e7 td_block_template_1\"><img loading=\"lazy\" decoding=\"async\" class=\"aligncenter size-full wp-image-9623\" src=\"https:\/\/www.sidwaya.info\/wp-content\/uploads\/2019\/06\/Projet-bannie\u0300re-Orange-mobile.jpg\" alt=\"\" width=\"728\" height=\"81\"\/><\/div>\n<p>Auteur: JK. Sidwaya<br \/>\n<a href=\"https:\/\/www.sidwaya.info\/blog\/2020\/05\/10\/prevision-des-caracteristiques-agroclimatiques-2020-une-installation-precoce-de-la-saison-pluvieuse-prevue\/\">Cliquez ici pour lire l&rsquo;article depuis sa source.<\/a><\/p>\n","protected":false},"excerpt":{"rendered":"<p>Pour l\u2019expert en pr\u00e9vision saisonni\u00e8re \u00e0 l\u2019ANAM, Ousmane Ou\u00e9draogo, il est attendu une situation humide sur la majeure partie du territoire national. L\u2019Agence nationale de la m\u00e9t\u00e9orologie (ANAM) a pr\u00e9sent\u00e9 \u00e0 la presse, son bulletin de pr\u00e9vision saisonni\u00e8re des caract\u00e9ristiques agroclimatiques de la campagne de l\u2019ann\u00e9e en cours, le vendredi 8 mai 2020 \u00e0 Ouagadougou. [&hellip;]<\/p>\n","protected":false},"author":1816,"featured_media":85038,"comment_status":"closed","ping_status":"closed","sticky":false,"template":"","format":"standard","meta":{"fifu_image_url":"","fifu_image_alt":"","footnotes":""},"categories":[73,81],"tags":[],"class_list":["post-85037","post","type-post","status-publish","format-standard","has-post-thumbnail","hentry","category-actualite","category-burkina-faso"],"_links":{"self":[{"href":"https:\/\/linitiative.ca\/International\/wp-json\/wp\/v2\/posts\/85037","targetHints":{"allow":["GET"]}}],"collection":[{"href":"https:\/\/linitiative.ca\/International\/wp-json\/wp\/v2\/posts"}],"about":[{"href":"https:\/\/linitiative.ca\/International\/wp-json\/wp\/v2\/types\/post"}],"author":[{"embeddable":true,"href":"https:\/\/linitiative.ca\/International\/wp-json\/wp\/v2\/users\/1816"}],"replies":[{"embeddable":true,"href":"https:\/\/linitiative.ca\/International\/wp-json\/wp\/v2\/comments?post=85037"}],"version-history":[{"count":0,"href":"https:\/\/linitiative.ca\/International\/wp-json\/wp\/v2\/posts\/85037\/revisions"}],"wp:featuredmedia":[{"embeddable":true,"href":"https:\/\/linitiative.ca\/International\/wp-json\/"}],"wp:attachment":[{"href":"https:\/\/linitiative.ca\/International\/wp-json\/wp\/v2\/media?parent=85037"}],"wp:term":[{"taxonomy":"category","embeddable":true,"href":"https:\/\/linitiative.ca\/International\/wp-json\/wp\/v2\/categories?post=85037"},{"taxonomy":"post_tag","embeddable":true,"href":"https:\/\/linitiative.ca\/International\/wp-json\/wp\/v2\/tags?post=85037"}],"curies":[{"name":"wp","href":"https:\/\/api.w.org\/{rel}","templated":true}]}}