{"id":85039,"date":"2020-05-10T16:52:26","date_gmt":"2020-05-10T20:52:26","guid":{"rendered":"https:\/\/linitiative.ca\/International\/enlevement-de-lopposant-soumaila-cisse-du-mali-ses-amis-du-burkina-appellent-a-sa-liberation\/"},"modified":"2020-05-10T16:52:26","modified_gmt":"2020-05-10T20:52:26","slug":"enlevement-de-lopposant-soumaila-cisse-du-mali-ses-amis-du-burkina-appellent-a-sa-liberation","status":"publish","type":"post","link":"https:\/\/linitiative.ca\/International\/enlevement-de-lopposant-soumaila-cisse-du-mali-ses-amis-du-burkina-appellent-a-sa-liberation\/","title":{"rendered":"Enl\u00e8vement de l\u2019opposant Souma\u00efla Ciss\u00e9 du Mali Ses amis du Burkina appellent \u00e0 sa lib\u00e9ration"},"content":{"rendered":"<div class=\"td-post-featured-image\"><a href=\"https:\/\/www.sidwaya.info\/wp-content\/uploads\/2020\/05\/soumaila.jpg\" data-caption=\"\"><img loading=\"lazy\" decoding=\"async\" width=\"696\" height=\"571\" class=\"entry-thumb td-modal-image\" src=\"https:\/\/www.sidwaya.info\/wp-content\/uploads\/2020\/05\/soumaila-696x571.jpg\" srcset=\"https:\/\/www.sidwaya.info\/wp-content\/uploads\/2020\/05\/soumaila-696x571.jpg 696w, https:\/\/www.sidwaya.info\/wp-content\/uploads\/2020\/05\/soumaila-300x246.jpg 300w, https:\/\/www.sidwaya.info\/wp-content\/uploads\/2020\/05\/soumaila-512x420.jpg 512w, https:\/\/www.sidwaya.info\/wp-content\/uploads\/2020\/05\/soumaila.jpg 700w\" sizes=\"auto, (max-width: 696px) 100vw, 696px\" alt=\"\" title=\"soumaila\"\/><\/a><\/div>\n<p><strong>Dans la d\u00e9claration ci-dessous, plusieurs amis du Chef de file de l\u2019opposition malienne r\u00e9sidant au Burkina Faso appellent \u00e0 sa lib\u00e9ration. Ils sollicitent par ailleurs l\u2019implication des chefs d\u2019Etat malien et burkinab\u00e8 afin de permettre \u00e0 l\u2019ancien pr\u00e9sident de la Commission de l\u2019UEMOA de recouvrer la libert\u00e9.<\/strong><\/p>\n<p>Le 25 mars 2020, l\u2019Honorable Souma\u00efla CISSE, \u00e9lu \u00e0 l\u2019Assembl\u00e9e Nationale du Mali, Chef de file de l\u2019opposition malienne, Ancien Pr\u00e9sident de la Commission de l\u2019UEMOA et sa d\u00e9l\u00e9gation en campagne pour les \u00e9lections l\u00e9gislatives dans sa circonscription \u00e9lectorale ont \u00e9t\u00e9 enlev\u00e9s (entre Saraf\u00e9r\u00e9 et Koumaira) par des hommes arm\u00e9s dans le cercle de Niafunk\u00e9, r\u00e9gion de Tombouctou, R\u00e9publique du Mali.<\/p>\n<p>Lors de l\u2019enl\u00e8vement, son garde du corps a \u00e9t\u00e9 tu\u00e9 et deux autres personnes gri\u00e8vement bless\u00e9es. Deux semaines apr\u00e8s l\u2019enl\u00e8vement, le reste de la d\u00e9l\u00e9gation a \u00e9t\u00e9 lib\u00e9r\u00e9 en deux temps.<br \/>A ce jour, Monsieur Souma\u00efla CISSE, toujours otage de ses ravisseurs, est attendu par son \u00e9pouse, ses enfants, ses petits-enfants, sa famille politique et ses amis du Mali et d\u2019ailleurs.<\/p>\n<div class=\"td-a-rec td-a-rec-id-content_inline tdi_30_e9b td_block_template_1\"><img loading=\"lazy\" decoding=\"async\" class=\"aligncenter size-full wp-image-21314\" src=\"https:\/\/www.sidwaya.info\/wp-content\/uploads\/2020\/04\/Bandeau-Covid-19-Sidwaya-1.jpg\" alt=\"\" width=\"790\" height=\"98\"\/><\/div>\n<p>Loin des siens, priv\u00e9 de libert\u00e9 de mouvement et d\u2019expression, Monsieur Souma\u00efla CISSE est sans doute d\u00e9tenu dans des conditions difficiles et inacceptables, sa sant\u00e9 et sa vie certainement expos\u00e9es de mani\u00e8re dangereuse \u00e0 des al\u00e9as, et ce, depuis plus d\u2019un (1) mois.<\/p>\n<p>Depuis le d\u00e9but de la crise s\u00e9curitaire que traverse le Mali, l\u2019enl\u00e8vement et la s\u00e9questration d\u2019une personnalit\u00e9 nationale de cette envergure est unique et sans pr\u00e9c\u00e9dent. La zone dans laquelle a \u00e9t\u00e9 enlev\u00e9 Monsieur Souma\u00efla Ciss\u00e9, est un secteur o\u00f9 op\u00e8rent habituellement des djihadistes affili\u00e9s \u00e0 l\u2019Etat Islamique, faisant ainsi craindre l\u00e9gitimement le pire \u00e0 tout moment.<\/p>\n<p>La situation qui est la sienne ne peut laisser aucune personne, \u00e9prise de paix et de justice indiff\u00e9rente. Par cons\u00e9quent, nous, amis et sympathisants de l\u2019Honorable CISSE, r\u00e9sidant au Burkina Faso, appelons vivement \u00e0 sa lib\u00e9ration rapide et sollicitons aupr\u00e8s des Tr\u00e8s Hautes Autorit\u00e9s, notamment le Pr\u00e9sident du Faso, Monsieur Roch Marc Christian KABORE, le Pr\u00e9sident de la R\u00e9publique du Mali, Monsieur Ibrahim Boubacar KEITA, Sa Majest\u00e9 le Mogho Naaba Baongo, une forte implication et toute forme d\u2019appuis et de soutiens.<\/p>\n<p><strong>Ont Sign\u00e9 :<\/strong><br \/>1) Almamy GAMBI, Op\u00e9rateur \u00e9conomique ;<br \/>2) Bruno SANOGO, Fonctionnaire, Commission de l\u2019UEMOA ;<br \/>3) Abdoulaye KONE, retrait\u00e9, Commission de l\u2019UEMOA ;<br \/>4) Mme Diakit\u00e9 Aich\u00e9 DIARRA, Op\u00e9ratrice \u00e9conomique ;<br \/>5) Souleymane DIARRA, Fonctionnaire, Commission de l\u2019UEMOA ;<br \/>6) Mamadou BALAYIRA, Op\u00e9rateur Economique ;<br \/>7) Lassana TOGOLA, Enseignant ;<br \/>8) Hawa LY, Fonctionnaire, Commission de l\u2019UEMOA ;<br \/>9) Ahmadou SANKARE, Sp\u00e9cialiste en communication ;<br \/>10) Aly D. COULIBALY, Fonctionnaire Commission de UEMOA ;<br \/>11) Ibrahima KARAMBE, Fonctionnaire, Commission de l\u2019UEMOA ;<br \/>12) Hamet KONTE, op\u00e9rateur \u00e9conomique ;<br \/>13) Aich\u00e9 DIOMBELE, journaliste ;<br \/>14) Assa SECK, Op\u00e9ratrice \u00e9conomique ;<br \/>15) Diadi\u00e9 CISSE, Fonctionnaire Liptako Gourma ;<br \/>16) Fatoumata DIARRA, Agent de sant\u00e9 ;<br \/>17) Yacouba DIARRA, Op\u00e9rateur \u00e9conomique ;<br \/>18) Mme Bah Kadiatou THIAM, Op\u00e9ratrice \u00e9conomique ;<br \/>19) Roberto Alexandre VIERA, Fonctionnaire Commission de UEMOA ;<br \/>20) Claude I. DOSSOU, Fonctionnaire Commission de UEMOA ;<br \/>21) Bonfils Yao KOKO, Fonctionnaire Commission de UEMOA ;<br \/>22) Oumar DICKO, artisan ;<br \/>23) Issa ZONOU, Enseignant ;<br \/>24) Penda TEME, Op\u00e9ratrice \u00e9conomique ;<br \/>25) Kadiatou TOURE, Fonctionnaire, Commission de l\u2019UEMOA ;<br \/>26) Youssouf MAIGA, Expert ADEA ;<br \/>27) Issouf MAIGA, Fonctionnaire, Commission de l\u2019UEMOA ;<br \/>28) Salaoudine MAIGA, Op\u00e9rateur \u00e9conomique ;<br \/>29) Boubacar SIBY, retrait\u00e9, Commission de l\u2019UEMOA ;<br \/>30) Adama SANGARE, Fonctionnaire Liptako Gourma ;<br \/>31) Gaoussou FOFANA, Op\u00e9rateur \u00e9conomique ;<br \/>32) Houbeidala MAIGA, Op\u00e9rateur \u00e9conomique ;<br \/>33) Oumar Sanogo, Fonctionnaire, Commission de l\u2019UEMOA ;<br \/>34) Mohamed YATTARA ; Agent administratif ;<br \/>35) Cheibata, Professeur Artisan.<\/p>\n<div class=\"td-a-rec td-a-rec-id-content_bottom tdi_31_1ab td_block_template_1\"><img loading=\"lazy\" decoding=\"async\" class=\"aligncenter size-full wp-image-9623\" src=\"https:\/\/www.sidwaya.info\/wp-content\/uploads\/2019\/06\/Projet-bannie\u0300re-Orange-mobile.jpg\" alt=\"\" width=\"728\" height=\"81\"\/><\/div>\n<p>Auteur: JK. Sidwaya<br \/>\n<a href=\"https:\/\/www.sidwaya.info\/blog\/2020\/05\/10\/enlevement-de-lopposant-soumaila-cisse-du-mali-ses-amis-du-burkina-appellent-a-sa-liberation\/\">Cliquez ici pour lire l&rsquo;article depuis sa source.<\/a><\/p>\n","protected":false},"excerpt":{"rendered":"<p>Dans la d\u00e9claration ci-dessous, plusieurs amis du Chef de file de l\u2019opposition malienne r\u00e9sidant au Burkina Faso appellent \u00e0 sa lib\u00e9ration. Ils sollicitent par ailleurs l\u2019implication des chefs d\u2019Etat malien et burkinab\u00e8 afin de permettre \u00e0 l\u2019ancien pr\u00e9sident de la Commission de l\u2019UEMOA de recouvrer la libert\u00e9. Le 25 mars 2020, l\u2019Honorable Souma\u00efla CISSE, \u00e9lu [&hellip;]<\/p>\n","protected":false},"author":1816,"featured_media":85040,"comment_status":"closed","ping_status":"closed","sticky":false,"template":"","format":"standard","meta":{"fifu_image_url":"","fifu_image_alt":"","footnotes":""},"categories":[73,81],"tags":[],"class_list":["post-85039","post","type-post","status-publish","format-standard","has-post-thumbnail","hentry","category-actualite","category-burkina-faso"],"_links":{"self":[{"href":"https:\/\/linitiative.ca\/International\/wp-json\/wp\/v2\/posts\/85039","targetHints":{"allow":["GET"]}}],"collection":[{"href":"https:\/\/linitiative.ca\/International\/wp-json\/wp\/v2\/posts"}],"about":[{"href":"https:\/\/linitiative.ca\/International\/wp-json\/wp\/v2\/types\/post"}],"author":[{"embeddable":true,"href":"https:\/\/linitiative.ca\/International\/wp-json\/wp\/v2\/users\/1816"}],"replies":[{"embeddable":true,"href":"https:\/\/linitiative.ca\/International\/wp-json\/wp\/v2\/comments?post=85039"}],"version-history":[{"count":0,"href":"https:\/\/linitiative.ca\/International\/wp-json\/wp\/v2\/posts\/85039\/revisions"}],"wp:featuredmedia":[{"embeddable":true,"href":"https:\/\/linitiative.ca\/International\/wp-json\/"}],"wp:attachment":[{"href":"https:\/\/linitiative.ca\/International\/wp-json\/wp\/v2\/media?parent=85039"}],"wp:term":[{"taxonomy":"category","embeddable":true,"href":"https:\/\/linitiative.ca\/International\/wp-json\/wp\/v2\/categories?post=85039"},{"taxonomy":"post_tag","embeddable":true,"href":"https:\/\/linitiative.ca\/International\/wp-json\/wp\/v2\/tags?post=85039"}],"curies":[{"name":"wp","href":"https:\/\/api.w.org\/{rel}","templated":true}]}}