{"id":85047,"date":"2020-05-10T08:46:16","date_gmt":"2020-05-10T12:46:16","guid":{"rendered":"https:\/\/linitiative.ca\/International\/cameroun-le-maire-de-mamfe-tue-dans-le-sud-ouest\/"},"modified":"2020-05-10T08:46:16","modified_gmt":"2020-05-10T12:46:16","slug":"cameroun-le-maire-de-mamfe-tue-dans-le-sud-ouest","status":"publish","type":"post","link":"https:\/\/linitiative.ca\/International\/cameroun-le-maire-de-mamfe-tue-dans-le-sud-ouest\/","title":{"rendered":"Cameroun : le maire de Mamfe tu\u00e9 dans le Sud-ouest"},"content":{"rendered":"<div readability=\"32\">\n<p>Publi\u00e9 le 10.05.2020 \u00e0 13h46 par JournalduCameroun.com<\/p>\n<\/div>\n<div readability=\"56\">\n<h2 class=\"c5\">L\u2019\u00e9dile de cette ville de la r\u00e9gion du Sud-ouest Cameroun aurait \u00e9t\u00e9 assassin\u00e9 par des combattants s\u00e9paratistes pr\u00e9tendument repentis, alors qu\u2019il se rendait dans son village.<\/h2>\n<p class=\"c6\">Des images en circulation depuis ce matin du 10 mai 2020 montrent des personnes \u00e9plor\u00e9es dans ce qui est d\u00e9crit comme le domicile de Ashu Priestley Ojong, jusqu\u2019ici <strong>maire de la ville de Mamfe<\/strong>.<\/p>\n<p class=\"c6\">D\u2019apr\u00e8s des informations de son entourage, le premier magistrat de cette ville de la r\u00e9gion du Sud-ouest a \u00e9t\u00e9 tu\u00e9 par des hommes arm\u00e9s soup\u00e7onn\u00e9s d\u2019\u00eatre des combattants s\u00e9cessionnistes.<\/p>\n<p class=\"c6\">Une source familiale rapporte ces \u00e9v\u00e8nements\u00a0: le maire s\u2019est rendu dans son village pour accueillir des combattants s\u00e9paratistes qui souhaitaient d\u00e9poser les armes.<\/p>\n<p class=\"c6\">Cela va se r\u00e9v\u00e9ler \u00eatre un pi\u00e8ge car le convoi du maire est attaqu\u00e9. Il est tu\u00e9 et les deux soldats qui assuraient sa protection gri\u00e8vement bless\u00e9s.<\/p>\n<p class=\"c6\">Ag\u00e9 de 34 ans, <strong>Ashu Prietley Ojong<\/strong> \u00e9tait l\u2019un des plus jeunes maires issus des \u00e9lections municipales de f\u00e9vrier 2020.<\/p>\n<p>Les \u00e9lus locaux sont la cible des combattants arm\u00e9s dans les r\u00e9gions du Nord-ouest et du Sud-ouest en proie \u00e0 la <strong>crise anglophone<\/strong>.<\/p>\n<p>Des conseillers Rdpc de la commune de Oku ont d\u00e9j\u00e0 \u00e9t\u00e9 enl\u00e9v\u00e9s. L\u2019un des adjoints au maire de Nwa tu\u00e9 en avril\u00a0 et le maire de Mbengwi lib\u00e9r\u00e9 apr\u00e8s avoir pass\u00e9 plusieurs semaines en captivit\u00e9.<\/p>\n<\/div>\n<p>Auteur: Ludovic Amara<br \/>\n<a href=\"https:\/\/www.journalducameroun.com\/cameroun-le-maire-de-mamfe-tue-dans-le-sud-ouest-cameroun\/\">Cliquez ici pour lire l&rsquo;article depuis sa source.<\/a><\/p>\n","protected":false},"excerpt":{"rendered":"<p>Publi\u00e9 le 10.05.2020 \u00e0 13h46 par JournalduCameroun.com L\u2019\u00e9dile de cette ville de la r\u00e9gion du Sud-ouest Cameroun aurait \u00e9t\u00e9 assassin\u00e9 par des combattants s\u00e9paratistes pr\u00e9tendument repentis, alors qu\u2019il se rendait dans son village. Des images en circulation depuis ce matin du 10 mai 2020 montrent des personnes \u00e9plor\u00e9es dans ce qui est d\u00e9crit comme le [&hellip;]<\/p>\n","protected":false},"author":1965,"featured_media":0,"comment_status":"closed","ping_status":"closed","sticky":false,"template":"","format":"standard","meta":{"fifu_image_url":"","fifu_image_alt":"","footnotes":""},"categories":[73,82],"tags":[],"class_list":["post-85047","post","type-post","status-publish","format-standard","hentry","category-actualite","category-cameroun"],"_links":{"self":[{"href":"https:\/\/linitiative.ca\/International\/wp-json\/wp\/v2\/posts\/85047","targetHints":{"allow":["GET"]}}],"collection":[{"href":"https:\/\/linitiative.ca\/International\/wp-json\/wp\/v2\/posts"}],"about":[{"href":"https:\/\/linitiative.ca\/International\/wp-json\/wp\/v2\/types\/post"}],"author":[{"embeddable":true,"href":"https:\/\/linitiative.ca\/International\/wp-json\/wp\/v2\/users\/1965"}],"replies":[{"embeddable":true,"href":"https:\/\/linitiative.ca\/International\/wp-json\/wp\/v2\/comments?post=85047"}],"version-history":[{"count":0,"href":"https:\/\/linitiative.ca\/International\/wp-json\/wp\/v2\/posts\/85047\/revisions"}],"wp:attachment":[{"href":"https:\/\/linitiative.ca\/International\/wp-json\/wp\/v2\/media?parent=85047"}],"wp:term":[{"taxonomy":"category","embeddable":true,"href":"https:\/\/linitiative.ca\/International\/wp-json\/wp\/v2\/categories?post=85047"},{"taxonomy":"post_tag","embeddable":true,"href":"https:\/\/linitiative.ca\/International\/wp-json\/wp\/v2\/tags?post=85047"}],"curies":[{"name":"wp","href":"https:\/\/api.w.org\/{rel}","templated":true}]}}