{"id":85048,"date":"2020-05-10T10:18:21","date_gmt":"2020-05-10T14:18:21","guid":{"rendered":"https:\/\/linitiative.ca\/International\/grand-abidjan-covid-19-des-proprietaires-de-restaurants-plaident-pour-la-reouverture-de-leurs-espaces\/"},"modified":"2020-05-10T10:18:21","modified_gmt":"2020-05-10T14:18:21","slug":"grand-abidjan-covid-19-des-proprietaires-de-restaurants-plaident-pour-la-reouverture-de-leurs-espaces","status":"publish","type":"post","link":"https:\/\/linitiative.ca\/International\/grand-abidjan-covid-19-des-proprietaires-de-restaurants-plaident-pour-la-reouverture-de-leurs-espaces\/","title":{"rendered":"Grand Abidjan\/Covid-19: des propri\u00e9taires de restaurants plaident pour la r\u00e9ouverture de leurs espaces"},"content":{"rendered":"<div readability=\"32\">\n<p>Publi\u00e9 le 10.05.2020 \u00e0 15h18 par APA News<\/p>\n<\/div>\n<div readability=\"121\">\n<p>Le pr\u00e9sident de la Plateforme des propri\u00e9taires de maquis, bars et restaurants de C\u00f4te d\u2019Ivoire (PPMBRCI), Josu\u00e9 Gnawa, a d\u00e9voil\u00e9 samedi un protocole visant \u00e0 \u00e9viter la propagation du Covid-19, invitant l\u2019Etat ivoirien \u00e0 rouvrir les buvettes et espaces gastronomiques.M. Gnawa qui a salu\u00e9 la d\u00e9cision de r\u00e9ouverture des maquis, bars et restaurants \u00e0 l\u2019int\u00e9rieur du pays, o\u00f9 l\u2019on a enregistr\u00e9 aucun cas de Covid-19 depuis le 21 avril 2020, a f\u00e9licit\u00e9 le chef de l\u2019Etat Alassane Ouattara pour cette option, encourageant le gouvernement \u00e0 en faire de m\u00eame pour le Grand Abidjan.<\/p>\n<p>Selon lui, m\u00eame si Abidjan constitue l\u2019\u00e9picentre de la pand\u00e9mie du Covid-19 dans le pays, \u00ab c\u2019est possible \u00bb de rouvrir les maquis, bars et restaurants, en suivant un protocole sanitaire visant \u00e0 emp\u00eacher la propagation du virus.\u00a0<\/p>\n<p>Apr\u00e8s deux mois de r\u00e9flexion, des experts commis par l\u2019organisation, ont produit un document qui montre que les espaces des maquis, bars et restaurants peuvent rouvrir dans le respect des mesures sanitaires, a-t-il fait savoir. \u00a0\u00a0<\/p>\n<p>Ce protocole d\u00e9nomm\u00e9 \u00ab ML2D \u00bb, dira-t-il, est \u00ab le port obligatoire du masque, le lavage des mains, la distanciation de deux m\u00e8tres (contre un m\u00e8tre \u00e9dict\u00e9 par l\u2019Etat) et la d\u00e9sinfection \u00bb. Il a \u00e9t\u00e9 soumis au pr\u00e9fet du District d\u2019Abidjan afin d\u2019en \u00eatre le porte-parole de la PPMBRCI aupr\u00e8s du gouvernement.\u00a0<\/p>\n<p>Pour M. Josu\u00e9 Gnawa, si ce protocole de s\u00e9curit\u00e9 sanitaire est strictement appliqu\u00e9, il peut permettre d\u2019\u00e9viter que les maquis, bars et restaurants soient des vecteurs de la pand\u00e9mie \u00e0 Coronavirus. Le pays enregistre \u00e0 ce jour, 1 667 cas confirm\u00e9s dont 769 personnes gu\u00e9ries et 21 d\u00e9c\u00e8s. \u00a0<\/p>\n<p>Les experts ont impl\u00e9ment\u00e9 ce protocole dans tous les types d\u2019espace, a soutenu M. Gnawa, qui a assur\u00e9 que l\u2019organisation s\u2019engage \u00e0 sensibiliser tous les acteurs du secteur pour son respect scrupuleux, et \u00e0 faire la police pour d\u00e9noncer tous les contrevenants. \u00a0<\/p>\n<p>Le client, de fa\u00e7on pratique, \u00e9l\u00e8ve son masque pour manger, mais est tenu de le porter avant tout d\u00e9placement. Pour M. Gnawa, ce dispositif vise pour les acteurs du secteur \u00e0 \u00ab faire ce sacrifice pour ne pas mourir \u00bb, en d\u00e9pit de quelques pertes pouvant impacter leurs activit\u00e9s. \u00a0 \u00a0<\/p>\n<p>Le pr\u00e9sident de la PPMBRCI estime que si les clients se relaient, cela minimiserait ces pertes. Il a fait observer que les prix ne seront pas toutefois revus \u00e0 la hausse bien que cette situation affecte le chiffre d\u2019Affaires des acteurs du secteur. \u00a0<\/p>\n<p>L\u2019organisation d\u00e9nombre 43 000 maquis, bas et restaurants dans le Grand Abidjan. Le Covid-19 a \u00e9t\u00e9 un pr\u00e9texte pour les acteurs du secteur de se rassembler ; et en deux semaines, quelque 500 op\u00e9rateurs ont adh\u00e9r\u00e9 \u00e0 cette cause contre 2 000 attendus. \u00a0<\/p>\n<p>Pour freiner la propagation du Covid-19, le gouvernement ivoirien a d\u00e9cid\u00e9 le 24 mars 2020 de la fermeture des maquis, bars et restaurants, et impos\u00e9 un couvre-feu. Ces mesures ont \u00e9t\u00e9 lev\u00e9es pour l\u2019int\u00e9rieur du pays qui ne compte plus de cas, cependant elles demeurent dans le Grand Abidjan.\u00a0<\/p>\n<p>Dans le Grand Abidjan, le couvre-feu a \u00e9t\u00e9 r\u00e9am\u00e9nag\u00e9 de 23h \u00e0 4h du matin, alors qu\u2019il \u00e9tait fix\u00e9 auparavant de 21h \u00e0 5h du matin. Pour les propri\u00e9taires de maquis, bars et restaurants, deux mois de fermeture est \u00ab \u00e9norme\u00bb en termes de perte de chiffres d\u2019Affaires.\u00a0<\/p>\n<\/div>\n<p>Auteur: APA News<br \/>\n<a href=\"https:\/\/www.journalducameroun.com\/grand-abidjan-covid-19-des-proprietaires-de-restaurants-plaident-pour-la-reouverture-de-leurs-espaces\/\">Cliquez ici pour lire l&rsquo;article depuis sa source.<\/a><\/p>\n","protected":false},"excerpt":{"rendered":"<p>Publi\u00e9 le 10.05.2020 \u00e0 15h18 par APA News Le pr\u00e9sident de la Plateforme des propri\u00e9taires de maquis, bars et restaurants de C\u00f4te d\u2019Ivoire (PPMBRCI), Josu\u00e9 Gnawa, a d\u00e9voil\u00e9 samedi un protocole visant \u00e0 \u00e9viter la propagation du Covid-19, invitant l\u2019Etat ivoirien \u00e0 rouvrir les buvettes et espaces gastronomiques.M. Gnawa qui a salu\u00e9 la d\u00e9cision de [&hellip;]<\/p>\n","protected":false},"author":1965,"featured_media":0,"comment_status":"closed","ping_status":"closed","sticky":false,"template":"","format":"standard","meta":{"fifu_image_url":"","fifu_image_alt":"","footnotes":""},"categories":[73,82],"tags":[],"class_list":["post-85048","post","type-post","status-publish","format-standard","hentry","category-actualite","category-cameroun"],"_links":{"self":[{"href":"https:\/\/linitiative.ca\/International\/wp-json\/wp\/v2\/posts\/85048","targetHints":{"allow":["GET"]}}],"collection":[{"href":"https:\/\/linitiative.ca\/International\/wp-json\/wp\/v2\/posts"}],"about":[{"href":"https:\/\/linitiative.ca\/International\/wp-json\/wp\/v2\/types\/post"}],"author":[{"embeddable":true,"href":"https:\/\/linitiative.ca\/International\/wp-json\/wp\/v2\/users\/1965"}],"replies":[{"embeddable":true,"href":"https:\/\/linitiative.ca\/International\/wp-json\/wp\/v2\/comments?post=85048"}],"version-history":[{"count":0,"href":"https:\/\/linitiative.ca\/International\/wp-json\/wp\/v2\/posts\/85048\/revisions"}],"wp:attachment":[{"href":"https:\/\/linitiative.ca\/International\/wp-json\/wp\/v2\/media?parent=85048"}],"wp:term":[{"taxonomy":"category","embeddable":true,"href":"https:\/\/linitiative.ca\/International\/wp-json\/wp\/v2\/categories?post=85048"},{"taxonomy":"post_tag","embeddable":true,"href":"https:\/\/linitiative.ca\/International\/wp-json\/wp\/v2\/tags?post=85048"}],"curies":[{"name":"wp","href":"https:\/\/api.w.org\/{rel}","templated":true}]}}