{"id":85052,"date":"2020-05-11T08:00:02","date_gmt":"2020-05-11T12:00:02","guid":{"rendered":"https:\/\/linitiative.ca\/International\/les-yakafokon\/"},"modified":"2020-05-11T08:00:02","modified_gmt":"2020-05-11T12:00:02","slug":"les-yakafokon","status":"publish","type":"post","link":"https:\/\/linitiative.ca\/International\/les-yakafokon\/","title":{"rendered":"Les \u00abyakafokon\u00bb\u2026"},"content":{"rendered":"<p><img decoding=\"async\" class=\"post_layout_5_img\" src=\"https:\/\/aujourdhui.ma\/wp-content\/uploads\/2018\/11\/Ahmed-GHAYET-1.jpg\" alt=\"Les &#xAB;yakafokon&#xBB;&#x2026;\"\/><\/p>\n<p><span class=\"c7\"><strong>Avez-vous remarqu\u00e9 comme depuis quelque temps fleurissent les \u2018\u2019yakafokon\u2019\u2019 sur les r\u00e9seaux sociaux : chacun est m\u00e9decin, chacun est professeur, chacun est personnalit\u00e9 de la soci\u00e9t\u00e9 civile, chacun est sp\u00e9cialiste \u00e8s d\u00e9confinement\u2026O bien s\u00fbr les \u00abyakafokon\u00bb existent depuis toujours mais ne pouvions-nous esp\u00e9rer qu\u2019en cette p\u00e9riode de pand\u00e9mie, ceux-ci se mettent enfin en sourdine ?!<\/strong><\/span><\/p>\n<p><span id=\"more-344621\"\/><br \/>Sans doute \u00e9tait-ce trop leur demander car pour beaucoup d\u2019entre eux telle est leur principale raison d\u2019exister, eux qui en fait vivent leur propre vie par procuration\u2026<br \/>Nous avons pourtant un seul ennemi, un ennemi commun : le virus, eh bien non ! Eux trouvent encore le moyen de s\u2019inventer d\u2019autres ennemis, leurs cibles ce sont ceux qui agissent, ceux qui font, ceux qui prennent des d\u00e9cisions, ceux qui expriment leur patriotisme, qui louent la fa\u00e7on dont notre pays a r\u00e9agi face \u00e0 la pand\u00e9mie, etc.<br \/>Et pourtant la priorit\u00e9 des priorit\u00e9s est bien \u00e9videmment de sauver des vies, de sauver LA VIE, non seulement en terrassant le coronavirus mais \u00e9galement en aidant au maximum ceux d\u2019entre nous qui sont les plus fragiles, les plus pr\u00e9caires.<\/p>\n<p>C\u2019est ce que l\u2019immense majorit\u00e9 des Marocains s\u2019efforce de faire, cela s\u2019appelle solidarit\u00e9, cela s\u2019appelle fraternit\u00e9, cela s\u2019appelle \u2018\u2019faire Nation\u2019\u2019, cela s\u2019appelle humanisme, patriotisme.<br \/>Tout le monde est \u2018\u2019au front\u2019\u2019, derri\u00e8re notre Roi, tout particuli\u00e8rement ces \u2018\u2019h\u00e9ros du quotidien\u2019\u2019 que l\u2019on ne voyait m\u00eame pas auparavant et nos jeunes pour lesquels on n\u2019avait que condescendance ou m\u00e9pris.<br \/>Nous pouvions l\u00e9gitimement attendre que chacun mette la main \u00e0 la p\u00e2te, or cela aurait \u00e9t\u00e9 trop beau, trop \u2018\u2019bisounours\u2019\u2019 comme ils disent!<br \/>Cette cat\u00e9gorie, vous savez, les donneurs de le\u00e7on, les inspecteurs des travaux finis, les d\u00e9nigreurs \u00e0 tout-va, ceux qui \u2018\u2019savent\u2019\u2019 sont tellement \u2018\u2019hors sol\u2019\u2019 qu\u2019ils s\u2019affranchissent de ce devoir.<br \/>Ces \u2018\u2019sachant\u2019\u2019, qui savent mais qui ne font jamais, s\u00e9vissent \u00e9norm\u00e9ment sur les r\u00e9seaux sociaux o\u00f9 ils \u2018\u2019twistent\u2019\u2019 entre eux , comme l\u2019a tr\u00e8s bien dit un internaute : \u2018\u2019L\u00e0 o\u00f9 l\u2019on d\u00e9signe chaque jour une t\u00eate de turc et tape le plus fort possible, le plus l\u00e2chement possible et \u00e0 plusieurs\u2026\u2019\u2019<\/p>\n<p>Bref que ce soit l\u00e0 ou ailleurs, tous ces experts qui conseillent, pontifient, excommunient, pr\u00e9conisent, d\u00e9nigrent\u2026 ne se rendent m\u00eame pas compte qu\u2019ils sont \u2018\u2019out\u2019\u2019, ils sont comme \u2018\u2019les Visiteurs\u2019\u2019 du film du m\u00eame nom, ils sont rest\u00e9s coinc\u00e9s dans une bulle spatio-temporelle, d\u2019o\u00f9 ils ne sortiront pas !<br \/>Le Maroc a chang\u00e9, change, les Marocains ont chang\u00e9, changent\u2026 la pand\u00e9mie et le confinement ont acc\u00e9l\u00e9r\u00e9 \u2013 \u00e0 la vitesse grand V- les mutations en gestation, et ce n\u2019est pas fini !<br \/>Bien s\u00fbr rien n\u2019est gagn\u00e9, ni sur le virus, ni sur l\u2019indispensable nouvelle soci\u00e9t\u00e9 que nous devons continuer \u00e0 construire, pourtant immens\u00e9ment nombreux sont ceux qui y croient, qui agissent qui luttent pour sauver des vies et pour transformer notre vie.<\/p>\n<p>Ces acteurs ont fait le choix de monter dans le train et m\u00eame de le co-conduire, les acteurs ont fait le choix de la position, les d\u00e9blateurs eux ont choisi la posture.<br \/>Il n\u2019y aura pas de 25\u00e8me heure, les vainqueurs sont ceux ceux qui font que notre Maroc Pluriel soit un Maroc Uni, la population n\u2019est pas dupe et sait \u2013 dans cette p\u00e9riode difficile, anxiog\u00e8ne, meurtri\u00e8re- qui la sert et qui se sert d\u2019elle.<\/p>\n<p>Auteur: Ahmed GHAYET<br \/>\n<a href=\"https:\/\/aujourdhui.ma\/chroniques\/les-yakafokon\">Cliquez ici pour lire l&rsquo;article depuis sa source.<\/a><\/p>\n","protected":false},"excerpt":{"rendered":"<p>Avez-vous remarqu\u00e9 comme depuis quelque temps fleurissent les \u2018\u2019yakafokon\u2019\u2019 sur les r\u00e9seaux sociaux : chacun est m\u00e9decin, chacun est professeur, chacun est personnalit\u00e9 de la soci\u00e9t\u00e9 civile, chacun est sp\u00e9cialiste \u00e8s d\u00e9confinement\u2026O bien s\u00fbr les \u00abyakafokon\u00bb existent depuis toujours mais ne pouvions-nous esp\u00e9rer qu\u2019en cette p\u00e9riode de pand\u00e9mie, ceux-ci se mettent enfin en sourdine ?! [&hellip;]<\/p>\n","protected":false},"author":1759,"featured_media":85053,"comment_status":"closed","ping_status":"closed","sticky":false,"template":"","format":"standard","meta":{"fifu_image_url":"","fifu_image_alt":"","footnotes":""},"categories":[73,54],"tags":[],"class_list":["post-85052","post","type-post","status-publish","format-standard","has-post-thumbnail","hentry","category-actualite","category-maroc"],"_links":{"self":[{"href":"https:\/\/linitiative.ca\/International\/wp-json\/wp\/v2\/posts\/85052","targetHints":{"allow":["GET"]}}],"collection":[{"href":"https:\/\/linitiative.ca\/International\/wp-json\/wp\/v2\/posts"}],"about":[{"href":"https:\/\/linitiative.ca\/International\/wp-json\/wp\/v2\/types\/post"}],"author":[{"embeddable":true,"href":"https:\/\/linitiative.ca\/International\/wp-json\/wp\/v2\/users\/1759"}],"replies":[{"embeddable":true,"href":"https:\/\/linitiative.ca\/International\/wp-json\/wp\/v2\/comments?post=85052"}],"version-history":[{"count":0,"href":"https:\/\/linitiative.ca\/International\/wp-json\/wp\/v2\/posts\/85052\/revisions"}],"wp:featuredmedia":[{"embeddable":true,"href":"https:\/\/linitiative.ca\/International\/wp-json\/"}],"wp:attachment":[{"href":"https:\/\/linitiative.ca\/International\/wp-json\/wp\/v2\/media?parent=85052"}],"wp:term":[{"taxonomy":"category","embeddable":true,"href":"https:\/\/linitiative.ca\/International\/wp-json\/wp\/v2\/categories?post=85052"},{"taxonomy":"post_tag","embeddable":true,"href":"https:\/\/linitiative.ca\/International\/wp-json\/wp\/v2\/tags?post=85052"}],"curies":[{"name":"wp","href":"https:\/\/api.w.org\/{rel}","templated":true}]}}