{"id":85056,"date":"2020-05-11T10:10:10","date_gmt":"2020-05-11T14:10:10","guid":{"rendered":"https:\/\/linitiative.ca\/International\/essaouira-lart-au-chevet-des-jeunes-filles-rurales\/"},"modified":"2020-05-11T10:10:10","modified_gmt":"2020-05-11T14:10:10","slug":"essaouira-lart-au-chevet-des-jeunes-filles-rurales","status":"publish","type":"post","link":"https:\/\/linitiative.ca\/International\/essaouira-lart-au-chevet-des-jeunes-filles-rurales\/","title":{"rendered":"Essaouira : L\u2019art au chevet  des jeunes filles rurales"},"content":{"rendered":"<p><img decoding=\"async\" class=\"post_layout_5_img\" src=\"https:\/\/aujourdhui.ma\/wp-content\/uploads\/2020\/05\/Nadia-Chellaoui-et-Meriem-Biche-Lorente.jpg\" alt=\"Essaouira : L&#x2019;art au chevet des jeunes filles rurales\"\/><\/p>\n<p><span class=\"c7\"><strong>Un projet qui leur permet de montrer l\u2019\u00e9tendue de leurs talents<\/strong><\/span> <span id=\"more-344657\"\/><\/p>\n<p><span class=\"c8\">Les jeunes filles participent \u00e0 ces confections en broderie \u00e0 la main du nouveau mod\u00e8le de sacs du Label Chellaoui, qui est en raphia et aux couleurs du Maroc et de l\u2019Afrique.<\/span><\/p>\n<p>Promouvoir la cr\u00e9ativit\u00e9 et le savoir-faire artisanal des jeunes filles rurales dans la province d\u2019Essaouira. C\u2019est l\u2019objectif principal d\u2019une initiative sociale et solidaire de l\u2019artiste multidisciplinaire Nadia Chellaoui et la pr\u00e9sidente de l\u2019association Moussanada (Soutien) Meriem Biche Lorente, connues toutes les deux par leur passion pour l\u2019artisanat et leur engagement en faveur des populations d\u00e9favoris\u00e9es. Elles s\u2019engagent \u00e0 travers ce partenariat \u00e0 travailler ensemble, la main dans la main, pour apporter de l\u2019aide et du soutien aux jeunes filles b\u00e9n\u00e9ficiaires, tout en les faisant profiter de leurs exp\u00e9riences dans les domaines artistique et associatif. Les deux partenaires veulent \u00e9galement gr\u00e2ce \u00e0 ce projet participer \u00e0 cet \u00e9lan de solidarit\u00e9 dont les Marocains continuent de faire preuve en vue d\u2019endiguer l\u2019\u00e9pid\u00e9mie du coronavirus. \u00abNous prenons part \u00e0 cette dynamique citoyenne qui nous rend tous fiers et nous voulons surtout valoriser la jeune fille en milieu rural en lui offrant une opportunit\u00e9 de montrer tout son talent et son \u00e9nergie\u00bb.<\/p>\n<p>Avec l\u2019implication de l\u2019association Moussanada et la participation des jeunes filles b\u00e9n\u00e9ficiaires, l\u2019usage d\u2019un produit du terroir local s\u2019inscrit dans une vision tr\u00e8s \u00e9cologique qui anime le travail de l\u2019artiste Nadia Chellaoui. \u00abIl est question de venir en aide \u00e0 ces jeunes filles qui ont de l\u2019or entre les doigts, mais aussi de mettre la lumi\u00e8re sur un produit phare du Maroc que l\u2019on peut utiliser pour diff\u00e9rentes cr\u00e9ations, dans un \u00e9lan \u00e9cologique certain\u00bb, souligne Nadia Chellaoui.<\/p>\n<p>Le choix de la province d\u2019Essaouira pour le lancement de ce projet n\u2019est pas d\u00fb au hasard. C\u2019est une r\u00e9gion tr\u00e8s ch\u00e8re aux c\u0153urs de Meriem Biche Lorente et Nadia Chellaoui. Tr\u00e8s connue de la population des diff\u00e9rentes zones de la province d\u2019Essaouira, la premi\u00e8re y est tr\u00e8s active comme militante associative et dans de nombreux projets citoyens au profit des personnes d\u00e9favoris\u00e9es. Profitant de son amour pour cette province et son engouement pour ce projet, Nadia Chellaoui a d\u00e9cid\u00e9 de lancer l\u2019une de ses nouvelles cr\u00e9ations, avec un produit du terroir souiri. \u00abLe raphia de cette belle r\u00e9gion, riche en vari\u00e9t\u00e9s de palmiers, marque l\u2019une des plus belles sp\u00e9cialit\u00e9s artisanales de la zone\u00bb, fait savoir Nadia Chellaoui.<\/p>\n<p>Encadr\u00e9es par cette artiste multidisciplinaire, les jeunes filles participent \u00e0 ces confections en broderie \u00e0 la main du nouveau mod\u00e8le de sacs du Label Chellaoui, qui est en raphia et aux couleurs du Maroc et de l\u2019Afrique.<br \/>Les jeunes filles vont broder le visage ic\u00f4ne de l\u2019artiste, aujourd\u2019hui si reconnaissable en tant que signature picturale et en tant que figure de la fashion. \u00abC\u2019est l\u00e0 une autre inclinaison du regard de la plasticienne, qui mise aujourd\u2019hui sur cette vision \u00e9cologique de l\u2019avenir\u00bb, ajoute Nadia Chellaoui.<\/p>\n<p>Auteur: Najat Fa\u00efssal<br \/>\n<a href=\"https:\/\/aujourdhui.ma\/culture\/essaouira-lart-au-chevet-des-jeunes-filles-rurales\">Cliquez ici pour lire l&rsquo;article depuis sa source.<\/a><\/p>\n","protected":false},"excerpt":{"rendered":"<p>Un projet qui leur permet de montrer l\u2019\u00e9tendue de leurs talents Les jeunes filles participent \u00e0 ces confections en broderie \u00e0 la main du nouveau mod\u00e8le de sacs du Label Chellaoui, qui est en raphia et aux couleurs du Maroc et de l\u2019Afrique. Promouvoir la cr\u00e9ativit\u00e9 et le savoir-faire artisanal des jeunes filles rurales dans [&hellip;]<\/p>\n","protected":false},"author":1759,"featured_media":85057,"comment_status":"closed","ping_status":"closed","sticky":false,"template":"","format":"standard","meta":{"fifu_image_url":"","fifu_image_alt":"","footnotes":""},"categories":[73,54],"tags":[],"class_list":["post-85056","post","type-post","status-publish","format-standard","has-post-thumbnail","hentry","category-actualite","category-maroc"],"_links":{"self":[{"href":"https:\/\/linitiative.ca\/International\/wp-json\/wp\/v2\/posts\/85056","targetHints":{"allow":["GET"]}}],"collection":[{"href":"https:\/\/linitiative.ca\/International\/wp-json\/wp\/v2\/posts"}],"about":[{"href":"https:\/\/linitiative.ca\/International\/wp-json\/wp\/v2\/types\/post"}],"author":[{"embeddable":true,"href":"https:\/\/linitiative.ca\/International\/wp-json\/wp\/v2\/users\/1759"}],"replies":[{"embeddable":true,"href":"https:\/\/linitiative.ca\/International\/wp-json\/wp\/v2\/comments?post=85056"}],"version-history":[{"count":0,"href":"https:\/\/linitiative.ca\/International\/wp-json\/wp\/v2\/posts\/85056\/revisions"}],"wp:featuredmedia":[{"embeddable":true,"href":"https:\/\/linitiative.ca\/International\/wp-json\/"}],"wp:attachment":[{"href":"https:\/\/linitiative.ca\/International\/wp-json\/wp\/v2\/media?parent=85056"}],"wp:term":[{"taxonomy":"category","embeddable":true,"href":"https:\/\/linitiative.ca\/International\/wp-json\/wp\/v2\/categories?post=85056"},{"taxonomy":"post_tag","embeddable":true,"href":"https:\/\/linitiative.ca\/International\/wp-json\/wp\/v2\/tags?post=85056"}],"curies":[{"name":"wp","href":"https:\/\/api.w.org\/{rel}","templated":true}]}}