{"id":85065,"date":"2020-05-11T11:00:00","date_gmt":"2020-05-11T15:00:00","guid":{"rendered":"https:\/\/linitiative.ca\/International\/les-moyennes-de-passage-pour-les-trois-cycles-devoilees\/"},"modified":"2020-05-11T11:00:00","modified_gmt":"2020-05-11T15:00:00","slug":"les-moyennes-de-passage-pour-les-trois-cycles-devoilees","status":"publish","type":"post","link":"https:\/\/linitiative.ca\/International\/les-moyennes-de-passage-pour-les-trois-cycles-devoilees\/","title":{"rendered":"Les moyennes de passage pour les trois cycles d\u00e9voil\u00e9es"},"content":{"rendered":"<div id=\"originalText\" readability=\"165\">\n<p>Le ministre de l\u2019Education nationale, Mohamed Ouadjaout a d\u00e9voil\u00e9 lundi les mesures relatives aux moyennes de passage d&rsquo;un niveau \u00e0 un autre pour les trois cycles d&rsquo;\u00e9ducation, lesquelles consistent en la r\u00e9duction de la moyenne d\u2019admission \u00e0 4,5\/10 pour le cycle primaire et \u00e0 9\/20 pour les cycles moyen et secondaire.<\/p>\n<p>S&rsquo;exprimant lors d&rsquo;une conf\u00e9rence de presse anim\u00e9e au si\u00e8ge de son d\u00e9partement minist\u00e9riel, en pr\u00e9sence des partenaires sociaux, M. Ouadjaout a pr\u00e9cis\u00e9 que \u00ab\u00a0partant du niveau avanc\u00e9 enregistr\u00e9 en mati\u00e8re d&rsquo;ex\u00e9cution des programmes d&rsquo;\u00e9ducation dispens\u00e9s aux \u00e9l\u00e8ves de trois cycles scolaires dont le taux a d\u00e9pass\u00e9 75% durant les deux trimestres, une s\u00e9rie de mesures ont \u00e9t\u00e9 prises en application de la d\u00e9cision du Conseil des ministres concernant l&rsquo;organisation de la fin d&rsquo;ann\u00e9e scolaire en cours et des \u00e9preuves nationales de la session 2020\u00a0\u00bb.<\/p>\n<p>Pour le cycle primaire, il s&rsquo;agit d&rsquo;un passage d&rsquo;un niveau \u00e0 un autre sur la base du calcul de la moyenne du premier et du deuxi\u00e8me trimestre, la baisse de celle d&rsquo;admission \u00e0 4,5\/10 et l\u2019annulation de l&rsquo;examen de fin du cycle primaire, a-t-il indiqu\u00e9.<\/p>\n<p>S&rsquo;agissant du cycle moyen, le ministre a ajout\u00e9 que le passage d&rsquo;un niveau \u00e0 un autre se fera sur la base de calcul de la moyenne des deux trimestres, 1 et 2, et de la r\u00e9duction de la moyenne d&rsquo;admission \u00e0 9\/20.<\/p>\n<p>e ministre a affirm\u00e9, \u00e0 ce propos, que la situation sanitaire actuelle \u00ab\u00a0ne permet pas l\u2019organisation de l\u2019examen du Brevet d\u2019enseignement moyen (BEM) \u00e0 son \u00e9ch\u00e9ance fix\u00e9e, d\u2019o\u00f9 la d\u00e9cision de son organisation durant la deuxi\u00e8me semaine du mois de septembre prochain, si les circonstances sanitaires le permettent\u00a0\u00bb.<\/p>\n<p>Plus pr\u00e9cis, le ministre a ajout\u00e9 que les \u00e9preuves seront bas\u00e9es sur ce qui a \u00e9t\u00e9 dispens\u00e9 en classes comme enseignement, lors du premier et deuxi\u00e8me trimestres de l\u2019ann\u00e9e scolaire 2019\/2020.<\/p>\n<p>Pour ce qui est du cycle de l\u2019enseignement secondaire, le passage d&rsquo;un niveau \u00e0 un autre, s\u2019effectuera sur la base du calcul de la moyenne des premier et deuxi\u00e8me trimestres et de la baisse de la moyenne d\u2019admission, \u00e0 9\/20, pour peu que les \u00e9preuves du Bac aient lieu, si les circonstances sanitaires le permettent, au d\u00e9but de la 3e semaine du mois de septembre 2020, en conformit\u00e9 \u00e0 ce qui a \u00e9t\u00e9 dispens\u00e9 comme enseignement lors du premier et deuxi\u00e8me trimestres.<\/p>\n<p>La situation sanitaire pr\u00e9valant dans le pays, rappelle encore le ministre, \u00ab\u00a0ne permet pas la tenue de l\u2019examen du Baccalaur\u00e9at \u00e0 la date fix\u00e9e\u00a0\u00bb.<\/p>\n<p>Dans ce cadre, le ministre de l\u2019Education nationale a annonc\u00e9 que les \u00e9tablissements scolaires ouvriront leurs portes \u2013 pour une dur\u00e9e admissible- si les conditions le permettent avant le d\u00e9roulement du BEM et du Baccalaur\u00e9at, pour assurer aux \u00e9l\u00e8ves une r\u00e9vision et une prise en charge psychologique de mani\u00e8re \u00e0 les pr\u00e9parer aux deux examens, rappelant que la rentr\u00e9e scolaire 2020-2021 est pr\u00e9vue d\u00e9but octobre prochain.<\/p>\n<p>\u00ab\u00a0Dans tous les cas, nous prendrons en compte les cours non enseign\u00e9s durant le troisi\u00e8me trimestre, en adoptant la rem\u00e9diation p\u00e9dagogique durant la prochaine ann\u00e9e scolaire\u00a0\u00bb, a-t-il pr\u00e9cis\u00e9, indiquant que \u00ab\u00a0l\u2019application de ces mesures dans tous les cycles d\u2019enseignement d\u00e9pendra de l\u2019am\u00e9lioration de la situation sanitaire dans le pays\u00a0\u00bb.<\/p>\n<p>Ouadjaout a rappel\u00e9 les concertations et les discussions tenues avec les partenaires sociaux (syndicats et associations des parents d\u2019\u00e9l\u00e8ves) fin avril dernier pour que la d\u00e9cision prise concernant l\u2019organisation de la fin de l\u2019ann\u00e9e scolaire courante et les examens scolaires nationaux \u00ab\u00a0soit consensuelle et approuv\u00e9e par toutes les parties\u00a0\u00bb.<\/p>\n<p>Le minist\u00e8re de l\u2019Education nationale \u00ab\u00a0a \u00e9labor\u00e9, d\u00e8s le d\u00e9but de la crise, une \u00e9bauche comportant toutes les \u00e9ventualit\u00e9s en cas de prolongation ou de lev\u00e9e du confinement pour trouver des solutions ad\u00e9quates, notamment en ce qui concerne les examens scolaires\u00a0\u00bb, a-t-il rappel\u00e9.<\/p>\n<p>\u2019objectif de ces concertations est de \u00ab\u00a0parvenir \u00e0 des solutions satisfaisantes pour les \u00e9l\u00e8ves et les parents et rassurantes pour tous les membres de la famille \u00e9ducative\u00a0\u00bb, a pr\u00e9cis\u00e9 le ministre, faisant pr\u00e9valoir \u00ab\u00a0l&rsquo;int\u00e9r\u00eat du pays et de l\u2019\u00e9l\u00e8ve ainsi que sa sant\u00e9 et celle des enseignants et de tous les personnels du secteur\u00a0\u00bb.<\/p>\n<p>Dans ce contexte, le ministre a qualifi\u00e9 les rencontres avec les partenaires sociaux de \u00ab\u00a0riches et b\u00e9n\u00e9fiques\u00a0\u00bb au vu des visions propos\u00e9es concernant les mesures \u00e0 prendre quant aux examens nationaux de fin de cycle en cette conjoncture.<\/p>\n<p>Toutes les propositions formul\u00e9es ont \u00e9t\u00e9 pr\u00e9sent\u00e9es lors du Conseil des ministres du 3 mai dernier, au cours duquel, le Pr\u00e9sident Tebboune avait donn\u00e9 des instructions pour la tenue d&rsquo;une r\u00e9union regroupant les ministres de l\u2019Education nationale, de l\u2019Enseignement sup\u00e9rieur et de la Recherche scientifique, et de la Formation et de l\u2019Enseignement professionnels dans le but de pr\u00e9senter une feuille de route conjointe prenant en consid\u00e9ration les recommandations et les points de vue des partenaires sociaux, a-t-il ajout\u00e9.<\/p>\n<p>Le Conseil des ministres avait examin\u00e9 dimanche la feuille de route conjointe \u00e9labor\u00e9e par la Commission minist\u00e9rielle tripartite, pr\u00e9sid\u00e9e par le Premier ministre et charg\u00e9e de proposer les mesures n\u00e9cessaires pour cl\u00f4turer l&rsquo;ann\u00e9e scolaire et universitaire 2019-2020.<\/p>\n<p>Le Conseil a approuv\u00e9 les mesures propos\u00e9es, \u00e0 savoir l&rsquo;annulation de l\u2019examen de fin du cycle primaire, la tenue des \u00e9preuves de l&rsquo;Examen du Brevet d\u2019enseignement moyen durant la deuxi\u00e8me semaine du mois de septembre, la tenue des \u00e9preuves de l&rsquo;Examen du Baccalaur\u00e9at durant la troisi\u00e8me semaine du mois de septembre, outre le report de la rentr\u00e9e scolaire et universitaire pour l&rsquo;ann\u00e9e 2020-2121 \u00e0 d\u00e9but octobre.<\/p>\n<p>Le passage d&rsquo;un niveau \u00e0 un autre pour les cycles primaire, moyen et secondaire s\u2019effectue sur la base du calcul de la moyenne des premier et deuxi\u00e8me trimestres, et la baisse de la moyenne d\u2019admission.<\/p>\n<\/div>\n<div id=\"text_core\" readability=\"165\">\n<p>Le ministre de l\u2019Education nationale, Mohamed Ouadjaout a d\u00e9voil\u00e9 lundi les mesures relatives aux moyennes de passage d&rsquo;un niveau \u00e0 un autre pour les trois cycles d&rsquo;\u00e9ducation, lesquelles consistent en la r\u00e9duction de la moyenne d\u2019admission \u00e0 4,5\/10 pour le cycle primaire et \u00e0 9\/20 pour les cycles moyen et secondaire.<\/p>\n<p>S&rsquo;exprimant lors d&rsquo;une conf\u00e9rence de presse anim\u00e9e au si\u00e8ge de son d\u00e9partement minist\u00e9riel, en pr\u00e9sence des partenaires sociaux, M. Ouadjaout a pr\u00e9cis\u00e9 que \u00ab\u00a0partant du niveau avanc\u00e9 enregistr\u00e9 en mati\u00e8re d&rsquo;ex\u00e9cution des programmes d&rsquo;\u00e9ducation dispens\u00e9s aux \u00e9l\u00e8ves de trois cycles scolaires dont le taux a d\u00e9pass\u00e9 75% durant les deux trimestres, une s\u00e9rie de mesures ont \u00e9t\u00e9 prises en application de la d\u00e9cision du Conseil des ministres concernant l&rsquo;organisation de la fin d&rsquo;ann\u00e9e scolaire en cours et des \u00e9preuves nationales de la session 2020\u00a0\u00bb.<\/p>\n<p>Pour le cycle primaire, il s&rsquo;agit d&rsquo;un passage d&rsquo;un niveau \u00e0 un autre sur la base du calcul de la moyenne du premier et du deuxi\u00e8me trimestre, la baisse de celle d&rsquo;admission \u00e0 4,5\/10 et l\u2019annulation de l&rsquo;examen de fin du cycle primaire, a-t-il indiqu\u00e9.<\/p>\n<p>S&rsquo;agissant du cycle moyen, le ministre a ajout\u00e9 que le passage d&rsquo;un niveau \u00e0 un autre se fera sur la base de calcul de la moyenne des deux trimestres, 1 et 2, et de la r\u00e9duction de la moyenne d&rsquo;admission \u00e0 9\/20.<\/p>\n<p>e ministre a affirm\u00e9, \u00e0 ce propos, que la situation sanitaire actuelle \u00ab\u00a0ne permet pas l\u2019organisation de l\u2019examen du Brevet d\u2019enseignement moyen (BEM) \u00e0 son \u00e9ch\u00e9ance fix\u00e9e, d\u2019o\u00f9 la d\u00e9cision de son organisation durant la deuxi\u00e8me semaine du mois de septembre prochain, si les circonstances sanitaires le permettent\u00a0\u00bb.<\/p>\n<p>Plus pr\u00e9cis, le ministre a ajout\u00e9 que les \u00e9preuves seront bas\u00e9es sur ce qui a \u00e9t\u00e9 dispens\u00e9 en classes comme enseignement, lors du premier et deuxi\u00e8me trimestres de l\u2019ann\u00e9e scolaire 2019\/2020.<\/p>\n<p>Pour ce qui est du cycle de l\u2019enseignement secondaire, le passage d&rsquo;un niveau \u00e0 un autre, s\u2019effectuera sur la base du calcul de la moyenne des premier et deuxi\u00e8me trimestres et de la baisse de la moyenne d\u2019admission, \u00e0 9\/20, pour peu que les \u00e9preuves du Bac aient lieu, si les circonstances sanitaires le permettent, au d\u00e9but de la 3e semaine du mois de septembre 2020, en conformit\u00e9 \u00e0 ce qui a \u00e9t\u00e9 dispens\u00e9 comme enseignement lors du premier et deuxi\u00e8me trimestres.<\/p>\n<p>La situation sanitaire pr\u00e9valant dans le pays, rappelle encore le ministre, \u00ab\u00a0ne permet pas la tenue de l\u2019examen du Baccalaur\u00e9at \u00e0 la date fix\u00e9e\u00a0\u00bb.<\/p>\n<p>Dans ce cadre, le ministre de l\u2019Education nationale a annonc\u00e9 que les \u00e9tablissements scolaires ouvriront leurs portes \u2013 pour une dur\u00e9e admissible- si les conditions le permettent avant le d\u00e9roulement du BEM et du Baccalaur\u00e9at, pour assurer aux \u00e9l\u00e8ves une r\u00e9vision et une prise en charge psychologique de mani\u00e8re \u00e0 les pr\u00e9parer aux deux examens, rappelant que la rentr\u00e9e scolaire 2020-2021 est pr\u00e9vue d\u00e9but octobre prochain.<\/p>\n<p>\u00ab\u00a0Dans tous les cas, nous prendrons en compte les cours non enseign\u00e9s durant le troisi\u00e8me trimestre, en adoptant la rem\u00e9diation p\u00e9dagogique durant la prochaine ann\u00e9e scolaire\u00a0\u00bb, a-t-il pr\u00e9cis\u00e9, indiquant que \u00ab\u00a0l\u2019application de ces mesures dans tous les cycles d\u2019enseignement d\u00e9pendra de l\u2019am\u00e9lioration de la situation sanitaire dans le pays\u00a0\u00bb.<\/p>\n<p>Ouadjaout a rappel\u00e9 les concertations et les discussions tenues avec les partenaires sociaux (syndicats et associations des parents d\u2019\u00e9l\u00e8ves) fin avril dernier pour que la d\u00e9cision prise concernant l\u2019organisation de la fin de l\u2019ann\u00e9e scolaire courante et les examens scolaires nationaux \u00ab\u00a0soit consensuelle et approuv\u00e9e par toutes les parties\u00a0\u00bb.<\/p>\n<p>Le minist\u00e8re de l\u2019Education nationale \u00ab\u00a0a \u00e9labor\u00e9, d\u00e8s le d\u00e9but de la crise, une \u00e9bauche comportant toutes les \u00e9ventualit\u00e9s en cas de prolongation ou de lev\u00e9e du confinement pour trouver des solutions ad\u00e9quates, notamment en ce qui concerne les examens scolaires\u00a0\u00bb, a-t-il rappel\u00e9.<\/p>\n<p>\u2019objectif de ces concertations est de \u00ab\u00a0parvenir \u00e0 des solutions satisfaisantes pour les \u00e9l\u00e8ves et les parents et rassurantes pour tous les membres de la famille \u00e9ducative\u00a0\u00bb, a pr\u00e9cis\u00e9 le ministre, faisant pr\u00e9valoir \u00ab\u00a0l&rsquo;int\u00e9r\u00eat du pays et de l\u2019\u00e9l\u00e8ve ainsi que sa sant\u00e9 et celle des enseignants et de tous les personnels du secteur\u00a0\u00bb.<\/p>\n<p>Dans ce contexte, le ministre a qualifi\u00e9 les rencontres avec les partenaires sociaux de \u00ab\u00a0riches et b\u00e9n\u00e9fiques\u00a0\u00bb au vu des visions propos\u00e9es concernant les mesures \u00e0 prendre quant aux examens nationaux de fin de cycle en cette conjoncture.<\/p>\n<p>Toutes les propositions formul\u00e9es ont \u00e9t\u00e9 pr\u00e9sent\u00e9es lors du Conseil des ministres du 3 mai dernier, au cours duquel, le Pr\u00e9sident Tebboune avait donn\u00e9 des instructions pour la tenue d&rsquo;une r\u00e9union regroupant les ministres de l\u2019Education nationale, de l\u2019Enseignement sup\u00e9rieur et de la Recherche scientifique, et de la Formation et de l\u2019Enseignement professionnels dans le but de pr\u00e9senter une feuille de route conjointe prenant en consid\u00e9ration les recommandations et les points de vue des partenaires sociaux, a-t-il ajout\u00e9.<\/p>\n<p>Le Conseil des ministres avait examin\u00e9 dimanche la feuille de route conjointe \u00e9labor\u00e9e par la Commission minist\u00e9rielle tripartite, pr\u00e9sid\u00e9e par le Premier ministre et charg\u00e9e de proposer les mesures n\u00e9cessaires pour cl\u00f4turer l&rsquo;ann\u00e9e scolaire et universitaire 2019-2020.<\/p>\n<p>Le Conseil a approuv\u00e9 les mesures propos\u00e9es, \u00e0 savoir l&rsquo;annulation de l\u2019examen de fin du cycle primaire, la tenue des \u00e9preuves de l&rsquo;Examen du Brevet d\u2019enseignement moyen durant la deuxi\u00e8me semaine du mois de septembre, la tenue des \u00e9preuves de l&rsquo;Examen du Baccalaur\u00e9at durant la troisi\u00e8me semaine du mois de septembre, outre le report de la rentr\u00e9e scolaire et universitaire pour l&rsquo;ann\u00e9e 2020-2121 \u00e0 d\u00e9but octobre.<\/p>\n<p>Le passage d&rsquo;un niveau \u00e0 un autre pour les cycles primaire, moyen et secondaire s\u2019effectue sur la base du calcul de la moyenne des premier et deuxi\u00e8me trimestres, et la baisse de la moyenne d\u2019admission.<\/p>\n<\/div>\n<p>Auteur:<br \/>\n<a href=\"https:\/\/www.liberte-algerie.com\/actualite\/les-moyennes-de-passage-pour-les-trois-cycles-devoilees-338522\">Cliquez ici pour lire l&rsquo;article depuis sa source.<\/a><\/p>\n","protected":false},"excerpt":{"rendered":"<p>Le ministre de l\u2019Education nationale, Mohamed Ouadjaout a d\u00e9voil\u00e9 lundi les mesures relatives aux moyennes de passage d&rsquo;un niveau \u00e0 un autre pour les trois cycles d&rsquo;\u00e9ducation, lesquelles consistent en la r\u00e9duction de la moyenne d\u2019admission \u00e0 4,5\/10 pour le cycle primaire et \u00e0 9\/20 pour les cycles moyen et secondaire. S&rsquo;exprimant lors d&rsquo;une conf\u00e9rence [&hellip;]<\/p>\n","protected":false},"author":1742,"featured_media":0,"comment_status":"closed","ping_status":"closed","sticky":false,"template":"","format":"standard","meta":{"fifu_image_url":"","fifu_image_alt":"","footnotes":""},"categories":[73,53],"tags":[],"class_list":["post-85065","post","type-post","status-publish","format-standard","hentry","category-actualite","category-algerie"],"_links":{"self":[{"href":"https:\/\/linitiative.ca\/International\/wp-json\/wp\/v2\/posts\/85065","targetHints":{"allow":["GET"]}}],"collection":[{"href":"https:\/\/linitiative.ca\/International\/wp-json\/wp\/v2\/posts"}],"about":[{"href":"https:\/\/linitiative.ca\/International\/wp-json\/wp\/v2\/types\/post"}],"author":[{"embeddable":true,"href":"https:\/\/linitiative.ca\/International\/wp-json\/wp\/v2\/users\/1742"}],"replies":[{"embeddable":true,"href":"https:\/\/linitiative.ca\/International\/wp-json\/wp\/v2\/comments?post=85065"}],"version-history":[{"count":0,"href":"https:\/\/linitiative.ca\/International\/wp-json\/wp\/v2\/posts\/85065\/revisions"}],"wp:attachment":[{"href":"https:\/\/linitiative.ca\/International\/wp-json\/wp\/v2\/media?parent=85065"}],"wp:term":[{"taxonomy":"category","embeddable":true,"href":"https:\/\/linitiative.ca\/International\/wp-json\/wp\/v2\/categories?post=85065"},{"taxonomy":"post_tag","embeddable":true,"href":"https:\/\/linitiative.ca\/International\/wp-json\/wp\/v2\/tags?post=85065"}],"curies":[{"name":"wp","href":"https:\/\/api.w.org\/{rel}","templated":true}]}}