{"id":85070,"date":"2020-05-11T09:49:57","date_gmt":"2020-05-11T13:49:57","guid":{"rendered":"https:\/\/linitiative.ca\/International\/covid-19-42-nouvelles-remissions-808-au-total-drs\/"},"modified":"2020-05-11T09:49:57","modified_gmt":"2020-05-11T13:49:57","slug":"covid-19-42-nouvelles-remissions-808-au-total-drs","status":"publish","type":"post","link":"https:\/\/linitiative.ca\/International\/covid-19-42-nouvelles-remissions-808-au-total-drs\/","title":{"rendered":"Covid-19: 42 nouvelles r\u00e9missions, 808 au total (DRS)"},"content":{"rendered":"<div readability=\"36\">\n<p>Marrakech \u2013 Quarante-deux (42) nouvelles r\u00e9missions du nouveau coronavirus (Covid-19) ont \u00e9t\u00e9 enregistr\u00e9es au niveau de la r\u00e9gion Marrakech-Safi, jusqu\u2019\u00e0 lundi \u00e0 10H00, portant \u00e0 808 le nombre total des personnes d\u00e9clar\u00e9es totalement gu\u00e9ries.<\/p>\n<\/div>\n<div readability=\"74\">\n<p>Selon le nouveau bilan \u00e9tabli par la Direction R\u00e9gionale de la Sant\u00e9 (DRS), ces cas gu\u00e9ris sont r\u00e9partis entre la pr\u00e9fecture de Marrakech (547) et les provinces de Rehamna (205), d\u2019Al-Haouz (31), de Chichaoua (19), d\u2019El Kel\u00e2a des Sraghna (04), d\u2019Essaouira (01) et Safi (01), notant que le taux de gu\u00e9rison a atteint 67%.<\/p>\n<p>S\u2019agissant du nombre des nouveaux cas confirm\u00e9s \u00e0 l\u2019\u00e9chelle de la r\u00e9gion Marrakech-Safi lundi jusqu\u2019\u00e0 10H00, il s\u2019est \u00e9lev\u00e9 \u00e0 14, portant \u00e0 1.204 le nombre total des infections signal\u00e9es dans la r\u00e9gion depuis l\u2019apparition de la pand\u00e9mie, dont 346 patients sous traitement.<\/p>\n<p>Ces cas hospitalis\u00e9s sont r\u00e9partis entre la pr\u00e9fecture de Marrakech (297) et les provinces de Rehamna (25), d\u2019Al Haouz (15), de Chichaoua (4), d\u2019Essaouira (3), d\u2019El Kel\u00e2a des Sraghna (1, transf\u00e9r\u00e9 de Rehamna) et enfin la province de Safi (1).<\/p>\n<p>Concernant le nombre des cas exclus apr\u00e8s des r\u00e9sultats n\u00e9gatifs d\u2019analyses effectu\u00e9es au laboratoire, il a atteint 6.162, alors que celui des d\u00e9c\u00e8s s\u2019\u00e9tablit \u00e0 50, pr\u00e9cise la DRS.<\/p>\n<p>Au niveau national, 163 nouveaux cas d\u2019infection au nouveau coronavirus ont \u00e9t\u00e9 confirm\u00e9s jusqu\u2019\u00e0 lundi \u00e0 10h00, portant \u00e0 6.226 le nombre total des cas de contamination, annonce le minist\u00e8re de la Sant\u00e9.<\/p>\n<p>Le nombre de cas gu\u00e9ris s\u2019\u00e9l\u00e8ve \u00e0 2.759 avec 205 nouvelles gu\u00e9risons, alors que le nombre de d\u00e9c\u00e8s stagne \u00e0 188 cas.<\/p>\n<\/div>\n<p>Auteur: Meriem IGASS<br \/>\n<a href=\"http:\/\/www.mapmarrakech.ma\/fr\/covid-19-42-nouvelles-remissions-808-au-total-drs\/\">Cliquez ici pour lire l&rsquo;article depuis sa source.<\/a><\/p>\n","protected":false},"excerpt":{"rendered":"<p>Marrakech \u2013 Quarante-deux (42) nouvelles r\u00e9missions du nouveau coronavirus (Covid-19) ont \u00e9t\u00e9 enregistr\u00e9es au niveau de la r\u00e9gion Marrakech-Safi, jusqu\u2019\u00e0 lundi \u00e0 10H00, portant \u00e0 808 le nombre total des personnes d\u00e9clar\u00e9es totalement gu\u00e9ries. Selon le nouveau bilan \u00e9tabli par la Direction R\u00e9gionale de la Sant\u00e9 (DRS), ces cas gu\u00e9ris sont r\u00e9partis entre la pr\u00e9fecture [&hellip;]<\/p>\n","protected":false},"author":1788,"featured_media":0,"comment_status":"closed","ping_status":"closed","sticky":false,"template":"","format":"standard","meta":{"fifu_image_url":"","fifu_image_alt":"","footnotes":""},"categories":[54,76],"tags":[],"class_list":["post-85070","post","type-post","status-publish","format-standard","hentry","category-maroc","category-regions"],"_links":{"self":[{"href":"https:\/\/linitiative.ca\/International\/wp-json\/wp\/v2\/posts\/85070","targetHints":{"allow":["GET"]}}],"collection":[{"href":"https:\/\/linitiative.ca\/International\/wp-json\/wp\/v2\/posts"}],"about":[{"href":"https:\/\/linitiative.ca\/International\/wp-json\/wp\/v2\/types\/post"}],"author":[{"embeddable":true,"href":"https:\/\/linitiative.ca\/International\/wp-json\/wp\/v2\/users\/1788"}],"replies":[{"embeddable":true,"href":"https:\/\/linitiative.ca\/International\/wp-json\/wp\/v2\/comments?post=85070"}],"version-history":[{"count":0,"href":"https:\/\/linitiative.ca\/International\/wp-json\/wp\/v2\/posts\/85070\/revisions"}],"wp:attachment":[{"href":"https:\/\/linitiative.ca\/International\/wp-json\/wp\/v2\/media?parent=85070"}],"wp:term":[{"taxonomy":"category","embeddable":true,"href":"https:\/\/linitiative.ca\/International\/wp-json\/wp\/v2\/categories?post=85070"},{"taxonomy":"post_tag","embeddable":true,"href":"https:\/\/linitiative.ca\/International\/wp-json\/wp\/v2\/tags?post=85070"}],"curies":[{"name":"wp","href":"https:\/\/api.w.org\/{rel}","templated":true}]}}