{"id":85073,"date":"2020-05-11T10:53:32","date_gmt":"2020-05-11T14:53:32","guid":{"rendered":"https:\/\/linitiative.ca\/International\/covid-19-156-cas-exclus-apres-des-tests-negatifs-dps\/"},"modified":"2020-05-11T10:53:32","modified_gmt":"2020-05-11T14:53:32","slug":"covid-19-156-cas-exclus-apres-des-tests-negatifs-dps","status":"publish","type":"post","link":"https:\/\/linitiative.ca\/International\/covid-19-156-cas-exclus-apres-des-tests-negatifs-dps\/","title":{"rendered":"Covid-19: 156 cas exclus apr\u00e8s des tests n\u00e9gatifs (DPS)"},"content":{"rendered":"<div class=\"single-featured\"><img alt=\"\" data-src=\"http:\/\/www.mapmarrakech.ma\/map\/uploads\/2020\/05\/bilan-essaouira-copier-2.jpg\"\/><\/div>\n<div class=\"single-post-excerpt post-excerpt-bc\" readability=\"34\">\n<p>Essaouira \u2013 Le nombre de cas exclus apr\u00e8s des r\u00e9sultats n\u00e9gatifs des analyses effectu\u00e9es au laboratoire pour d\u00e9tecter une \u00e9ventuelle contamination au nouveau coronavirus (Covid-19) au niveau de la province d\u2019Essaouira s\u2019\u00e9l\u00e8ve \u00e0 156 jusqu\u2019\u00e0 lundi \u00e0 10H00.<\/p>\n<\/div>\n<div class=\"entry-content clearfix single-post-content\" readability=\"56\">\n<p>Un nouveau bilan de la Direction Provinciale de la Sant\u00e9 (DPS) fait ressortir que les cas exclus sont r\u00e9partis entre la ville d\u2019Essaouira (129) et les communes d\u2019Ounagha (11) et de Sidi Abdeljalil (10) ainsi que celles de Sidi Ishaq, Sidi M\u2019Hamed Ou Marzouq, Mzilate, Meskala, Aglif et de Tamanar avec un seul cas chacune.<\/p>\n<p>Et la m\u00eame source de pr\u00e9ciser que 35 autres cas sont en attente des r\u00e9sultats des analyses au laboratoire.<\/p>\n<p>Par ailleurs, trois patients atteints du Covid-19 sont sous traitement au niveau de la province d\u2019Essaouira, indique la DPS, ajoutant que le nombre total des cas signal\u00e9s depuis le d\u00e9clenchement de la pand\u00e9mie s\u2019\u00e9tablit \u00e0 05 contaminations.<\/p>\n<p>Ces cinq cas sont r\u00e9partis entre la ville d\u2019Essaouira (4, dont une gu\u00e9rison, un d\u00e9c\u00e8s et deux sous traitement) et la commune d\u2019Ounagha (1 seul cas sous traitement), rel\u00e8ve la Direction Provinciale de la Sant\u00e9.<\/p>\n<\/div>\n<p>Auteur: Meriem IGASS<br \/>\n<a href=\"http:\/\/www.mapmarrakech.ma\/fr\/covid-19-156-cas-exclus-apres-des-tests-negatifs-dps\/\">Cliquez ici pour lire l&rsquo;article depuis sa source.<\/a><\/p>\n","protected":false},"excerpt":{"rendered":"<p>Essaouira \u2013 Le nombre de cas exclus apr\u00e8s des r\u00e9sultats n\u00e9gatifs des analyses effectu\u00e9es au laboratoire pour d\u00e9tecter une \u00e9ventuelle contamination au nouveau coronavirus (Covid-19) au niveau de la province d\u2019Essaouira s\u2019\u00e9l\u00e8ve \u00e0 156 jusqu\u2019\u00e0 lundi \u00e0 10H00. Un nouveau bilan de la Direction Provinciale de la Sant\u00e9 (DPS) fait ressortir que les cas exclus [&hellip;]<\/p>\n","protected":false},"author":1788,"featured_media":85074,"comment_status":"closed","ping_status":"closed","sticky":false,"template":"","format":"standard","meta":{"fifu_image_url":"","fifu_image_alt":"","footnotes":""},"categories":[54,76],"tags":[],"class_list":["post-85073","post","type-post","status-publish","format-standard","has-post-thumbnail","hentry","category-maroc","category-regions"],"_links":{"self":[{"href":"https:\/\/linitiative.ca\/International\/wp-json\/wp\/v2\/posts\/85073","targetHints":{"allow":["GET"]}}],"collection":[{"href":"https:\/\/linitiative.ca\/International\/wp-json\/wp\/v2\/posts"}],"about":[{"href":"https:\/\/linitiative.ca\/International\/wp-json\/wp\/v2\/types\/post"}],"author":[{"embeddable":true,"href":"https:\/\/linitiative.ca\/International\/wp-json\/wp\/v2\/users\/1788"}],"replies":[{"embeddable":true,"href":"https:\/\/linitiative.ca\/International\/wp-json\/wp\/v2\/comments?post=85073"}],"version-history":[{"count":0,"href":"https:\/\/linitiative.ca\/International\/wp-json\/wp\/v2\/posts\/85073\/revisions"}],"wp:featuredmedia":[{"embeddable":true,"href":"https:\/\/linitiative.ca\/International\/wp-json\/"}],"wp:attachment":[{"href":"https:\/\/linitiative.ca\/International\/wp-json\/wp\/v2\/media?parent=85073"}],"wp:term":[{"taxonomy":"category","embeddable":true,"href":"https:\/\/linitiative.ca\/International\/wp-json\/wp\/v2\/categories?post=85073"},{"taxonomy":"post_tag","embeddable":true,"href":"https:\/\/linitiative.ca\/International\/wp-json\/wp\/v2\/tags?post=85073"}],"curies":[{"name":"wp","href":"https:\/\/api.w.org\/{rel}","templated":true}]}}