{"id":85075,"date":"2020-05-11T13:01:16","date_gmt":"2020-05-11T17:01:16","guid":{"rendered":"https:\/\/linitiative.ca\/International\/covid-19-24-nouvelles-remissions-au-chu-mohammed-vi-296-au-total\/"},"modified":"2020-05-11T13:01:16","modified_gmt":"2020-05-11T17:01:16","slug":"covid-19-24-nouvelles-remissions-au-chu-mohammed-vi-296-au-total","status":"publish","type":"post","link":"https:\/\/linitiative.ca\/International\/covid-19-24-nouvelles-remissions-au-chu-mohammed-vi-296-au-total\/","title":{"rendered":"Covid-19 : 24 nouvelles r\u00e9missions au CHU Mohammed VI, 296 au total"},"content":{"rendered":"<div readability=\"35\">\n<p>Marrakech \u2013 Vingt-quatre patients compl\u00e8tement gu\u00e9ris du nouveau coronavirus (Covid-19) ont quitt\u00e9, lundi, le Centre Hospitalier Universitaire (CHU) Mohammed VI de Marrakech.<\/p>\n<\/div>\n<div readability=\"83\">\n<p>Il s\u2019agit de 14 femmes et 10 hommes, dont trois enfants, d\u00e9finitivement gu\u00e9ris apr\u00e8s que les tests m\u00e9dicaux et cliniques effectu\u00e9s se sont r\u00e9v\u00e9l\u00e9s n\u00e9gatifs.<\/p>\n<p>Ainsi, ces nouvelles r\u00e9missions portent \u00e0 296 le nombre total des patients ayant quitt\u00e9 cet \u00e9tablissement hospitalier apr\u00e8s la confirmation de leur gu\u00e9rison totale.<\/p>\n<p>Dans une d\u00e9claration \u00e0 la MAP, le coordinateur g\u00e9n\u00e9ral du Covid-19 au CHU Mohammed VI, Dr. Takoui Abdelmajid, a indiqu\u00e9 que la dur\u00e9e d\u2019hospitalisation des cas gu\u00e9ris se situait entre 08 et 30 jours, notant que l\u2019\u00e2ge des patients adultes \u00e9tait entre 20 et 77 ans, alors que celui des enfants entre 01 et 06 ans.<\/p>\n<p>La majorit\u00e9 des cas gu\u00e9ris ne souffraient d\u2019aucune complication ou de maladie chronique, a-t-il relev\u00e9, ajoutant que ces personnes ont b\u00e9n\u00e9fici\u00e9 d\u2019une surveillance m\u00e9dicale 24h\/24 et 7j\/7 par le corps m\u00e9dical et infirmier.<\/p>\n<p>Selon M. Takoui, la baisse de la moyenne d\u2019hospitalisation s\u2019explique par la disponibilit\u00e9 des tests n\u00e9cessaires au laboratoire de microbiologie relevant du CHU Mohammed VI de Marrakech, ainsi que par la rapidit\u00e9 et l\u2019efficacit\u00e9 de la prise en charge m\u00e9dicale.<\/p>\n<p>Concernant le nombre des cas confirm\u00e9s d\u2019infection au Covid-19, toujours sous traitement et pris en charge par le CHU Mohammed VI, il s\u2019\u00e9l\u00e8ve \u00e0 127, a-t-il fait savoir.<\/p>\n<p>Parmi ces patients test\u00e9s positifs, 7 cas sont plac\u00e9s en r\u00e9animation, dont trois sont intub\u00e9s, a-t-il soulign\u00e9, ajoutant que la capacit\u00e9 liti\u00e8re de ce service est estim\u00e9e \u00e0 30 lits.<\/p>\n<p>A cette occasion,\u00a0il n\u2019a pas manqu\u00e9 de saluer l\u2019engagement total des cadres m\u00e9dicaux, para-m\u00e9dicaux, techniques et administratifs qui sont mobilis\u00e9s, jour comme de nuit, pour prendre en charge les patients atteints du coronavirus.<\/p>\n<\/div>\n<p>Auteur: Meriem IGASS<br \/>\n<a href=\"http:\/\/www.mapmarrakech.ma\/fr\/covid-19-24-nouvelles-remissions-au-chu-mohammed-vi-296-au-total\/\">Cliquez ici pour lire l&rsquo;article depuis sa source.<\/a><\/p>\n","protected":false},"excerpt":{"rendered":"<p>Marrakech \u2013 Vingt-quatre patients compl\u00e8tement gu\u00e9ris du nouveau coronavirus (Covid-19) ont quitt\u00e9, lundi, le Centre Hospitalier Universitaire (CHU) Mohammed VI de Marrakech. Il s\u2019agit de 14 femmes et 10 hommes, dont trois enfants, d\u00e9finitivement gu\u00e9ris apr\u00e8s que les tests m\u00e9dicaux et cliniques effectu\u00e9s se sont r\u00e9v\u00e9l\u00e9s n\u00e9gatifs. Ainsi, ces nouvelles r\u00e9missions portent \u00e0 296 le [&hellip;]<\/p>\n","protected":false},"author":1788,"featured_media":0,"comment_status":"closed","ping_status":"closed","sticky":false,"template":"","format":"standard","meta":{"fifu_image_url":"","fifu_image_alt":"","footnotes":""},"categories":[54,76],"tags":[],"class_list":["post-85075","post","type-post","status-publish","format-standard","hentry","category-maroc","category-regions"],"_links":{"self":[{"href":"https:\/\/linitiative.ca\/International\/wp-json\/wp\/v2\/posts\/85075","targetHints":{"allow":["GET"]}}],"collection":[{"href":"https:\/\/linitiative.ca\/International\/wp-json\/wp\/v2\/posts"}],"about":[{"href":"https:\/\/linitiative.ca\/International\/wp-json\/wp\/v2\/types\/post"}],"author":[{"embeddable":true,"href":"https:\/\/linitiative.ca\/International\/wp-json\/wp\/v2\/users\/1788"}],"replies":[{"embeddable":true,"href":"https:\/\/linitiative.ca\/International\/wp-json\/wp\/v2\/comments?post=85075"}],"version-history":[{"count":0,"href":"https:\/\/linitiative.ca\/International\/wp-json\/wp\/v2\/posts\/85075\/revisions"}],"wp:attachment":[{"href":"https:\/\/linitiative.ca\/International\/wp-json\/wp\/v2\/media?parent=85075"}],"wp:term":[{"taxonomy":"category","embeddable":true,"href":"https:\/\/linitiative.ca\/International\/wp-json\/wp\/v2\/categories?post=85075"},{"taxonomy":"post_tag","embeddable":true,"href":"https:\/\/linitiative.ca\/International\/wp-json\/wp\/v2\/tags?post=85075"}],"curies":[{"name":"wp","href":"https:\/\/api.w.org\/{rel}","templated":true}]}}