{"id":85076,"date":"2020-05-11T08:04:10","date_gmt":"2020-05-11T12:04:10","guid":{"rendered":"https:\/\/linitiative.ca\/International\/ghardaia-intensification-de-la-culture-de-la-pasteque\/"},"modified":"2020-05-11T08:04:10","modified_gmt":"2020-05-11T12:04:10","slug":"ghardaia-intensification-de-la-culture-de-la-pasteque","status":"publish","type":"post","link":"https:\/\/linitiative.ca\/International\/ghardaia-intensification-de-la-culture-de-la-pasteque\/","title":{"rendered":"Gharda\u00efa : intensification de la culture de la past\u00e8que  \u00a0"},"content":{"rendered":"<div readability=\"37\">\n<p><strong>GHARDAIA &#8211; La culture de la past\u00e8que ou \u00a0\u00bbmelon d&rsquo;eau\u00a0\u00bb pr\u00e9coce, de la famille des cucurbitac\u00e9es, s&rsquo;est intensifi\u00e9e ces derni\u00e8res ann\u00e9es dans la wilaya de Ghardaia, \u00e0 consid\u00e9rer les superficies consacr\u00e9es\u00a0\u00e0 ce fruit dans sa r\u00e9gion sud.<\/strong><\/p>\n<\/div>\n<div readability=\"115\">\n<p>\u00a0Devenue une culture de rente et cultiv\u00e9e principalement pour le march\u00e9 local et national dans les localit\u00e9s de Hassi-Lefhal, Mansourah et El-Menea, au fort potentiel hydrique min\u00e9ralis\u00e9, cette past\u00e8que de gros calibre sucr\u00e9e et juteuse se caract\u00e9rise par sa pr\u00e9cocit\u00e9 et son go\u00fbt gustatif tr\u00e8s appr\u00e9ci\u00e9 par les consommateurs.<\/p>\n<p>\u00a0Pas moins de 1.510 hectares (1.350 ha pour la past\u00e8que et 160 ha pour le melon) ont \u00e9t\u00e9 consacr\u00e9s \u00e0 la culture de la past\u00e8que au titre de l&rsquo;ann\u00e9e en cours, contre 1.300 ha l&rsquo;ann\u00e9e \u00e9coul\u00e9e, alors que le rendement \u00e0 l&rsquo;hectare se situe autour de 60 tonnes, indique un bilan des services agricoles de la wilaya.<\/p>\n<p>\u00a0Rafra\u00eechissante, la past\u00e8que est devenue la reine de la table chez les Ghardaouis en cette p\u00e9riode de chaleur dans la r\u00e9gion, qui co\u00efncide cette ann\u00e9e avec le mois sacr\u00e9 du Ramadhan, ainsi que chez les citoyens d&rsquo;autres r\u00e9gions du pays.<\/p>\n<p>La culture de ce fruit d&rsquo;\u00e9t\u00e9 attire de nombreux planteurs qui voient dans cet investissement une source financi\u00e8re importante, au vu des revenus assez substantiels qu&rsquo;elle g\u00e9n\u00e8re.<\/p>\n<p>\u00a0\u00a0\u00bbLa past\u00e8que est per\u00e7ue comme une fili\u00e8re porteuse, et l&rsquo;on constate de plus en plus d&rsquo;agriculteurs qui investissent dans cette culture, certains venant d&rsquo;autres r\u00e9gions du pays, telles que Ouargla, Mascara,<\/p>\n<p>Bouira, Tiaret et Ain-Defla\u00a0\u00bb, a fait savoir l&rsquo;ing\u00e9nieur en chef \u00e0 la direction des Services agricoles (DSA), Khaled Djebrit.<\/p>\n<p>La culture de la past\u00e8que \u00e0 Gharda\u00efa remonte \u00e0 2010 ou pas plus de 100 hectares lui avaient \u00e9t\u00e9 consacr\u00e9s, a expliqu\u00e9 M. Djebrit, pr\u00e9cisant que la progression de cette culture a \u00e9t\u00e9 favoris\u00e9e par les caract\u00e9ristiques climatiques de la r\u00e9gion.<\/p>\n<p>\u00a0Le d\u00e9veloppement de ce fruit dans les zones sud de Gharda\u00efa est aussi \u00e9troitement li\u00e9 \u00e0 la pr\u00e9sence d&rsquo;une importante ressource hydrique souterraine, mobilis\u00e9e par les puits de surface et les forages, ainsi que par un sol chaud assez riche en min\u00e9raux, a-t-on soulign\u00e9 \u00e0 la DSA.<\/p>\n<p><span class=\"c30\"><strong>\u00a0Impulsion d&rsquo;une dynamique \u00e9conomique dans la r\u00e9gion<\/strong><\/span><\/p>\n<p>\u00a0La culture de la past\u00e8que a impuls\u00e9 une dynamique \u00e9conomique et sociale dans les localit\u00e9s du sud de la wilaya de Gharda\u00efa et a g\u00e9n\u00e9r\u00e9 de l&#8217;emploi pour de nombreux jeunes.<\/p>\n<p>A titre d&rsquo;illustration, des marchands ambulants ont pris d&rsquo;assaut les rues des diff\u00e9rentes localit\u00e9s de Gharda\u00efa, aucun quartier n&rsquo;est \u00e9pargn\u00e9.<\/p>\n<p>\u00a0Ils essaiment\u00a0 depuis l&rsquo;apparition de ce fruit, par centaines \u00e0 travers les principaux axes de la ville devenus des lieux d&rsquo;animation ou la past\u00e8que est c\u00e9d\u00e9 entre 60 DA et 80 DA le kilogramme.<\/p>\n<p>La past\u00e8que du sud de Gharda\u00efa, notamment celle de Hassi Lefhal, a acquis une r\u00e9putation nationale, comme en t\u00e9moigne les nombreux camions immatricul\u00e9s dans diff\u00e9rentes wilayas du pays venus pour s&rsquo;approvisionner en past\u00e8ques.<\/p>\n<p>\u00a0La modernisation et le d\u00e9doublement du r\u00e9seau routier notamment la RN-1 favorisent le d\u00e9placement de ces camions pour le transport de ce fruit bien pris\u00e9 par les consommateurs.<\/p>\n<p>\u00a0Une production totale de plus de 379.100 quintaux (337.500 QX de past\u00e8ques et 41.600 QX de melon) est attendue cette ann\u00e9e dans les diff\u00e9rentes zones agricoles de la wilaya de Gharda\u00efa, selon les pr\u00e9visions de la DSA.<\/p>\n<\/div>\n<p>Auteur:<br \/>\n<a href=\"http:\/\/www.aps.dz\/regions\/104922-ghardaia-intensification-de-la-culture-de-la-pasteque\">Cliquez ici pour lire l&rsquo;article depuis sa source.<\/a><\/p>\n","protected":false},"excerpt":{"rendered":"<p>GHARDAIA &#8211; La culture de la past\u00e8que ou \u00a0\u00bbmelon d&rsquo;eau\u00a0\u00bb pr\u00e9coce, de la famille des cucurbitac\u00e9es, s&rsquo;est intensifi\u00e9e ces derni\u00e8res ann\u00e9es dans la wilaya de Ghardaia, \u00e0 consid\u00e9rer les superficies consacr\u00e9es\u00a0\u00e0 ce fruit dans sa r\u00e9gion sud. \u00a0Devenue une culture de rente et cultiv\u00e9e principalement pour le march\u00e9 local et national dans les localit\u00e9s de [&hellip;]<\/p>\n","protected":false},"author":1790,"featured_media":0,"comment_status":"closed","ping_status":"closed","sticky":false,"template":"","format":"standard","meta":{"fifu_image_url":"","fifu_image_alt":"","footnotes":""},"categories":[53,76],"tags":[],"class_list":["post-85076","post","type-post","status-publish","format-standard","hentry","category-algerie","category-regions"],"_links":{"self":[{"href":"https:\/\/linitiative.ca\/International\/wp-json\/wp\/v2\/posts\/85076","targetHints":{"allow":["GET"]}}],"collection":[{"href":"https:\/\/linitiative.ca\/International\/wp-json\/wp\/v2\/posts"}],"about":[{"href":"https:\/\/linitiative.ca\/International\/wp-json\/wp\/v2\/types\/post"}],"author":[{"embeddable":true,"href":"https:\/\/linitiative.ca\/International\/wp-json\/wp\/v2\/users\/1790"}],"replies":[{"embeddable":true,"href":"https:\/\/linitiative.ca\/International\/wp-json\/wp\/v2\/comments?post=85076"}],"version-history":[{"count":0,"href":"https:\/\/linitiative.ca\/International\/wp-json\/wp\/v2\/posts\/85076\/revisions"}],"wp:attachment":[{"href":"https:\/\/linitiative.ca\/International\/wp-json\/wp\/v2\/media?parent=85076"}],"wp:term":[{"taxonomy":"category","embeddable":true,"href":"https:\/\/linitiative.ca\/International\/wp-json\/wp\/v2\/categories?post=85076"},{"taxonomy":"post_tag","embeddable":true,"href":"https:\/\/linitiative.ca\/International\/wp-json\/wp\/v2\/tags?post=85076"}],"curies":[{"name":"wp","href":"https:\/\/api.w.org\/{rel}","templated":true}]}}