{"id":85080,"date":"2020-05-11T13:26:55","date_gmt":"2020-05-11T17:26:55","guid":{"rendered":"https:\/\/linitiative.ca\/International\/covid-19-oriental-6-nouvelles-remissions-134-au-total\/"},"modified":"2020-05-11T13:26:55","modified_gmt":"2020-05-11T17:26:55","slug":"covid-19-oriental-6-nouvelles-remissions-134-au-total","status":"publish","type":"post","link":"https:\/\/linitiative.ca\/International\/covid-19-oriental-6-nouvelles-remissions-134-au-total\/","title":{"rendered":"Covid-19\/Oriental : 6 nouvelles r\u00e9missions, 134 au total"},"content":{"rendered":"<p class=\"c4\">Six cas suppl\u00e9mentaires de gu\u00e9rison du nouveau coronavirus (Covid-19) ont \u00e9t\u00e9 enregistr\u00e9s au niveau de la r\u00e9gion de l\u2019Oriental, portant le nombre des r\u00e9missions, \u00e0 la date du 11 mai \u00e0 16H00, \u00e0 134 sur un total de 176 cas d\u2019infection.<\/p>\n<p class=\"c4\">Les nouveaux cas de r\u00e9mission ont \u00e9t\u00e9 enregistr\u00e9s durant les 24 derni\u00e8res heures dans la province de Berkane (3 cas) et dans la pr\u00e9fecture d\u2019Oujda-Angad (3 cas), selon les donn\u00e9es de la direction r\u00e9gionale de la Sant\u00e9 relatives au bilan de l\u2019\u00e9volution de la pand\u00e9mie du Covid-19.<\/p>\n<p class=\"c4\">La r\u00e9partition g\u00e9ographique des 134 gu\u00e9risons r\u00e9v\u00e8le que la pr\u00e9fecture d\u2019Oujda-Angad compte le plus grand nombre de r\u00e9missions avec un total de 45, suivie des provinces de Berkane (34), Nador (32), Taourirt (08), Guercif (8), Driouch (06) et Figuig (01).<\/p>\n<p class=\"c4\">Concernant la r\u00e9partition des cas d\u2019infection au Covid-19 qui sont au nombre de 176 au total, la pr\u00e9fecture d\u2019Oujda-Angad figure en premi\u00e8re position avec 69 cas, contre 40 dans la province de Nador, 39 dans la province de Berkane et 10 \u00e0 Driouch.<\/p>\n<p class=\"c4\">La province de Taourirt enregistre quant \u00e0 elle 9 cas, contre 8 cas dans la province de Guercif, et un seul cas dans la province de Figuig, alors qu\u2019aucun cas n\u2019a \u00e9t\u00e9 enregistr\u00e9 jusqu\u2019\u00e0 pr\u00e9sent dans la province de Jerada.<\/p>\n<p class=\"c4\">Le nombre de d\u00e9c\u00e8s, huit au total, est rest\u00e9 quant \u00e0 lui inchang\u00e9 depuis plusieurs jours.<\/p>\n<p class=\"c4\">Au niveau national, Deux cent dix-huit (218) nouveaux cas d\u2019infection au coronavirus (Covid-19) ont \u00e9t\u00e9 confirm\u00e9s pendant les derni\u00e8res 24 heures, portant \u00e0 6.281 le nombre total des cas de contamination, a annonc\u00e9 lundi le minist\u00e8re de la Sant\u00e9.<\/p>\n<p class=\"c4\">Le nombre de personnes d\u00e9clar\u00e9es gu\u00e9ries s\u2019est \u00e9lev\u00e9, jusqu\u2019\u00e0 lundi \u00e0 16H00, \u00e0 2.811 avec 257 nouvelles r\u00e9missions, alors que le nombre des morts est rest\u00e9 stable \u00e0 188<\/p>\n<p>Auteur: Soufiane ELAHMAR<br \/>\n<a href=\"http:\/\/www.mapoujda.ma\/fr\/covid-19-oriental-6-nouvelles-remissions-134-au-total\/\">Cliquez ici pour lire l&rsquo;article depuis sa source.<\/a><\/p>\n","protected":false},"excerpt":{"rendered":"<p>Six cas suppl\u00e9mentaires de gu\u00e9rison du nouveau coronavirus (Covid-19) ont \u00e9t\u00e9 enregistr\u00e9s au niveau de la r\u00e9gion de l\u2019Oriental, portant le nombre des r\u00e9missions, \u00e0 la date du 11 mai \u00e0 16H00, \u00e0 134 sur un total de 176 cas d\u2019infection. Les nouveaux cas de r\u00e9mission ont \u00e9t\u00e9 enregistr\u00e9s durant les 24 derni\u00e8res heures dans [&hellip;]<\/p>\n","protected":false},"author":1788,"featured_media":0,"comment_status":"closed","ping_status":"closed","sticky":false,"template":"","format":"standard","meta":{"fifu_image_url":"","fifu_image_alt":"","footnotes":""},"categories":[54,76],"tags":[],"class_list":["post-85080","post","type-post","status-publish","format-standard","hentry","category-maroc","category-regions"],"_links":{"self":[{"href":"https:\/\/linitiative.ca\/International\/wp-json\/wp\/v2\/posts\/85080","targetHints":{"allow":["GET"]}}],"collection":[{"href":"https:\/\/linitiative.ca\/International\/wp-json\/wp\/v2\/posts"}],"about":[{"href":"https:\/\/linitiative.ca\/International\/wp-json\/wp\/v2\/types\/post"}],"author":[{"embeddable":true,"href":"https:\/\/linitiative.ca\/International\/wp-json\/wp\/v2\/users\/1788"}],"replies":[{"embeddable":true,"href":"https:\/\/linitiative.ca\/International\/wp-json\/wp\/v2\/comments?post=85080"}],"version-history":[{"count":0,"href":"https:\/\/linitiative.ca\/International\/wp-json\/wp\/v2\/posts\/85080\/revisions"}],"wp:attachment":[{"href":"https:\/\/linitiative.ca\/International\/wp-json\/wp\/v2\/media?parent=85080"}],"wp:term":[{"taxonomy":"category","embeddable":true,"href":"https:\/\/linitiative.ca\/International\/wp-json\/wp\/v2\/categories?post=85080"},{"taxonomy":"post_tag","embeddable":true,"href":"https:\/\/linitiative.ca\/International\/wp-json\/wp\/v2\/tags?post=85080"}],"curies":[{"name":"wp","href":"https:\/\/api.w.org\/{rel}","templated":true}]}}